{"id":502403,"date":"2024-01-21T17:43:52","date_gmt":"2024-01-21T21:43:52","guid":{"rendered":"https:\/\/diariodominicano.com\/?p=502403"},"modified":"2024-01-21T17:47:35","modified_gmt":"2024-01-21T21:47:35","slug":"ciudadanos-del-distrito-nacional-recibieron-con-alegria-a-carolina-mejia-en-caravana-en-la-circunscripcion-1","status":"publish","type":"post","link":"https:\/\/diariodominicano.com\/?p=502403","title":{"rendered":"Ciudadanos del Distrito Nacional recibieron con alegr\u00eda a Carolina Mej\u00eda en caravana en la circunscripci\u00f3n 1\u00a0(+ fotos)"},"content":{"rendered":"\n<p><strong>Santo Domingo D.N.- <\/strong>Carolina Mej\u00eda encabez\u00f3 una  caravana en el Distrito Nacional, acompa\u00f1ada de altos dirigentes del Partido Revolucionario Moderno  y la participaci\u00f3n de m\u00e1s de veinte partidos aliados.<\/p>\n\n\n\n<figure class=\"wp-block-image size-large\"><img loading=\"lazy\" decoding=\"async\" width=\"1024\" height=\"683\" src=\"https:\/\/diariodominicano.com\/wp-content\/uploads\/2024\/01\/IMG-20240120-WA0407-1024x683.jpg\" alt=\"\" class=\"wp-image-502406\" srcset=\"https:\/\/diariodominicano.com\/wp-content\/uploads\/2024\/01\/IMG-20240120-WA0407-1024x683.jpg 1024w, https:\/\/diariodominicano.com\/wp-content\/uploads\/2024\/01\/IMG-20240120-WA0407-300x200.jpg 300w, https:\/\/diariodominicano.com\/wp-content\/uploads\/2024\/01\/IMG-20240120-WA0407-768x512.jpg 768w, https:\/\/diariodominicano.com\/wp-content\/uploads\/2024\/01\/IMG-20240120-WA0407-1536x1024.jpg 1536w, https:\/\/diariodominicano.com\/wp-content\/uploads\/2024\/01\/IMG-20240120-WA0407-2048x1366.jpg 2048w, https:\/\/diariodominicano.com\/wp-content\/uploads\/2024\/01\/IMG-20240120-WA0407-816x544.jpg 816w\" sizes=\"auto, (max-width: 1024px) 100vw, 1024px\" \/><\/figure>\n\n\n\n<figure class=\"wp-block-image size-large\"><img loading=\"lazy\" decoding=\"async\" width=\"1024\" height=\"683\" src=\"https:\/\/diariodominicano.com\/wp-content\/uploads\/2024\/01\/IMG-20240120-WA0416-1024x683.jpg\" alt=\"\" class=\"wp-image-502408\" srcset=\"https:\/\/diariodominicano.com\/wp-content\/uploads\/2024\/01\/IMG-20240120-WA0416-1024x683.jpg 1024w, https:\/\/diariodominicano.com\/wp-content\/uploads\/2024\/01\/IMG-20240120-WA0416-300x200.jpg 300w, https:\/\/diariodominicano.com\/wp-content\/uploads\/2024\/01\/IMG-20240120-WA0416-768x512.jpg 768w, https:\/\/diariodominicano.com\/wp-content\/uploads\/2024\/01\/IMG-20240120-WA0416-1536x1024.jpg 1536w, https:\/\/diariodominicano.com\/wp-content\/uploads\/2024\/01\/IMG-20240120-WA0416-2048x1366.jpg 2048w, https:\/\/diariodominicano.com\/wp-content\/uploads\/2024\/01\/IMG-20240120-WA0416-816x544.jpg 816w\" sizes=\"auto, (max-width: 1024px) 100vw, 1024px\" \/><\/figure>\n\n\n\n<figure class=\"wp-block-image size-large\"><img loading=\"lazy\" decoding=\"async\" width=\"1024\" height=\"683\" src=\"https:\/\/diariodominicano.com\/wp-content\/uploads\/2024\/01\/IMG-20240120-WA0436-1024x683.jpg\" alt=\"\" class=\"wp-image-502409\" srcset=\"https:\/\/diariodominicano.com\/wp-content\/uploads\/2024\/01\/IMG-20240120-WA0436-1024x683.jpg 1024w, https:\/\/diariodominicano.com\/wp-content\/uploads\/2024\/01\/IMG-20240120-WA0436-300x200.jpg 300w, https:\/\/diariodominicano.com\/wp-content\/uploads\/2024\/01\/IMG-20240120-WA0436-768x512.jpg 768w, https:\/\/diariodominicano.com\/wp-content\/uploads\/2024\/01\/IMG-20240120-WA0436-1536x1024.jpg 1536w, https:\/\/diariodominicano.com\/wp-content\/uploads\/2024\/01\/IMG-20240120-WA0436-2048x1366.jpg 2048w, https:\/\/diariodominicano.com\/wp-content\/uploads\/2024\/01\/IMG-20240120-WA0436-816x544.jpg 816w\" sizes=\"auto, (max-width: 1024px) 100vw, 1024px\" \/><\/figure>\n\n\n\n<p>La caravana, que inici\u00f3 en la calle Cayetano Germos\u00e9n con avenida Italia , se convirti\u00f3 en un s\u00edmbolo de unidad y compromiso para la continuidad de Carolina Mej\u00eda al frente de la alcald\u00eda del Distrito Nacional.<\/p>\n\n\n\n<p>La caravana, atraves\u00f3 diferentes partes de la parte sur de esa demarcaci\u00f3n territorial y concluy\u00f3 en la calle independencia esquina San Gabriel donde fue recibida por cientos de ciudadanos como muestra fehaciente del respaldo a su gesti\u00f3n.<\/p>\n\n\n\n<figure class=\"wp-block-image size-large\"><img loading=\"lazy\" decoding=\"async\" width=\"1024\" height=\"683\" src=\"https:\/\/diariodominicano.com\/wp-content\/uploads\/2024\/01\/IMG-20240120-WA0410-1024x683.jpg\" alt=\"\" class=\"wp-image-502411\" srcset=\"https:\/\/diariodominicano.com\/wp-content\/uploads\/2024\/01\/IMG-20240120-WA0410-1024x683.jpg 1024w, https:\/\/diariodominicano.com\/wp-content\/uploads\/2024\/01\/IMG-20240120-WA0410-300x200.jpg 300w, https:\/\/diariodominicano.com\/wp-content\/uploads\/2024\/01\/IMG-20240120-WA0410-768x512.jpg 768w, https:\/\/diariodominicano.com\/wp-content\/uploads\/2024\/01\/IMG-20240120-WA0410-1536x1024.jpg 1536w, https:\/\/diariodominicano.com\/wp-content\/uploads\/2024\/01\/IMG-20240120-WA0410-2048x1366.jpg 2048w, https:\/\/diariodominicano.com\/wp-content\/uploads\/2024\/01\/IMG-20240120-WA0410-816x544.jpg 816w\" sizes=\"auto, (max-width: 1024px) 100vw, 1024px\" \/><\/figure>\n\n\n\n<figure class=\"wp-block-image size-large\"><img loading=\"lazy\" decoding=\"async\" width=\"1024\" height=\"683\" src=\"https:\/\/diariodominicano.com\/wp-content\/uploads\/2024\/01\/IMG-20240120-WA0445-1024x683.jpg\" alt=\"\" class=\"wp-image-502412\" srcset=\"https:\/\/diariodominicano.com\/wp-content\/uploads\/2024\/01\/IMG-20240120-WA0445-1024x683.jpg 1024w, https:\/\/diariodominicano.com\/wp-content\/uploads\/2024\/01\/IMG-20240120-WA0445-300x200.jpg 300w, https:\/\/diariodominicano.com\/wp-content\/uploads\/2024\/01\/IMG-20240120-WA0445-768x512.jpg 768w, https:\/\/diariodominicano.com\/wp-content\/uploads\/2024\/01\/IMG-20240120-WA0445-1536x1024.jpg 1536w, https:\/\/diariodominicano.com\/wp-content\/uploads\/2024\/01\/IMG-20240120-WA0445-2048x1366.jpg 2048w, https:\/\/diariodominicano.com\/wp-content\/uploads\/2024\/01\/IMG-20240120-WA0445-816x544.jpg 816w\" sizes=\"auto, (max-width: 1024px) 100vw, 1024px\" \/><\/figure>\n\n\n\n<p>Carolina Mej\u00eda agradeci\u00f3 los altos dirigentes que la acompa\u00f1aron,\u00a0 quienes seg\u00fan dijo, comparten la visi\u00f3n del gobierno del cambio y de la gesti\u00f3n de la ciudad para generar pol\u00edticas destinadas al progreso y bienestar de la ciudadan\u00eda, destacando temas clave como la recuperaci\u00f3n y creaci\u00f3n de espacios, el saneamiento de las ca\u00f1adas y la integraci\u00f3n de la comunidad al trabajo de la alcald\u00eda.<\/p>\n\n\n\n<p>Durante el recorrido, se generaron interacciones directas con los residentes locales, permitiendo a Carolina Mej\u00eda y a los altos dirigentes del partido conocer de cerca las preocupaciones y aspiraciones de la poblaci\u00f3n. Este ejercicio de proximidad refleja el compromiso de la l\u00edder pol\u00edtica y su equipo con la participaci\u00f3n ciudadana.<\/p>\n\n\n\n<p>Carolina Mej\u00eda expres\u00f3 su gratitud por la c\u00e1lida recepci\u00f3n y subray\u00f3 la importancia de trabajar de la mano con la comunidad para construir un futuro s\u00f3lido y pr\u00f3spero. Adem\u00e1s, resalt\u00f3 la necesidad de continuar fortaleciendo la democracia y fomentar el di\u00e1logo constructivo entre los diferentes sectores de la sociedad.<\/p>\n\n\n\n<p>La caravana concluy\u00f3 con un acto central en el cual Carolina Mej\u00eda reafirm\u00f3 su compromiso de trabajar incansablemente por el bienestar de los habitantes del Distrito Nacional. La presencia de altos dirigentes del partido subray\u00f3 la unidad y cohesi\u00f3n interna, elementos esenciales para abordar los desaf\u00edos y construir un camino hacia un futuro prometedor.<\/p>\n\n\n\n<p>Una nota informativa del equipo de prensa de Carolina Mej\u00eda destaca que entre los dirigentes nacionales y locales asistentes en la manifestaci\u00f3n est\u00e1n David Collado, Fellito Subervi, Eduardo Sanz Lovat\u00f3n, Alberto Atallah, Ito Bison\u00f3,, Welintong Grullon, Milton Morrison de Pa\u00eds Posible, Homero Gonzalez, Rolfi Rojas, regidores y candidatos a regidores y diputados, as\u00ed como otras importantes figuras del quehacer pol\u00edtico de la capital.<\/p>\n\n\n\n<p>Alfredo Garc\u00eda<\/p>\n\n\n\n<p><a href=\"mailto:r.activa@gmail.com\" target=\"_blank\" rel=\"noreferrer noopener\">r.activa@gmail.com<\/a><\/p>\n","protected":false},"excerpt":{"rendered":"<p>Santo Domingo D.N.- Carolina Mej\u00eda encabez\u00f3 una caravana en el Distrito Nacional, acompa\u00f1ada de altos dirigentes del Partido Revolucionario Moderno y la participaci\u00f3n de m\u00e1s de veinte partidos aliados. La caravana, que inici\u00f3 en la calle Cayetano Germos\u00e9n con avenida Italia , se convirti\u00f3 en un s\u00edmbolo de unidad y compromiso para la continuidad de [&hellip;]<\/p>\n","protected":false},"author":28,"featured_media":502404,"comment_status":"closed","ping_status":"","sticky":true,"template":"","format":"standard","meta":{"footnotes":""},"categories":[22,27],"tags":[],"class_list":["post-502403","post","type-post","status-publish","format-standard","has-post-thumbnail","hentry","category-politica","category-portada"],"_links":{"self":[{"href":"https:\/\/diariodominicano.com\/index.php?rest_route=\/wp\/v2\/posts\/502403","targetHints":{"allow":["GET"]}}],"collection":[{"href":"https:\/\/diariodominicano.com\/index.php?rest_route=\/wp\/v2\/posts"}],"about":[{"href":"https:\/\/diariodominicano.com\/index.php?rest_route=\/wp\/v2\/types\/post"}],"author":[{"embeddable":true,"href":"https:\/\/diariodominicano.com\/index.php?rest_route=\/wp\/v2\/users\/28"}],"replies":[{"embeddable":true,"href":"https:\/\/diariodominicano.com\/index.php?rest_route=%2Fwp%2Fv2%2Fcomments&post=502403"}],"version-history":[{"count":4,"href":"https:\/\/diariodominicano.com\/index.php?rest_route=\/wp\/v2\/posts\/502403\/revisions"}],"predecessor-version":[{"id":502413,"href":"https:\/\/diariodominicano.com\/index.php?rest_route=\/wp\/v2\/posts\/502403\/revisions\/502413"}],"wp:featuredmedia":[{"embeddable":true,"href":"https:\/\/diariodominicano.com\/index.php?rest_route=\/wp\/v2\/media\/502404"}],"wp:attachment":[{"href":"https:\/\/diariodominicano.com\/index.php?rest_route=%2Fwp%2Fv2%2Fmedia&parent=502403"}],"wp:term":[{"taxonomy":"category","embeddable":true,"href":"https:\/\/diariodominicano.com\/index.php?rest_route=%2Fwp%2Fv2%2Fcategories&post=502403"},{"taxonomy":"post_tag","embeddable":true,"href":"https:\/\/diariodominicano.com\/index.php?rest_route=%2Fwp%2Fv2%2Ftags&post=502403"}],"curies":[{"name":"wp","href":"https:\/\/api.w.org\/{rel}","templated":true}]}}