{"id":50240,"date":"2020-08-27T02:12:57","date_gmt":"2020-08-27T02:12:57","guid":{"rendered":"http:\/\/diariodominicano.ddns.net\/?p=50240"},"modified":"2020-08-27T02:12:57","modified_gmt":"2020-08-27T02:12:57","slug":"el-dia-que-espana-perdio-en-la-guerra-de-la-restauracion-al-comandante-salvador-arizon","status":"publish","type":"post","link":"https:\/\/diariodominicano.com\/?p=50240","title":{"rendered":"El d\u00eda que Espa\u00f1a perdi\u00f3 en la Guerra de la Restauraci\u00f3n al comandante Salvador Ariz\u00f3n"},"content":{"rendered":"<p><body><\/p>\n<p><strong><em>Diariodominicano.com<\/em><\/strong><\/p>\n<p><strong><em>Guerra de la Restauraci\u00f3n: <\/em><\/strong><\/p>\n<p><strong><em>Cae  el comandante del Ej\u00e9rcito espa\u00f1ol Salvador Ariz\u00f3n<\/em><\/strong><\/p>\n<p><strong><em>  Los militares espa\u00f1oles desembarcaron la media noche del d\u00eda  27 de agosto de 1863. El historiador Jos\u00e9 Gabriel Garc\u00eda refiere que de inmediato se lanzaron \u00abimpetuosas sobre las fuerzas restauradoras que ocupaban la plaza, las cuales resistieron con tenacidad procurando disputar palmo \u00e1 palmo el territorio que ocupaban; pero sus esfuerzos no le dieron el resultado apetecido y tuvieron que abandonarlo \u00e1 los invasores&#8230;\u00bb (sic)<\/em><\/strong><\/p>\n<p><strong><em>Por HTN<\/em><\/strong><\/p>\n<p><strong><em>Diariodominicano.com<\/em><\/strong><\/p>\n<p><strong><em>   PUERTO PLATA, el 27 de agosto de 1863<\/em><\/strong>, llegaron a Puerto Plata,  en el vapor \u00abIsabel  II\u00bb, los primeros refuerzos militares espa\u00f1oles que se sumaron a los anexionistas que luchaban contra los restauradores en la l\u00ednea Noroeste y en varios puntos de Rep\u00fablica Dominicana.   <\/p>\n<\/p>\n<p>   Ese mismo d\u00eda, fuerzas dominicanas comandadas por el general Gregorio Lora, secundado por Juan Nouesit, tomaron a Puerto Plata. En los enfrentamientos con los restauradores  fue herido de muerte el comandante de la expedici\u00f3n,  coronel Salvador Ariz\u00f3n. <\/p>\n<\/p>\n<p>    Los militares espa\u00f1oles desembarcaron la media noche del d\u00eda  27 de agosto de 1863. El historiador Jos\u00e9 Gabriel Garc\u00eda refiere que de inmediato se lanzaron \u00abimpetuosas sobre las fuerzas restauradoras que ocupaban la plaza, las cuales resistieron con tenacidad procurando disputar palmo \u00e1 palmo el territorio que ocupaban; pero sus esfuerzos no le dieron el resultado apetecido y tuvieron que abandonarlo \u00e1 los invasores&#8230;\u00bb (sic)<\/p>\n<\/p>\n<p>    Al llegar a Puerto Plata, la expedici\u00f3n espa\u00f1ola fue enfrentada por fuerzas restauradoras, pero por la superioridad num\u00e9rica y militar de los espa\u00f1oles, lograron retomar el control de la ciudad, pues  que recibieron el apoyo de una parte de su poblaci\u00f3n.<\/p>\n<\/p>\n<p>   En los enfrentamientos con los restauradores  fue herido de muerte el comandante de la expedici\u00f3n,  coronel Salvador Ariz\u00f3n. <\/p>\n<\/p>\n<p>La expedici\u00f3n  hab\u00eda salido  de Cuba, el 25 de agosto de 1863, por disposici\u00f3n del  Gobierno de la Colonia Espa\u00f1ola en la isla,  para reforzar a las fuerzas  militares del Gobierno de la Anexi\u00f3n en la Rep\u00fablica Dominicana.<\/p>\n<\/p>\n<h6> 2020-08-27 02:12:57 <\/h6>\n<p><!--\n<link rel=\"stylesheet\" href=\"css\/bootstrap.min.css\">\n\n\n<ul class=\"pagination\">\n\t    \n\t\n\n<li >\n\t<a href='?page_no=279'>Previous<\/a>\n\t<\/li>\n\n\n       \n    \n\n<li><a href='?page_no=1'>1<\/a><\/li>\n\n\n\n<li><a href='?page_no=2'>2<\/a><\/li>\n\n\n\n<li><a>...<\/a><\/li>\n\n\n\n<li><a href='?page_no=278'>278<\/a><\/li>\n\n\n\n<li><a href='?page_no=279'>279<\/a><\/li>\n\n\n\n<li class='active'><a>280<\/a><\/li>\n\n\n\n<li><a href='?page_no=281'>281<\/a><\/li>\n\n\n\n<li><a href='?page_no=282'>282<\/a><\/li>\n\n\n\n<li><a>...<\/a><\/li>\n\n\n\n<li><a href='?page_no=22911'>22911<\/a><\/li>\n\n\n\n<li><a href='?page_no=22912'>22912<\/a><\/li>\n\n    \n\t\n\n<li >\n\t<a href='?page_no=281'>Next<\/a>\n\t<\/li>\n\n\n    \n\n<li><a href='?page_no=22912'>Last &rsaquo;&rsaquo;<\/a><\/li>\n\n<\/ul>\n\n\n--><br \/>\n<\/body><\/p>\n","protected":false},"excerpt":{"rendered":"<p>Diariodominicano.com Guerra de la Restauraci\u00f3n: Cae el comandante del Ej\u00e9rcito espa\u00f1ol Salvador Ariz\u00f3n Los militares espa\u00f1oles desembarcaron la media noche del d\u00eda 27 de agosto de 1863. El historiador Jos\u00e9 Gabriel Garc\u00eda refiere que de inmediato se lanzaron \u00abimpetuosas sobre las fuerzas restauradoras que ocupaban la plaza, las cuales resistieron con tenacidad procurando disputar palmo [&hellip;]<\/p>\n","protected":false},"author":3,"featured_media":0,"comment_status":"open","ping_status":"open","sticky":false,"template":"","format":"standard","meta":{"footnotes":""},"categories":[21],"tags":[],"class_list":["post-50240","post","type-post","status-publish","format-standard","hentry","category-cultura"],"_links":{"self":[{"href":"https:\/\/diariodominicano.com\/index.php?rest_route=\/wp\/v2\/posts\/50240","targetHints":{"allow":["GET"]}}],"collection":[{"href":"https:\/\/diariodominicano.com\/index.php?rest_route=\/wp\/v2\/posts"}],"about":[{"href":"https:\/\/diariodominicano.com\/index.php?rest_route=\/wp\/v2\/types\/post"}],"author":[{"embeddable":true,"href":"https:\/\/diariodominicano.com\/index.php?rest_route=\/wp\/v2\/users\/3"}],"replies":[{"embeddable":true,"href":"https:\/\/diariodominicano.com\/index.php?rest_route=%2Fwp%2Fv2%2Fcomments&post=50240"}],"version-history":[{"count":0,"href":"https:\/\/diariodominicano.com\/index.php?rest_route=\/wp\/v2\/posts\/50240\/revisions"}],"wp:attachment":[{"href":"https:\/\/diariodominicano.com\/index.php?rest_route=%2Fwp%2Fv2%2Fmedia&parent=50240"}],"wp:term":[{"taxonomy":"category","embeddable":true,"href":"https:\/\/diariodominicano.com\/index.php?rest_route=%2Fwp%2Fv2%2Fcategories&post=50240"},{"taxonomy":"post_tag","embeddable":true,"href":"https:\/\/diariodominicano.com\/index.php?rest_route=%2Fwp%2Fv2%2Ftags&post=50240"}],"curies":[{"name":"wp","href":"https:\/\/api.w.org\/{rel}","templated":true}]}}