{"id":50239,"date":"2020-11-21T07:15:38","date_gmt":"2020-11-21T07:15:38","guid":{"rendered":"http:\/\/diariodominicano.ddns.net\/?p=50239"},"modified":"2020-11-21T07:15:38","modified_gmt":"2020-11-21T07:15:38","slug":"nace-manuel-de-regla-mota","status":"publish","type":"post","link":"https:\/\/diariodominicano.com\/?p=50239","title":{"rendered":"Nace Manuel de Regla Mota"},"content":{"rendered":"<p><body><\/p>\n<p><strong>Diariodominicano.com<\/strong><\/p>\n<p><strong>Nace Manuel de Regla Mota<\/strong><\/p>\n<p>El  26 de mayo de 1856, cuando se produjo la renuncia del  Presidente Santana, al perder   el apoyo de algunos colaboradores y aliados, Manuel de Regla Mota, fue la persona que ocup\u00f3 su lugar.<\/p>\n<p><strong>Por HTN<\/strong><\/p>\n<p><strong>Diariodominicano.com<\/strong><\/p>\n<p><strong>SANTO DOMINGO, el  21 de noviembre de 1795,<\/strong> naci\u00f3 en Ban\u00ed Manuel de Regla Mota, hijo de  Antonio Mota y Mar\u00eda Alvarez.<\/p>\n<\/p>\n<p>    De  joven se integr\u00f3 a las actividades p\u00fablicas. En  1844 ten\u00eda el rango de coronel en la milicia y se sum\u00f3 al Movimiento independentista.<\/p>\n<\/p>\n<p>    Manuel de Regla Mota lleg\u00f3 a ser  uno de los hombres de confianza del presidente  Pedro Santana. <\/p>\n<\/p>\n<p>El  26 de mayo de 1856, cuando se produjo la renuncia del  Presidente Santana, al perder   el apoyo de algunos colaboradores y aliados, Manuel de Regla Mota, fue la persona que ocup\u00f3 su lugar.<\/p>\n<\/p>\n<p>    Una versi\u00f3n de la \u00e9poca da cuenta de que la presi\u00f3n pol\u00edtica  y el abandono de sus amigos  impulsaron a Santana a dejar la Presidencia, por lo que asumi\u00f3 De Regla  Mota,  quien con el pa\u00eds arruinado a causa de la reciente guerra con Hait\u00ed,  y de las emisiones monetarias  sin respaldo que se hab\u00edan autorizado  para financiarlas, cay\u00f3 en una crisis econ\u00f3mica.<\/p>\n<\/p>\n<p>     Ante esa situaci\u00f3n, el Presidente De  Regla  Mota, entre sus primeras medidas  sac\u00f3 del Ej\u00e9rcito a una parte de los militares, pues  el Gobierno no ten\u00eda fondos para pagar los salarios.<\/p>\n<\/p>\n<p>    De esa manera, qued\u00f3 sin base militar. Esa realidad fue aprovechada por el c\u00f3nsul espa\u00f1ol   Antonio Mar\u00eda Segovia, quien se traslad\u00f3 a Saint Thomas, para  expresarle apoyo al exiliado ex Presidente Buenaventura B\u00e1ez, para que retornara al poder.<\/p>\n<\/p>\n<p>     Antonio Mar\u00eda Segovia hab\u00eda llegado a la Rep\u00fablica Dominicana, el 27 de Diciembre de 1855, en el momento que el pa\u00eds estaba en guerra contra Hait\u00ed, que cada cierto tiempo comet\u00eda agresiones contra Rep\u00fablica Dominicana.<\/p>\n<\/p>\n<p>      Desde el primer momento Antonio Mar\u00eda Segovia, intervino en los asuntos internos  para tratar de evitar que el Presidente  Santana llegara a un acuerdo con Estados Unidos, para cederle alg\u00fan punto del territorio nacional, y se hablaba de que pod\u00edan quedarse con la Bah\u00eda de Saman\u00e1.<\/p>\n<\/p>\n<p>B\u00e1ez  retorn\u00f3 al pa\u00eds y como fruto de un acuerdo con el Presidente Manuel de Regla Mota y sus aliados, fue nombrado vicepresidente para luego producir  la renuncia del Jefe del Estado y asumir el poder.<\/p>\n<\/p>\n<p>     Manuel de Regla Mota, como parte del acuerdo, declar\u00f3 una ley de amnist\u00eda para que adem\u00e1s de Buenaventura B\u00e1ez, regresaran al pa\u00eds todos sus seguidores que viv\u00edan en el exilio.<\/p>\n<\/p>\n<p>     El  6 de Octubre de 1856, el Presidente Manuel de Regla Mota, renunci\u00f3 a la Presidencia y entreg\u00f3 el poder a Buenaventura B\u00e1ez. <\/p>\n<\/p>\n<p>    En el a\u00f1o 1861 cuando el Presidente Pedro Santana anex\u00f3 el pa\u00eds a Espa\u00f1a, Manuel de Regla Mota figur\u00f3 entre los que apoyaron la iniciativa.<\/p>\n<\/p>\n<p>    A Manuel de Regla Mota como jefe Militar de Ban\u00ed, le toc\u00f3 izar la bandera espa\u00f1ola en esa comunidad. <\/p>\n<\/p>\n<p>    El pol\u00edtico y militar muri\u00f3 en el a\u00f1o 1864.<\/p>\n<\/p>\n<h6> 2020-11-21 07:15:38 <\/h6>\n<p><!--\n<link rel=\"stylesheet\" href=\"css\/bootstrap.min.css\">\n\n\n<ul class=\"pagination\">\n\t    \n\t\n\n<li >\n\t<a href='?page_no=27'>Previous<\/a>\n\t<\/li>\n\n\n       \n    \n\n<li><a href='?page_no=1'>1<\/a><\/li>\n\n\n\n<li><a href='?page_no=2'>2<\/a><\/li>\n\n\n\n<li><a>...<\/a><\/li>\n\n\n\n<li><a href='?page_no=26'>26<\/a><\/li>\n\n\n\n<li><a href='?page_no=27'>27<\/a><\/li>\n\n\n\n<li class='active'><a>28<\/a><\/li>\n\n\n\n<li><a href='?page_no=29'>29<\/a><\/li>\n\n\n\n<li><a href='?page_no=30'>30<\/a><\/li>\n\n\n\n<li><a>...<\/a><\/li>\n\n\n\n<li><a href='?page_no=22911'>22911<\/a><\/li>\n\n\n\n<li><a href='?page_no=22912'>22912<\/a><\/li>\n\n    \n\t\n\n<li >\n\t<a href='?page_no=29'>Next<\/a>\n\t<\/li>\n\n\n    \n\n<li><a href='?page_no=22912'>Last &rsaquo;&rsaquo;<\/a><\/li>\n\n<\/ul>\n\n\n--><br \/>\n<\/body><\/p>\n","protected":false},"excerpt":{"rendered":"<p>Diariodominicano.com Nace Manuel de Regla Mota El 26 de mayo de 1856, cuando se produjo la renuncia del Presidente Santana, al perder el apoyo de algunos colaboradores y aliados, Manuel de Regla Mota, fue la persona que ocup\u00f3 su lugar. Por HTN Diariodominicano.com SANTO DOMINGO, el 21 de noviembre de 1795, naci\u00f3 en Ban\u00ed Manuel [&hellip;]<\/p>\n","protected":false},"author":3,"featured_media":0,"comment_status":"open","ping_status":"open","sticky":false,"template":"","format":"standard","meta":{"footnotes":""},"categories":[21],"tags":[],"class_list":["post-50239","post","type-post","status-publish","format-standard","hentry","category-cultura"],"_links":{"self":[{"href":"https:\/\/diariodominicano.com\/index.php?rest_route=\/wp\/v2\/posts\/50239","targetHints":{"allow":["GET"]}}],"collection":[{"href":"https:\/\/diariodominicano.com\/index.php?rest_route=\/wp\/v2\/posts"}],"about":[{"href":"https:\/\/diariodominicano.com\/index.php?rest_route=\/wp\/v2\/types\/post"}],"author":[{"embeddable":true,"href":"https:\/\/diariodominicano.com\/index.php?rest_route=\/wp\/v2\/users\/3"}],"replies":[{"embeddable":true,"href":"https:\/\/diariodominicano.com\/index.php?rest_route=%2Fwp%2Fv2%2Fcomments&post=50239"}],"version-history":[{"count":0,"href":"https:\/\/diariodominicano.com\/index.php?rest_route=\/wp\/v2\/posts\/50239\/revisions"}],"wp:attachment":[{"href":"https:\/\/diariodominicano.com\/index.php?rest_route=%2Fwp%2Fv2%2Fmedia&parent=50239"}],"wp:term":[{"taxonomy":"category","embeddable":true,"href":"https:\/\/diariodominicano.com\/index.php?rest_route=%2Fwp%2Fv2%2Fcategories&post=50239"},{"taxonomy":"post_tag","embeddable":true,"href":"https:\/\/diariodominicano.com\/index.php?rest_route=%2Fwp%2Fv2%2Ftags&post=50239"}],"curies":[{"name":"wp","href":"https:\/\/api.w.org\/{rel}","templated":true}]}}