{"id":502354,"date":"2024-01-21T12:58:24","date_gmt":"2024-01-21T16:58:24","guid":{"rendered":"https:\/\/diariodominicano.com\/?p=502354"},"modified":"2024-01-21T12:58:24","modified_gmt":"2024-01-21T16:58:24","slug":"leonel-fernandez-en-las-municipales-rebotamos-porque-en-las-presidenciales-donqueamos","status":"publish","type":"post","link":"https:\/\/diariodominicano.com\/?p=502354","title":{"rendered":"Leonel Fern\u00e1ndez: \u201cEn las municipales rebotamos, porque en las presidenciales donqueamos\u00bb"},"content":{"rendered":"\n<p>Nagua, Mar\u00eda Trinidad S\u00e1nchez.- El candidato presidencial del partido Fuerza del Pueblo (FP), Leonel Fern\u00e1ndez, dijo en este municipio que la oposici\u00f3n llevar\u00e1 la delantera municipal, en febrero y, en mayo ganar\u00e1 la presidencia.<\/p>\n\n\n\n<p>El l\u00edder de la oposici\u00f3n pol\u00edtica dominicana, compar\u00f3 la coyuntura actual del pa\u00eds, con un partido de b\u00e1squetbol, asegurando que \u201cEn las municipales rebotamos, porque en las presidenciales donqueamos\u00bb.<\/p>\n\n\n\n<p>Leonel Fern\u00e1ndez, adem\u00e1s culp\u00f3 a este gobierno de insensible y falta de preocupaci\u00f3n para resolver los problemas fundamentales del pueblo. \u00abHa habido mucha insensibilidad, ha habido una falta de preocupaci\u00f3n por los problemas fundamentales de este pueblo\u00bb, expres\u00f3 mientras encabezaba una marcha caravana en el centro de esta ciudad, en la cual escuch\u00f3 algunas de las quejas de la gente, entre las que se cit\u00f3 la ausencia de agua potable en diferentes sectores.<\/p>\n\n\n\n<p>\u00abEn el a\u00f1o 2010 inauguramos la segunda etapa del acueducto m\u00faltiple de Nagua y, se supon\u00eda que con la inauguraci\u00f3n de ese acueducto, el tema del agua potable quedaba resuelto para esta comunidad. Hoy nos da una gran tristeza saber que muchos de ustedes tienen que estar comprando tanques de agua, lo que indica que en realidad hay una despreocupaci\u00f3n, hay una falta de solidaridad con un aspecto tan fundamental, como es el acceso al agua potable\u00bb, precis\u00f3 Fern\u00e1ndez, recordando que en una de sus gestiones inaugur\u00f3 la valiosa obra.<\/p>\n\n\n\n<p>El l\u00edder de la oposici\u00f3n pol\u00edtica se refiri\u00f3 adem\u00e1s a los problemas de los agricultores. \u00abHay quejas de los sectores productivos de Nagua, quejas de los productores de arroz, porque no se limpian los canales de riego, una cosa tan elemental como es limpiar los canales, no se est\u00e1 haciendo aqu\u00ed, afectando a los productores de arroz. Hay quejas de los consejos de regantes de que en Nagua no se est\u00e1 cumpliendo con eso, cosa que nosotros hac\u00edamos permanentemente y, por eso la producci\u00f3n arrocera creci\u00f3 y hubo progreso, hubo avance y hubo desarrollo aqu\u00ed en Nagua en lo que concierne a la producci\u00f3n arrocera\u00bb, precis\u00f3 Fern\u00e1ndez.<\/p>\n\n\n\n<p>La obra m\u00e1s esperada por la gente de Nagua ha sido el malec\u00f3n, de la cual dijo el l\u00edder pol\u00edtico. \u00abLa construcci\u00f3n del malec\u00f3n de Nagua, pens\u00e9 que a estas alturas eso estar\u00eda resuelto, pero ya yo s\u00e9 qu\u00e9 es lo que est\u00e1 pasando, nos lo est\u00e1n dejando a nosotros, a la Fuerza del Pueblo, para que lo terminemos tan pronto subamos las escalinatas del Palacio Nacional\u00bb, fueron sus palabras.<\/p>\n\n\n\n<p>Sobre el recorrido<\/p>\n\n\n\n<p>Leonel Fern\u00e1ndez recorri\u00f3 este s\u00e1bado la provincia Mar\u00eda Trinidad S\u00e1nchez, iniciando en el municipio de Nagua para presentar al candidato a la alcald\u00eda, Joel Veras.<\/p>\n\n\n\n<p>Luego de recorrer las calles de la ciudad junto al presidente de la Fuerza del Pueblo, el candidato a la alcald\u00eda de Nagua enumer\u00f3 las obras construidas en las gestiones gubernamentales de Fern\u00e1ndez, al que defini\u00f3 como: \u201cel hombre que transform\u00f3 el municipio, pre\u00f1\u00f3 el municipio de obras, construy\u00f3 escuelas, el acueducto m\u00faltiple, inici\u00f3 la construcci\u00f3n del malec\u00f3n y; el gobierno de Luis Abinader no lo ha terminado\u201d.<\/p>\n\n\n\n<p>Desde tempranas horas de la ma\u00f1ana cientos de personas comenzaron a congregarse en los alrededores de la ruta establecida por los organizadores de las actividades que promueven, tanto la candidatura a la presidencia de la Rep\u00fablica de Leonel Fern\u00e1ndez, como del candidato a la alcald\u00eda Joel Vera.<\/p>\n\n\n\n<p>La marcha caravana de los candidatos de la Fuerza Pueblo en el municipio cabecera de Mar\u00eda Trinidad S\u00e1nchez parti\u00f3 desde la calle Narciso Minaya, recorri\u00f3 la calle Progreso, una de las principales arterias comerciales de este pueblo costero, entre otros lugares de gran densidad poblacional e impacto social.<\/p>\n\n\n\n<p>Fern\u00e1ndez aprovech\u00f3 su estad\u00eda en Mar\u00eda Trinidad S\u00e1nchez para entrar en contacto con sectores pol\u00edticos, sociales, econ\u00f3micos y religiosos de esta provincia de la costa atl\u00e1ntica.<\/p>\n\n\n\n<p>El l\u00edder pol\u00edtico luego parti\u00f3 con rumbo al distrito municipal de Payita, donde present\u00f3 al candidato a director del distrito, Luis Manuel Acosta; el municipio de Cabrera, donde lo recibi\u00f3 el candidato a alcalde Gabino Fern\u00e1ndez y los simpatizantes de la Fuerza del Pueblo y partidos aliados; y R\u00edo San Juan, donde present\u00f3 al candidato a alcalde, Casimiro Silverio.<\/p>\n\n\n\n<p>Desde esta provincia la caravana del candidato presidencial de la Fuerza del Pueblo, Leonel Fern\u00e1ndez, se traslad\u00f3 al municipio de Sos\u00faa, Puerto Puerta, donde estar\u00e1 ofreciendo apoyo a los candidatos municipales tanto de FP como de las entidades aliadas en el Frente Opositor, Rescate RD, durante este domingo.<\/p>\n\n\n\n<p>Secretar\u00eda de Comunicaciones<br>Fuerza del Pueblo<\/p>\n","protected":false},"excerpt":{"rendered":"<p>Nagua, Mar\u00eda Trinidad S\u00e1nchez.- El candidato presidencial del partido Fuerza del Pueblo (FP), Leonel Fern\u00e1ndez, dijo en este municipio que la oposici\u00f3n llevar\u00e1 la delantera municipal, en febrero y, en mayo ganar\u00e1 la presidencia. El l\u00edder de la oposici\u00f3n pol\u00edtica dominicana, compar\u00f3 la coyuntura actual del pa\u00eds, con un partido de b\u00e1squetbol, asegurando que \u201cEn [&hellip;]<\/p>\n","protected":false},"author":7,"featured_media":502371,"comment_status":"closed","ping_status":"","sticky":true,"template":"","format":"standard","meta":{"footnotes":""},"categories":[22,27],"tags":[],"class_list":["post-502354","post","type-post","status-publish","format-standard","has-post-thumbnail","hentry","category-politica","category-portada"],"_links":{"self":[{"href":"https:\/\/diariodominicano.com\/index.php?rest_route=\/wp\/v2\/posts\/502354","targetHints":{"allow":["GET"]}}],"collection":[{"href":"https:\/\/diariodominicano.com\/index.php?rest_route=\/wp\/v2\/posts"}],"about":[{"href":"https:\/\/diariodominicano.com\/index.php?rest_route=\/wp\/v2\/types\/post"}],"author":[{"embeddable":true,"href":"https:\/\/diariodominicano.com\/index.php?rest_route=\/wp\/v2\/users\/7"}],"replies":[{"embeddable":true,"href":"https:\/\/diariodominicano.com\/index.php?rest_route=%2Fwp%2Fv2%2Fcomments&post=502354"}],"version-history":[{"count":1,"href":"https:\/\/diariodominicano.com\/index.php?rest_route=\/wp\/v2\/posts\/502354\/revisions"}],"predecessor-version":[{"id":502377,"href":"https:\/\/diariodominicano.com\/index.php?rest_route=\/wp\/v2\/posts\/502354\/revisions\/502377"}],"wp:featuredmedia":[{"embeddable":true,"href":"https:\/\/diariodominicano.com\/index.php?rest_route=\/wp\/v2\/media\/502371"}],"wp:attachment":[{"href":"https:\/\/diariodominicano.com\/index.php?rest_route=%2Fwp%2Fv2%2Fmedia&parent=502354"}],"wp:term":[{"taxonomy":"category","embeddable":true,"href":"https:\/\/diariodominicano.com\/index.php?rest_route=%2Fwp%2Fv2%2Fcategories&post=502354"},{"taxonomy":"post_tag","embeddable":true,"href":"https:\/\/diariodominicano.com\/index.php?rest_route=%2Fwp%2Fv2%2Ftags&post=502354"}],"curies":[{"name":"wp","href":"https:\/\/api.w.org\/{rel}","templated":true}]}}