{"id":502309,"date":"2024-01-21T00:43:29","date_gmt":"2024-01-21T04:43:29","guid":{"rendered":"https:\/\/diariodominicano.com\/?p=502309"},"modified":"2024-01-21T00:47:09","modified_gmt":"2024-01-21T04:47:09","slug":"fallecio-la-senadora-colombiana-piedad-cordoba-en-medellin","status":"publish","type":"post","link":"https:\/\/diariodominicano.com\/?p=502309","title":{"rendered":"Falleci\u00f3 la senadora colombiana Piedad C\u00f3rdoba en Medell\u00edn"},"content":{"rendered":"\n<figure class=\"wp-block-image size-full\"><img loading=\"lazy\" decoding=\"async\" width=\"1023\" height=\"575\" src=\"https:\/\/diariodominicano.com\/wp-content\/uploads\/2024\/01\/Piedad-Cordoba-00.jpg\" alt=\"\" class=\"wp-image-502312\" srcset=\"https:\/\/diariodominicano.com\/wp-content\/uploads\/2024\/01\/Piedad-Cordoba-00.jpg 1023w, https:\/\/diariodominicano.com\/wp-content\/uploads\/2024\/01\/Piedad-Cordoba-00-300x169.jpg 300w, https:\/\/diariodominicano.com\/wp-content\/uploads\/2024\/01\/Piedad-Cordoba-00-768x432.jpg 768w, https:\/\/diariodominicano.com\/wp-content\/uploads\/2024\/01\/Piedad-Cordoba-00-816x459.jpg 816w\" sizes=\"auto, (max-width: 1023px) 100vw, 1023px\" \/><\/figure>\n\n\n\n<p>ARCHIVO &#8211; La senadora opositora de Colombia Piedad C\u00f3rdoba habla con periodistas en Medell\u00edn, Colombia, el 24 de septiembre de 2009.<\/p>\n\n\n\n<p>enero 20, 2024<\/p>\n\n\n\n<ul class=\"wp-block-list\">\n<li><a href=\"https:\/\/www.vozdeamerica.com\/author\/voz-de-america-redaccion\/p_kym\">Voz de Am\u00e9rica &#8211; Redacci\u00f3n<\/a><\/li>\n<\/ul>\n\n\n\n<hr class=\"wp-block-separator has-alpha-channel-opacity\"\/>\n\n\n\n<p>Compartir<\/p>\n\n\n\n<ul class=\"wp-block-list\">\n<li><a href=\"https:\/\/facebook.com\/sharer.php?u=https%3a%2f%2fwww.vozdeamerica.com%2fa%2ffallecio-senadora-colombiana-piedad-cordoba-medellin%2f7448435.html\" target=\"_blank\" rel=\"noreferrer noopener\"><\/a><\/li>\n\n\n\n<li><a href=\"https:\/\/twitter.com\/share?url=https%3a%2f%2fwww.vozdeamerica.com%2fa%2ffallecio-senadora-colombiana-piedad-cordoba-medellin%2f7448435.html&amp;text=Falleci%c3%b3+la+senadora+colombiana+Piedad+C%c3%b3rdoba+en+Medell%c3%adn\" target=\"_blank\" rel=\"noreferrer noopener\"><\/a><\/li>\n\n\n\n<li><\/li>\n\n\n\n<li><a href=\"mailto:?body=https%3a%2f%2fwww.vozdeamerica.com%2fa%2ffallecio-senadora-colombiana-piedad-cordoba-medellin%2f7448435.html&amp;subject=Falleci%C3%B3%20la%20senadora%20colombiana%20Piedad%20C%C3%B3rdoba%20en%20Medell%C3%ADn\"><\/a><\/li>\n<\/ul>\n\n\n\n<p><a href=\"https:\/\/www.vozdeamerica.com\/a\/fallecio-senadora-colombiana-piedad-cordoba-medellin\/7448435.html#comments\">&nbsp;Vea comentarios<\/a><\/p>\n\n\n\n<p>&nbsp;Print<\/p>\n\n\n\n<p>Falleci\u00f3 la senadora Piedad C\u00f3rdoba, del Pacto Hist\u00f3rico, como consecuencia de un infarto, seg\u00fan medios locales.<\/p>\n\n\n\n<p>La senadora Piedad C\u00f3rdoba, una de las figuras pol\u00edticas con mayor trayectoria en la historia del parlamento colombiano y senadora del partido Pacto Hist\u00f3rico, falleci\u00f3 este s\u00e1bado en Medell\u00edn.<\/p>\n\n\n\n<p>El presidente Gustavo Petro&nbsp;<strong><em><a href=\"https:\/\/twitter.com\/petrogustavo\/status\/1748780799267127314\" target=\"_blank\" rel=\"noreferrer noopener\">reaccion\u00f3 a la noticia<\/a><\/em><\/strong>, a trav\u00e9s de su cuenta de X (antes Twitter), en un mensaje en el que afirm\u00f3 que C\u00f3rdoba \u00abfue una mujer golpeada por un \u00e9poca y una sociedad que luch\u00f3 toda su vida madura por una sociedad m\u00e1s democr\u00e1tica\u00bb.<\/p>\n\n\n\n<p>Se\u00f1al\u00f3 que \u00absu cuerpo y su mente no resistieron la presi\u00f3n de una sociedad anacr\u00f3nica, que aplaud\u00eda los ajustamientos de j\u00f3venes, que odiaba el di\u00e1logo y la paz, que odiaba a los negros, a los ind\u00edgenas y a los pobres, que la trataba como una criminal\u00bb .<\/p>\n\n\n\n<p>\u00abUn procurador fascista la expuls\u00f3 del senado y se burl\u00f3 de sus electores, quise resarcir el da\u00f1o y ayud\u00e9 a que hiciera parte de la lista del Pacto Hist\u00f3rico, sent\u00ed que lo merec\u00eda. Como congresista la conoc\u00ed y como senadora muri\u00f3. Una verdadera liberal ha muerto\u00bb, agreg\u00f3 el mandatario.<\/p>\n\n\n\n<p><a href=\"https:\/\/www.vozdeamerica.com\/a\/hermano-senadora-colombiana-se-declara-culpable-nueva-york-cargo-narcotrafico\/7424931.html\"><\/a><\/p>\n\n\n\n<p><a href=\"https:\/\/www.vozdeamerica.com\/a\/hermano-senadora-colombiana-se-declara-culpable-nueva-york-cargo-narcotrafico\/7424931.html\">TAMBI\u00c9N LEA<\/a><\/p>\n\n\n\n<h4 class=\"wp-block-heading\"><a href=\"https:\/\/www.vozdeamerica.com\/a\/hermano-senadora-colombiana-se-declara-culpable-nueva-york-cargo-narcotrafico\/7424931.html\">Hermano de senadora colombiana se declara culpable en Nueva York de cargo de narcotr\u00e1fico<\/a><\/h4>\n\n\n\n<p>Medios locales han se\u00f1alado que la legisladora, de 68 a\u00f1os, fue encontrada por sus escoltas en su apartamento, con se\u00f1ales visibles de problemas de salud, raz\u00f3n por la cual fue trasladada a una cl\u00ednica, donde, seg\u00fan la prensa, muri\u00f3 de manera natural.<\/p>\n\n\n\n<p>Durante su carrera pol\u00edtica, se desempe\u00f1\u00f3 como edil, concejal, diputada, representante a la C\u00e1mara de Representantes y senadora.<\/p>\n\n\n\n<p>Piedad C\u00f3rdoba milit\u00f3, mayoritariamente en el Partido Liberal y fue una figura reconocida por su trabajo en la liberaci\u00f3n de polic\u00edas secuestrados por las extintas Fuerzas Revolucionarias de Colombia (FARC). Tambi\u00e9n fue foco de pol\u00e9micas y acusaciones por su presunta cercan\u00eda con el expresidente de Venezuela, Hugo Ch\u00e1vez, entre otros esc\u00e1ndalos judiciales.<\/p>\n","protected":false},"excerpt":{"rendered":"<p>ARCHIVO &#8211; La senadora opositora de Colombia Piedad C\u00f3rdoba habla con periodistas en Medell\u00edn, Colombia, el 24 de septiembre de 2009. enero 20, 2024 Compartir &nbsp;Vea comentarios &nbsp;Print Falleci\u00f3 la senadora Piedad C\u00f3rdoba, del Pacto Hist\u00f3rico, como consecuencia de un infarto, seg\u00fan medios locales. La senadora Piedad C\u00f3rdoba, una de las figuras pol\u00edticas con mayor [&hellip;]<\/p>\n","protected":false},"author":28,"featured_media":0,"comment_status":"closed","ping_status":"","sticky":false,"template":"","format":"standard","meta":{"footnotes":""},"categories":[26,23],"tags":[],"class_list":["post-502309","post","type-post","status-publish","format-standard","hentry","category-efemerides","category-internacional"],"_links":{"self":[{"href":"https:\/\/diariodominicano.com\/index.php?rest_route=\/wp\/v2\/posts\/502309","targetHints":{"allow":["GET"]}}],"collection":[{"href":"https:\/\/diariodominicano.com\/index.php?rest_route=\/wp\/v2\/posts"}],"about":[{"href":"https:\/\/diariodominicano.com\/index.php?rest_route=\/wp\/v2\/types\/post"}],"author":[{"embeddable":true,"href":"https:\/\/diariodominicano.com\/index.php?rest_route=\/wp\/v2\/users\/28"}],"replies":[{"embeddable":true,"href":"https:\/\/diariodominicano.com\/index.php?rest_route=%2Fwp%2Fv2%2Fcomments&post=502309"}],"version-history":[{"count":3,"href":"https:\/\/diariodominicano.com\/index.php?rest_route=\/wp\/v2\/posts\/502309\/revisions"}],"predecessor-version":[{"id":502313,"href":"https:\/\/diariodominicano.com\/index.php?rest_route=\/wp\/v2\/posts\/502309\/revisions\/502313"}],"wp:attachment":[{"href":"https:\/\/diariodominicano.com\/index.php?rest_route=%2Fwp%2Fv2%2Fmedia&parent=502309"}],"wp:term":[{"taxonomy":"category","embeddable":true,"href":"https:\/\/diariodominicano.com\/index.php?rest_route=%2Fwp%2Fv2%2Fcategories&post=502309"},{"taxonomy":"post_tag","embeddable":true,"href":"https:\/\/diariodominicano.com\/index.php?rest_route=%2Fwp%2Fv2%2Ftags&post=502309"}],"curies":[{"name":"wp","href":"https:\/\/api.w.org\/{rel}","templated":true}]}}