{"id":502305,"date":"2024-01-21T00:38:42","date_gmt":"2024-01-21T04:38:42","guid":{"rendered":"https:\/\/diariodominicano.com\/?p=502305"},"modified":"2024-01-21T00:39:01","modified_gmt":"2024-01-21T04:39:01","slug":"mexico-elegira-a-su-primera-mujer-presidenta-continuara-el-oficialismo-o-se-alzara-la-oposicion","status":"publish","type":"post","link":"https:\/\/diariodominicano.com\/?p=502305","title":{"rendered":"M\u00e9xico elegir\u00e1 a su primera mujer presidenta: \u00bfcontinuar\u00e1 el oficialismo o se alzar\u00e1 la oposici\u00f3n?"},"content":{"rendered":"\n<p>ARCHIVO &#8211; La gente aplaude mientras escucha a la exalcaldesa Claudia Sheinbaum en un mitin de cierre de campa\u00f1a para su candidatura presidencial para representar al partido gobernante MORENA, en la Ciudad de M\u00e9xico, el 26 de agosto de 2023.<\/p>\n\n\n\n<p>enero 20, 2024<\/p>\n\n\n\n<ul class=\"wp-block-list\">\n<li><a href=\"https:\/\/www.vozdeamerica.com\/author\/salome-ramirez-vargas\/qu_vo\">Salom\u00e9 Ram\u00edrez Vargas<\/a><\/li>\n<\/ul>\n\n\n\n<hr class=\"wp-block-separator has-alpha-channel-opacity\"\/>\n\n\n\n<p>Compartir<\/p>\n\n\n\n<ul class=\"wp-block-list\">\n<li><a href=\"https:\/\/facebook.com\/sharer.php?u=https%3a%2f%2fwww.vozdeamerica.com%2fa%2fmexico-elegira-primera-mujer-presidenta-candidatas-2024-xochitl-galvez-claudia-sheinbaum%2f7447296.html\" target=\"_blank\" rel=\"noreferrer noopener\"><\/a><\/li>\n\n\n\n<li><a href=\"https:\/\/twitter.com\/share?url=https%3a%2f%2fwww.vozdeamerica.com%2fa%2fmexico-elegira-primera-mujer-presidenta-candidatas-2024-xochitl-galvez-claudia-sheinbaum%2f7447296.html&amp;text=M%c3%a9xico+elegir%c3%a1+a+su+primera+mujer+presidenta%3a+%c2%bfcontinuar%c3%a1+el+oficialismo+o+se+alzar%c3%a1+la+oposici%c3%b3n%3f\" target=\"_blank\" rel=\"noreferrer noopener\"><\/a><\/li>\n\n\n\n<li><\/li>\n\n\n\n<li><a href=\"mailto:?body=https%3a%2f%2fwww.vozdeamerica.com%2fa%2fmexico-elegira-primera-mujer-presidenta-candidatas-2024-xochitl-galvez-claudia-sheinbaum%2f7447296.html&amp;subject=M%C3%A9xico%20elegir%C3%A1%20a%20su%20primera%20mujer%20presidenta:%20%C2%BFcontinuar%C3%A1%20el%20oficialismo%20o%20se%20alzar%C3%A1%20la%20oposici%C3%B3n?\"><\/a><\/li>\n<\/ul>\n\n\n\n<p><a href=\"https:\/\/www.vozdeamerica.com\/a\/mexico-elegira-primera-mujer-presidenta-candidatas-2024-xochitl-galvez-claudia-sheinbaum\/7447296.html#comments\">&nbsp;Vea comentarios<\/a><\/p>\n\n\n\n<p>&nbsp;Print<\/p>\n\n\n\n<p>En junio los mexicanos elegir\u00e1n por primera vez a una mujer presidenta. Ambas candidatas se enfrentan a retos como la violencia armada, intervenci\u00f3n gubernamental y erosi\u00f3n de las entidades democr\u00e1ticas, aseguran expertos. Los j\u00f3venes tendr\u00e1n una influencia particular en estos comicios.<\/p>\n\n\n\n<p>WASHINGTON \u2014&nbsp;<\/p>\n\n\n\n<p>En menos de cinco meses, los mexicanos ir\u00e1n a las urnas para escoger a su primera mujer presidenta: la oficialista Claudia Sheinbaum o la opositora X\u00f3chitl G\u00e1lvez.<\/p>\n\n\n\n<p>Los analistas estiman que la carrera estar\u00e1 marcada por la capacidad del actual presidente Andr\u00e9s Manuel L\u00f3pez Obrador de lograr la continuidad de su gobierno a trav\u00e9s de Sheinbaum o de la oposici\u00f3n en ofrecer una nueva propuesta.<\/p>\n\n\n\n<p>Adem\u00e1s de la presidencia, quedar\u00e1n definidos las gobernaturas en nueve estados, junto a los puestos de 500 diputados y de 128 senadores. El Instituto Nacional Electoral de M\u00e9xico (INE) estima que hay m\u00e1s de 99 millones de personas habilitadas para votar.<\/p>\n\n\n\n<p>\u00abPara nosotros en M\u00e9xico esta es la elecci\u00f3n m\u00e1s trascendental en los \u00faltimos 27 a\u00f1os\u00bb, dijo Ver\u00f3nica Ortiz, analista pol\u00edtica en El Heraldo de M\u00e9xico, durante un evento convocado por el Wilson Center en Washington el jueves. \u00abTenemos una gran cantidad de cargos p\u00fablicos en disputa\u00bb, agreg\u00f3.<\/p>\n\n\n\n<p>Ortiz detall\u00f3 que, tanto Sheinbaum como G\u00e1lvez, deber\u00e1n hacer frente a retos como el crimen organizado y el alto n\u00famero de homicidios. Durante el sexenio de L\u00f3pez Obrador, el Sistema Nacional de Seguridad P\u00fablica ha registrado m\u00e1s de 161.518 homicidios, m\u00e1s que en cualquier otro mandato.<\/p>\n\n\n\n<p><a href=\"https:\/\/www.vozdeamerica.com\/a\/mexico-postura-neutral-guerra-israel-hamas\/7447321.html\"><\/a><\/p>\n\n\n\n<p><a href=\"https:\/\/www.vozdeamerica.com\/a\/mexico-postura-neutral-guerra-israel-hamas\/7447321.html\">TAMBI\u00c9N LEA<\/a><\/p>\n\n\n\n<h4 class=\"wp-block-heading\"><a href=\"https:\/\/www.vozdeamerica.com\/a\/mexico-postura-neutral-guerra-israel-hamas\/7447321.html\">M\u00e9xico ratifica postura neutral en la guerra Israel-Ham\u00e1s tras acci\u00f3n en CPI<\/a><\/h4>\n\n\n\n<p>Un reto adicional, agreg\u00f3, ser\u00e1 la \u00aberosi\u00f3n en las instituciones democr\u00e1ticas\u00bb, especialmente el Tribunal Electoral que se mantiene incompleto con cinco de los siete integrantes, debido a que el Senado no ha pasado nuevos nombramientos.<\/p>\n\n\n\n<p>\u00abLa oposici\u00f3n est\u00e1 luchando entre ser anti AMLO (L\u00f3pez Obrador) o post AMLO. Es decir, aceptar que el periodo de L\u00f3pez Obrador termin\u00f3 y no estar\u00e1 en la boleta, y proponer qu\u00e9 vendr\u00e1 despu\u00e9s. No creo que eso est\u00e9 muy definido a\u00fan\u00bb, apunt\u00f3 por su parte Carlos Bravo Regidor, analista pol\u00edtico mexicano.<br><br>Por otro lado, Bravo Regidor detalla que L\u00f3pez Obrador \u00abtuvo \u00e9xito no solo en que su persona favorita se convirtiera en la candidata de su partido, sino en que fuera competitiva y se convirtiera, al d\u00eda de hoy, en la ganadora m\u00e1s probable\u00bb.<\/p>\n\n\n\n<p>Sheinbaum, agreg\u00f3, se ha encargado de \u00abpersonificar el apetito por continuidad que las personas quieren ver\u00bb. Sus prioridades ser\u00edan los programas sociales y la agenda de transformaci\u00f3n social.<\/p>\n\n\n\n<p>Sin embargo, la exalcaldesa de Ciudad de M\u00e9xico se enfrenta a una \u00abchaqueta de fuerza\u00bb al \u00abno poder reconocer los malos resultados que ha tenido el gobierno actual y proponer correcciones\u00bb porque estar\u00eda criticando su propuesta de continuidad.<\/p>\n\n\n\n<p><a href=\"https:\/\/www.vozdeamerica.com\/a\/eeuu-busca-mejor-gestion-migracion-reunion-clave-mexico-\/7446461.html\"><\/a><\/p>\n\n\n\n<p><a href=\"https:\/\/www.vozdeamerica.com\/a\/eeuu-busca-mejor-gestion-migracion-reunion-clave-mexico-\/7446461.html\">TAMBI\u00c9N LEA<\/a><\/p>\n\n\n\n<h4 class=\"wp-block-heading\"><a href=\"https:\/\/www.vozdeamerica.com\/a\/eeuu-busca-mejor-gestion-migracion-reunion-clave-mexico-\/7446461.html\">EEUU y M\u00e9xico se citan en Washington para abordar la cuesti\u00f3n migratoria<\/a><\/h4>\n\n\n\n<p>G\u00e1lvez, en cambio, buscar\u00e1 poner en el centro de su campa\u00f1a asuntos relacionados a la salud, la violencia y la corrupci\u00f3n.<\/p>\n\n\n\n<p>Alejandro Moreno, director de opini\u00f3n p\u00fablica de El Financiero y tambi\u00e9n miembro del Wilson Center, detall\u00f3 que esto \u00abes m\u00e1s un discurso por la reelecci\u00f3n de L\u00f3pez Obrador, que no puede ser reelegido\u00bb.<\/p>\n\n\n\n<h3 class=\"wp-block-heading\">Los j\u00f3venes tendr\u00e1n un rol trascendental<\/h3>\n\n\n\n<p>Para Ortiz, el pensar que esto pueda ser una \u00abcampa\u00f1a de reelecci\u00f3n env\u00eda escalofr\u00edos por nuestras columnas porque es exactamente lo que los votantes mayores de 30 a\u00f1os no quieren ver\u00bb. La analista hizo referencia a los 71 a\u00f1os que pas\u00f3 en el poder el Partido Revolucionario Institucional desde 1946 y que termin\u00f3 con la elecci\u00f3n de Vicente Fox del conservador partido de Acci\u00f3n Nacional (PAN).<\/p>\n\n\n\n<p>Moreno, por otro lado, apunt\u00f3 que la juventud tendr\u00e1 un rol trascendental en las elecciones. Especialmente por la presencia en las redes sociales.<\/p>\n\n\n\n<p>En M\u00e9xico, alrededor de 4 millones de votantes est\u00e1n entre los 18 y 19 a\u00f1os, 11 millones m\u00e1s entre los 20 y 24 a\u00f1os, 11 millones adicionales entre los 25 y 29 a\u00f1os y m\u00e1s de 26 millones en sus 30 a\u00f1os.<\/p>\n\n\n\n<p>\u00abEste es el tipo de electorado de la era digital del que sabemos muy poco&#8230; vamos a ver una campa\u00f1a digital de maneras muy interesantes que impresionar\u00e1n a estos votantes, y creo que es algo a lo que hay que prestar atenci\u00f3n, porque vamos a ver nuevas formas de comunicaci\u00f3n pol\u00edtica\u00bb, dijo Moreno.<\/p>\n\n\n\n<p><a href=\"https:\/\/www.vozdeamerica.com\/a\/letal-inicio-de-anio-en-comunidad-trans-en-mexico-al-menos-tres-asesinados-en-lo-que-va-de-2024\/7443658.html\"><\/a><\/p>\n\n\n\n<p><a href=\"https:\/\/www.vozdeamerica.com\/a\/letal-inicio-de-anio-en-comunidad-trans-en-mexico-al-menos-tres-asesinados-en-lo-que-va-de-2024\/7443658.html\">TAMBI\u00c9N LEA<\/a><\/p>\n\n\n\n<h4 class=\"wp-block-heading\"><a href=\"https:\/\/www.vozdeamerica.com\/a\/letal-inicio-de-anio-en-comunidad-trans-en-mexico-al-menos-tres-asesinados-en-lo-que-va-de-2024\/7443658.html\">Letal inicio de a\u00f1o en la comunidad trans en M\u00e9xico: al menos tres asesinados en lo que va de 2024<\/a><\/h4>\n\n\n\n<h3 class=\"wp-block-heading\">\u00bfC\u00f3mo se proyecta la carrera?<\/h3>\n\n\n\n<p>La precampa\u00f1a en M\u00e9xico termin\u00f3 el jueves y Sheinbaum se mantuvo durante esta etapa con una s\u00f3lida ventaja de alrededor de 20 puntos sobre G\u00e1lvez, quien a pesar de las simpat\u00edas que despert\u00f3 en los meses previos al proceso y que llevaron a los analistas a identificarla como un \u201cfen\u00f3meno pol\u00edtico\u201d, no logr\u00f3 levantar en las encuestas y acercarse a la candidata del partido gobernante Morena.<\/p>\n\n\n\n<p>G\u00e1lvez representa a la coalici\u00f3n opositora Fuerza y Coraz\u00f3n Por M\u00e9xico, integrada por los partidos Revolucionario Institucional (PRI), Acci\u00f3n Nacional (PAN) y de la Revoluci\u00f3n Democr\u00e1tica (PRD).<\/p>\n\n\n\n<p>El \u00fanico cambio que se dio en la precampa\u00f1a fue la entrada de un nuevo actor: el opositor Jorge \u00c1lvarez M\u00e1ynez que asumi\u00f3 a inicios de este mes la candidatura presidencial del partido minoritario Movimiento Ciudadano tras el retiro de Samuel Garc\u00eda, gobernador del estado norte\u00f1o de Nuevo Le\u00f3n, que abandon\u00f3 la contienda tras una pugna con adversarios locales.<\/p>\n\n\n\n<p>Sobre el impacto que tendr\u00e1 en las elecciones presidenciales la candidatura de \u00c1lvarez M\u00e1ynez, de 38 a\u00f1os, los analistas coinciden en que la incidencia ser\u00e1 muy marginal debido a que es un desconocido en la pol\u00edtica local y entr\u00f3 muy tarde al proceso.<\/p>\n\n\n\n<p>Esto, entonces, dejar\u00eda a M\u00e9xico con su primera mujer presidenta. Sin embargo, los analistas apuntan que el \u00abasunto del g\u00e9nero\u00bb no ha sido foco durante la campa\u00f1a de ambas candidatas.<\/p>\n\n\n\n<p>\u00abNinguna de las dos son parte del movimiento feminista de ninguna manera significativa&#8230; Creo que Claudia no hablar\u00e1 mucho de la violencia contra la mujer o general porque tiene muy poco que ganar&#8230; mientras X\u00f3chitl podr\u00eda empujar m\u00e1s ese debate\u00bb, dijo Bravo Regidor.<\/p>\n\n\n\n<p><a href=\"https:\/\/www.vozdeamerica.com\/a\/mexico-elecciones-presidenciales-de-2024-no-tendran-candidatos-independientes\/7430993.html\"><\/a><\/p>\n\n\n\n<p><a href=\"https:\/\/www.vozdeamerica.com\/a\/mexico-elecciones-presidenciales-de-2024-no-tendran-candidatos-independientes\/7430993.html\">TAMBI\u00c9N LEA<\/a><\/p>\n\n\n\n<h4 class=\"wp-block-heading\"><a href=\"https:\/\/www.vozdeamerica.com\/a\/mexico-elecciones-presidenciales-de-2024-no-tendran-candidatos-independientes\/7430993.html\">M\u00e9xico: Elecciones presidenciales de 2024 no tendr\u00e1n candidatos independientes<\/a><\/h4>\n\n\n\n<h3 class=\"wp-block-heading\">L\u00f3pez Obrador en el centro de la discusi\u00f3n<\/h3>\n\n\n\n<p>\u00abLa pregunta principal es: \u00bfqu\u00e9 ser\u00e1 la fuerza detr\u00e1s de la elecci\u00f3n de los votantes? \u00bfser\u00e1n los partidos, las identidades personales o la aprobaci\u00f3n presidencial\u00bb, cuestion\u00f3 Jorge Buend\u00eda, miembro del Wilson Center y experto en encuestas.<\/p>\n\n\n\n<p>El 5 de febrero, L\u00f3pez Obrador presentar\u00e1 un paquete de reformas a la Constituci\u00f3n, que seg\u00fan los analistas, hace parte de su esfuerzo por mantenerse al frente de la conversaci\u00f3n en el periodo electoral.<\/p>\n\n\n\n<p>Est\u00e1 previsto que la campa\u00f1a electoral inicie el 1 de marzo, un mes despu\u00e9s de que el mandatario presente las iniciativas de cambios constitucionales, que tocan \u00e1reas clave como el poder judicial y el sistema electoral, y temas sensibles como los salarios y las pensiones.<\/p>\n\n\n\n<p>\u00abEl presidente a\u00fan est\u00e1 en el foco, a\u00fan est\u00e1 tomando decisiones importantes, y eso probablemente pondr\u00e1 l\u00edmites en el pr\u00f3ximo gobierno\u00bb, apunt\u00f3 Buend\u00eda. \u00abEsto es completamente opuesto a lo que ha pasado antes cuando el presidente se retira del centro de atenci\u00f3n y los candidatos toman la tarima principal\u00bb.<\/p>\n\n\n\n<p>Las reformas judicial y electoral coinciden con dos de los principales frentes abiertos contra la oposici\u00f3n por parte de L\u00f3pez Obrador, que tilda de corrupta a la c\u00fapula de jueces del pa\u00eds y que en el pasado denunci\u00f3 dos veces fraude del \u00e1rbitro de los comicios tras perder las presidenciales de 2006 y 2014.<\/p>\n\n\n\n<p>En el caso de las pensiones, el mandatario anunci\u00f3 que busca que los trabajadores perciban lo mismo cuando se jubilen que cuando estaban en activo, sin explicar c\u00f3mo. En el \u00e1rea laboral, su plan es que el salario m\u00ednimo se suba anualmente por encima de la inflaci\u00f3n para proteger a las capas sociales con menos recursos, sus principales votantes.<\/p>\n\n\n\n<p><em>[Con informaci\u00f3n de The Associated Press y Reuters]<\/em><\/p>\n","protected":false},"excerpt":{"rendered":"<p>ARCHIVO &#8211; La gente aplaude mientras escucha a la exalcaldesa Claudia Sheinbaum en un mitin de cierre de campa\u00f1a para su candidatura presidencial para representar al partido gobernante MORENA, en la Ciudad de M\u00e9xico, el 26 de agosto de 2023. enero 20, 2024 Compartir &nbsp;Vea comentarios &nbsp;Print En junio los mexicanos elegir\u00e1n por primera vez [&hellip;]<\/p>\n","protected":false},"author":28,"featured_media":502306,"comment_status":"closed","ping_status":"","sticky":true,"template":"","format":"standard","meta":{"footnotes":""},"categories":[36,23,22,27],"tags":[],"class_list":["post-502305","post","type-post","status-publish","format-standard","has-post-thumbnail","hentry","category-hombresmujeresycosas","category-internacional","category-politica","category-portada"],"_links":{"self":[{"href":"https:\/\/diariodominicano.com\/index.php?rest_route=\/wp\/v2\/posts\/502305","targetHints":{"allow":["GET"]}}],"collection":[{"href":"https:\/\/diariodominicano.com\/index.php?rest_route=\/wp\/v2\/posts"}],"about":[{"href":"https:\/\/diariodominicano.com\/index.php?rest_route=\/wp\/v2\/types\/post"}],"author":[{"embeddable":true,"href":"https:\/\/diariodominicano.com\/index.php?rest_route=\/wp\/v2\/users\/28"}],"replies":[{"embeddable":true,"href":"https:\/\/diariodominicano.com\/index.php?rest_route=%2Fwp%2Fv2%2Fcomments&post=502305"}],"version-history":[{"count":2,"href":"https:\/\/diariodominicano.com\/index.php?rest_route=\/wp\/v2\/posts\/502305\/revisions"}],"predecessor-version":[{"id":502308,"href":"https:\/\/diariodominicano.com\/index.php?rest_route=\/wp\/v2\/posts\/502305\/revisions\/502308"}],"wp:featuredmedia":[{"embeddable":true,"href":"https:\/\/diariodominicano.com\/index.php?rest_route=\/wp\/v2\/media\/502306"}],"wp:attachment":[{"href":"https:\/\/diariodominicano.com\/index.php?rest_route=%2Fwp%2Fv2%2Fmedia&parent=502305"}],"wp:term":[{"taxonomy":"category","embeddable":true,"href":"https:\/\/diariodominicano.com\/index.php?rest_route=%2Fwp%2Fv2%2Fcategories&post=502305"},{"taxonomy":"post_tag","embeddable":true,"href":"https:\/\/diariodominicano.com\/index.php?rest_route=%2Fwp%2Fv2%2Ftags&post=502305"}],"curies":[{"name":"wp","href":"https:\/\/api.w.org\/{rel}","templated":true}]}}