{"id":502250,"date":"2024-01-20T21:27:08","date_gmt":"2024-01-21T01:27:08","guid":{"rendered":"https:\/\/diariodominicano.com\/?p=502250"},"modified":"2024-01-20T21:27:30","modified_gmt":"2024-01-21T01:27:30","slug":"maduro-recuerda-a-piedad-cordoba-como-guerrera-incansable","status":"publish","type":"post","link":"https:\/\/diariodominicano.com\/?p=502250","title":{"rendered":"Maduro recuerda a Piedad C\u00f3rdoba como guerrera incansable"},"content":{"rendered":"\n<p>Caracas, 20 ene (Prensa Latina) El presidente de Venezuela, Nicol\u00e1s Maduro, record\u00f3 a la colombiana Piedad C\u00f3rdoba, quien falleci\u00f3 hoy a los 68 a\u00f1os, como una guerrera incansable y una de las mujeres m\u00e1s valientes que conoci\u00f3.<\/p>\n\n\n\n<ul class=\"wp-block-list\">\n<li>enero 20, 2024<\/li>\n\n\n\n<li>CST16:40 (GMT) -0500<\/li>\n<\/ul>\n\n\n\n<p>\u201cQuerida amiga Piedad, cu\u00e1ntas batallas te toc\u00f3 enfrentar y librar por tu Patria\u201d, manifest\u00f3 el gobernante en su cuenta X, antes Twitter.<\/p>\n\n\n\n<p><\/p>\n\n\n\n<p>Maduro se refiri\u00f3 tambi\u00e9n a la senadora por el Pacto Hist\u00f3rico como \u201cuna gran revolucionaria\u201d, luchadora, y ferviente defensora de los Derechos Humanos y de la paz del pueblo.<\/p>\n\n\n\n<p>Expres\u00f3 que a pesar de enfrentar grandes amenazas, en ella prevaleci\u00f3 \u201csu moral\u201d y esa fuerza para salir adelante ante cualquier dificultad.<\/p>\n\n\n\n<p>Maduro, que acompa\u00f1\u00f3 su mensaje con una foto de ambos, subray\u00f3 que era \u201cinmenso el amor por su Colombia querida\u201d.<\/p>\n\n\n\n<p>Desde Venezuela, tierra bolivariana que tanto quiso, \u201cenv\u00edo mis m\u00e1s sentidas condolencias a sus familiares y al pueblo colombiano\u201d, afirm\u00f3.<\/p>\n\n\n\n<p>Remarc\u00f3 que su nombre, su idea y su gran legado de lucha, \u201ctrascienden hoy al escalaf\u00f3n m\u00e1s alto de los que seguimos este camino de transformaci\u00f3n de nuestros pueblos. \u00a1Piedad Vive, la lucha sigue!\u201d, se\u00f1al\u00f3.<\/p>\n\n\n\n<p>La luchadora colombiana falleci\u00f3 este s\u00e1bado v\u00edctima de un infarto en su natal Medell\u00edn, a la edad de 68 a\u00f1os, y los mensajes de dolor de personalidades, amigos, conocidos y allegados por su partida f\u00edsica, circulan a trav\u00e9s de las redes sociales y titulares de medios de prensa de todo el mundo.<\/p>\n\n\n\n<p>lam\/jcd<\/p>\n","protected":false},"excerpt":{"rendered":"<p>Caracas, 20 ene (Prensa Latina) El presidente de Venezuela, Nicol\u00e1s Maduro, record\u00f3 a la colombiana Piedad C\u00f3rdoba, quien falleci\u00f3 hoy a los 68 a\u00f1os, como una guerrera incansable y una de las mujeres m\u00e1s valientes que conoci\u00f3. \u201cQuerida amiga Piedad, cu\u00e1ntas batallas te toc\u00f3 enfrentar y librar por tu Patria\u201d, manifest\u00f3 el gobernante en su [&hellip;]<\/p>\n","protected":false},"author":28,"featured_media":502251,"comment_status":"closed","ping_status":"","sticky":false,"template":"","format":"standard","meta":{"footnotes":""},"categories":[36,26,23],"tags":[],"class_list":["post-502250","post","type-post","status-publish","format-standard","has-post-thumbnail","hentry","category-hombresmujeresycosas","category-efemerides","category-internacional"],"_links":{"self":[{"href":"https:\/\/diariodominicano.com\/index.php?rest_route=\/wp\/v2\/posts\/502250","targetHints":{"allow":["GET"]}}],"collection":[{"href":"https:\/\/diariodominicano.com\/index.php?rest_route=\/wp\/v2\/posts"}],"about":[{"href":"https:\/\/diariodominicano.com\/index.php?rest_route=\/wp\/v2\/types\/post"}],"author":[{"embeddable":true,"href":"https:\/\/diariodominicano.com\/index.php?rest_route=\/wp\/v2\/users\/28"}],"replies":[{"embeddable":true,"href":"https:\/\/diariodominicano.com\/index.php?rest_route=%2Fwp%2Fv2%2Fcomments&post=502250"}],"version-history":[{"count":3,"href":"https:\/\/diariodominicano.com\/index.php?rest_route=\/wp\/v2\/posts\/502250\/revisions"}],"predecessor-version":[{"id":502254,"href":"https:\/\/diariodominicano.com\/index.php?rest_route=\/wp\/v2\/posts\/502250\/revisions\/502254"}],"wp:featuredmedia":[{"embeddable":true,"href":"https:\/\/diariodominicano.com\/index.php?rest_route=\/wp\/v2\/media\/502251"}],"wp:attachment":[{"href":"https:\/\/diariodominicano.com\/index.php?rest_route=%2Fwp%2Fv2%2Fmedia&parent=502250"}],"wp:term":[{"taxonomy":"category","embeddable":true,"href":"https:\/\/diariodominicano.com\/index.php?rest_route=%2Fwp%2Fv2%2Fcategories&post=502250"},{"taxonomy":"post_tag","embeddable":true,"href":"https:\/\/diariodominicano.com\/index.php?rest_route=%2Fwp%2Fv2%2Ftags&post=502250"}],"curies":[{"name":"wp","href":"https:\/\/api.w.org\/{rel}","templated":true}]}}