{"id":502247,"date":"2024-01-20T21:24:23","date_gmt":"2024-01-21T01:24:23","guid":{"rendered":"https:\/\/diariodominicano.com\/?p=502247"},"modified":"2024-01-20T21:24:23","modified_gmt":"2024-01-21T01:24:23","slug":"lamenta-diaz-canel-fallecimiento-de-senadora-piedad-cordoba","status":"publish","type":"post","link":"https:\/\/diariodominicano.com\/?p=502247","title":{"rendered":"Lamenta D\u00edaz-Canel fallecimiento de senadora Piedad C\u00f3rdoba"},"content":{"rendered":"\n<p>La Habana, 20 ene (Prensa Latina) El presidente cubano, Miguel D\u00edaz-Canel, lament\u00f3 hoy el deceso de la senadora colombiana Piedad C\u00f3rdoba, quien durante su vida pol\u00edtica mantuvo una fuerte relaci\u00f3n de hermandad y fraternidad con el liderazgo de la isla caribe\u00f1a y su pueblo.<\/p>\n\n\n\n<ul class=\"wp-block-list\">\n<li>enero 20, 2024<\/li>\n\n\n\n<li>CST18:26 (GMT) -0500<\/li>\n<\/ul>\n\n\n\n<p>En su cuenta de X, el jefe de Estado del pa\u00eds antillano expres\u00f3 su pesar por la muerte de C\u00f3rdoba, ardiente defensora de la paz en Colombia y una gran amiga de Cuba, destac\u00f3 el mandatario.<\/p>\n\n\n\n<p>En la propia red social, el canciller de la isla, Bruno Rodr\u00edguez resalt\u00f3 el activo rol de la parlamentaria colombiana en defensa de los derechos humanos en el mundo y sus esfuerzos por ponerle fin al conflicto en el pa\u00eds sudamericano.<\/p>\n\n\n\n<p>De acuerdo con medios de prensa, el deceso de la senadora, en la ciudad colombiana de Medell\u00edn, caus\u00f3 conmoci\u00f3n y muchas personalidades resaltan la trayectoria de una figura relevante en la pol\u00edtica colombiana.<\/p>\n\n\n\n<p>La legisladora por el Pacto Hist\u00f3rico fue hallada en su apartamento donde presuntamente sufri\u00f3 un ataque cardiaco que la dej\u00f3 sin signos vitales antes de su llegada a sala de urgencias de un hospital.<\/p>\n\n\n\n<p>El fallecimiento de C\u00f3rdoba, a los 68 a\u00f1os de edad, causa conmoci\u00f3n en el \u00e1mbito de la pol\u00edtica regional, fundamentalmente en los movimientos progresistas latinoamericanos que reconocen su ejecutoria en defensa de los olvidados y los m\u00e1s necesitados de su pa\u00eds y el mundo.<\/p>\n\n\n\n<p>Por su parte, el presidente de Colombia, Gustavo Petro, subray\u00f3 que pese a ser una mujer golpeada por un \u00e9poca y una sociedad, luch\u00f3 toda su vida por una sociedad m\u00e1s democr\u00e1tica.<\/p>\n\n\n\n<p>\u00abSu cuerpo y su mente no resistieron la presi\u00f3n de una sociedad anacr\u00f3nica, que aplaud\u00eda los ajustamientos de j\u00f3venes, que odiaba el dialogo y la paz, que odiaba a los negros, a los ind\u00edgenas y a los pobres, que la trataba como una criminal\u201d, escribi\u00f3 Petro en la red social X.<\/p>\n\n\n\n<p>ga\/lld<\/p>\n","protected":false},"excerpt":{"rendered":"<p>La Habana, 20 ene (Prensa Latina) El presidente cubano, Miguel D\u00edaz-Canel, lament\u00f3 hoy el deceso de la senadora colombiana Piedad C\u00f3rdoba, quien durante su vida pol\u00edtica mantuvo una fuerte relaci\u00f3n de hermandad y fraternidad con el liderazgo de la isla caribe\u00f1a y su pueblo. En su cuenta de X, el jefe de Estado del pa\u00eds [&hellip;]<\/p>\n","protected":false},"author":28,"featured_media":502248,"comment_status":"closed","ping_status":"","sticky":true,"template":"","format":"standard","meta":{"footnotes":""},"categories":[26,23,27],"tags":[],"class_list":["post-502247","post","type-post","status-publish","format-standard","has-post-thumbnail","hentry","category-efemerides","category-internacional","category-portada"],"_links":{"self":[{"href":"https:\/\/diariodominicano.com\/index.php?rest_route=\/wp\/v2\/posts\/502247","targetHints":{"allow":["GET"]}}],"collection":[{"href":"https:\/\/diariodominicano.com\/index.php?rest_route=\/wp\/v2\/posts"}],"about":[{"href":"https:\/\/diariodominicano.com\/index.php?rest_route=\/wp\/v2\/types\/post"}],"author":[{"embeddable":true,"href":"https:\/\/diariodominicano.com\/index.php?rest_route=\/wp\/v2\/users\/28"}],"replies":[{"embeddable":true,"href":"https:\/\/diariodominicano.com\/index.php?rest_route=%2Fwp%2Fv2%2Fcomments&post=502247"}],"version-history":[{"count":1,"href":"https:\/\/diariodominicano.com\/index.php?rest_route=\/wp\/v2\/posts\/502247\/revisions"}],"predecessor-version":[{"id":502249,"href":"https:\/\/diariodominicano.com\/index.php?rest_route=\/wp\/v2\/posts\/502247\/revisions\/502249"}],"wp:featuredmedia":[{"embeddable":true,"href":"https:\/\/diariodominicano.com\/index.php?rest_route=\/wp\/v2\/media\/502248"}],"wp:attachment":[{"href":"https:\/\/diariodominicano.com\/index.php?rest_route=%2Fwp%2Fv2%2Fmedia&parent=502247"}],"wp:term":[{"taxonomy":"category","embeddable":true,"href":"https:\/\/diariodominicano.com\/index.php?rest_route=%2Fwp%2Fv2%2Fcategories&post=502247"},{"taxonomy":"post_tag","embeddable":true,"href":"https:\/\/diariodominicano.com\/index.php?rest_route=%2Fwp%2Fv2%2Ftags&post=502247"}],"curies":[{"name":"wp","href":"https:\/\/api.w.org\/{rel}","templated":true}]}}