{"id":50217,"date":"2020-08-27T10:53:05","date_gmt":"2020-08-27T10:53:05","guid":{"rendered":"http:\/\/diariodominicano.ddns.net\/?p=50217"},"modified":"2020-08-27T10:53:05","modified_gmt":"2020-08-27T10:53:05","slug":"museo-de-arte-moderno-de-nueva-york-reabre-tras-cierre-por-covid-19","status":"publish","type":"post","link":"https:\/\/diariodominicano.com\/?p=50217","title":{"rendered":"Museo de Arte Moderno de Nueva York reabre tras cierre por Covid-19"},"content":{"rendered":"<p><body><\/p>\n<p><img decoding=\"async\" src=\"img3\/momaNY27-8-20.jpg\" \/>  <\/p>\n<p><span class=\"text1noticias\">diariodominicano.com<\/span><\/p>\n<p><span class=\"text1noticias\"> <\/span><\/p>\n<p><span class=\"text1noticias\">Nueva York, EE.UU., 27 ago (Prensa Latina) El Museo de Arte Moderno (MoMa) reabrir\u00e1 hoy sus puertas al p\u00fablico con garant\u00edas de distanciamiento social y acceso gratuito por un mes, tras el cierre debido a la crisis sanitaria de la Covid-19.<\/span><\/p>\n<p><span class=\"text1noticias\"> <\/span><\/p>\n<p><span class=\"text1noticias\">La instalaci\u00f3n del logotipo I Love New York dar\u00e1 la bienvenida al p\u00fablico, que tendr\u00e1 tiempo ilimitado para la visita a la reconocida pinacoteca, la cual rendir\u00e1 homenaje al creador de la ic\u00f3nica obra, Milton Glaser, fallecido recientemente.<\/span><\/p>\n<p><span class=\"text1noticias\"> <\/span><\/p>\n<p><span class=\"text1noticias\">En un comunicado oficial, la instituci\u00f3n refiri\u00f3 que la pieza de Glaser acompa\u00f1\u00f3 a los habitantes de la Gran Manzana durante los eventos de crisis que rodearon su creaci\u00f3n en la d\u00e9cada del 70 y subray\u00f3 la resiliencia de los neoyorkinos frente a las p\u00e9rdidas ocasionadas por la Covid-19.<\/span><\/p>\n<p><span class=\"text1noticias\"> <\/span><\/p>\n<p><span class=\"text1noticias\">Sobresale, adem\u00e1s, la apertura de las exposiciones F\u00e9lix F\u00e9neon: The Anarchist and the Avant-Garde, dedicada al cr\u00edtico de arte franc\u00e9s; y Cinematic Illumination, obra emblem\u00e1tica del artista japon\u00e9s Shuzo Azuchi Gulliver.<\/span><\/p>\n<p><span class=\"text1noticias\"> <\/span><\/p>\n<p><span class=\"text1noticias\">Al igual que el Museo Metropolitano y el Museo Whitney, el conocido como MoMA implementar\u00e1 la reserva anticipada y la disminuci\u00f3n a 100 visitas por hora, lo que representa un 25 por ciento inferior a la capacidad m\u00e1xima del edificio.<\/span><\/p>\n<p><span class=\"text1noticias\"> <\/span><\/p>\n<p><span class=\"text1noticias\">La nueva normalidad impuesta por el coronavirus SARS-CoV-2 incluye el uso obligatorio de mascarillas, a excepci\u00f3n de los menores de dos a\u00f1os, durante el recorrido por las salas de exhibici\u00f3n donde se activar\u00e1n protocolos de higienizaci\u00f3n.<\/span><\/p>\n<p><span class=\"text1noticias\"> <\/span><\/p>\n<p>jf\/chm<\/p>\n<h6> 2020-08-27 10:53:05 <\/h6>\n<p><!--\n<link rel=\"stylesheet\" href=\"css\/bootstrap.min.css\">\n\n\n<ul class=\"pagination\">\n\t    \n\t\n\n<li >\n\t<a href='?page_no=277'>Previous<\/a>\n\t<\/li>\n\n\n       \n    \n\n<li><a href='?page_no=1'>1<\/a><\/li>\n\n\n\n<li><a href='?page_no=2'>2<\/a><\/li>\n\n\n\n<li><a>...<\/a><\/li>\n\n\n\n<li><a href='?page_no=276'>276<\/a><\/li>\n\n\n\n<li><a href='?page_no=277'>277<\/a><\/li>\n\n\n\n<li class='active'><a>278<\/a><\/li>\n\n\n\n<li><a href='?page_no=279'>279<\/a><\/li>\n\n\n\n<li><a href='?page_no=280'>280<\/a><\/li>\n\n\n\n<li><a>...<\/a><\/li>\n\n\n\n<li><a href='?page_no=22911'>22911<\/a><\/li>\n\n\n\n<li><a href='?page_no=22912'>22912<\/a><\/li>\n\n    \n\t\n\n<li >\n\t<a href='?page_no=279'>Next<\/a>\n\t<\/li>\n\n\n    \n\n<li><a href='?page_no=22912'>Last &rsaquo;&rsaquo;<\/a><\/li>\n\n<\/ul>\n\n\n--><br \/>\n<\/body><\/p>\n","protected":false},"excerpt":{"rendered":"<p>diariodominicano.com Nueva York, EE.UU., 27 ago (Prensa Latina) El Museo de Arte Moderno (MoMa) reabrir\u00e1 hoy sus puertas al p\u00fablico con garant\u00edas de distanciamiento social y acceso gratuito por un mes, tras el cierre debido a la crisis sanitaria de la Covid-19. La instalaci\u00f3n del logotipo I Love New York dar\u00e1 la bienvenida al p\u00fablico, [&hellip;]<\/p>\n","protected":false},"author":3,"featured_media":0,"comment_status":"open","ping_status":"open","sticky":false,"template":"","format":"standard","meta":{"footnotes":""},"categories":[21],"tags":[],"class_list":["post-50217","post","type-post","status-publish","format-standard","hentry","category-cultura"],"_links":{"self":[{"href":"https:\/\/diariodominicano.com\/index.php?rest_route=\/wp\/v2\/posts\/50217","targetHints":{"allow":["GET"]}}],"collection":[{"href":"https:\/\/diariodominicano.com\/index.php?rest_route=\/wp\/v2\/posts"}],"about":[{"href":"https:\/\/diariodominicano.com\/index.php?rest_route=\/wp\/v2\/types\/post"}],"author":[{"embeddable":true,"href":"https:\/\/diariodominicano.com\/index.php?rest_route=\/wp\/v2\/users\/3"}],"replies":[{"embeddable":true,"href":"https:\/\/diariodominicano.com\/index.php?rest_route=%2Fwp%2Fv2%2Fcomments&post=50217"}],"version-history":[{"count":0,"href":"https:\/\/diariodominicano.com\/index.php?rest_route=\/wp\/v2\/posts\/50217\/revisions"}],"wp:attachment":[{"href":"https:\/\/diariodominicano.com\/index.php?rest_route=%2Fwp%2Fv2%2Fmedia&parent=50217"}],"wp:term":[{"taxonomy":"category","embeddable":true,"href":"https:\/\/diariodominicano.com\/index.php?rest_route=%2Fwp%2Fv2%2Fcategories&post=50217"},{"taxonomy":"post_tag","embeddable":true,"href":"https:\/\/diariodominicano.com\/index.php?rest_route=%2Fwp%2Fv2%2Ftags&post=50217"}],"curies":[{"name":"wp","href":"https:\/\/api.w.org\/{rel}","templated":true}]}}