{"id":502132,"date":"2024-01-20T01:09:35","date_gmt":"2024-01-20T05:09:35","guid":{"rendered":"https:\/\/diariodominicano.com\/?p=502132"},"modified":"2024-01-20T01:11:01","modified_gmt":"2024-01-20T05:11:01","slug":"abel-martinez-asegura-proyecto-de-ley-sobre-dni-es-inconstitucional-y-envuelve-intereses-oscuros","status":"publish","type":"post","link":"https:\/\/diariodominicano.com\/?p=502132","title":{"rendered":"Abel Mart\u00ednez asegura proyecto de ley sobre DNI es inconstitucional y envuelve intereses oscuros"},"content":{"rendered":"\n<p><strong>Afirma que ninguna ley est\u00e1 por encima de la Constituci\u00f3n, menos a\u00fan, cuando se pretende vulnerar derechos ciudadanos desde el Estado, como si estuvi\u00e9ramos en plena era dictatorial.<\/strong><\/p>\n\n\n\n<figure class=\"wp-block-image size-large\"><img loading=\"lazy\" decoding=\"async\" width=\"1024\" height=\"681\" src=\"https:\/\/diariodominicano.com\/wp-content\/uploads\/2024\/01\/E1220EEB-53F0-4767-865C-63C7209FBC56-1024x681.jpeg\" alt=\"\" class=\"wp-image-502135\" srcset=\"https:\/\/diariodominicano.com\/wp-content\/uploads\/2024\/01\/E1220EEB-53F0-4767-865C-63C7209FBC56-1024x681.jpeg 1024w, https:\/\/diariodominicano.com\/wp-content\/uploads\/2024\/01\/E1220EEB-53F0-4767-865C-63C7209FBC56-300x200.jpeg 300w, https:\/\/diariodominicano.com\/wp-content\/uploads\/2024\/01\/E1220EEB-53F0-4767-865C-63C7209FBC56-768x511.jpeg 768w, https:\/\/diariodominicano.com\/wp-content\/uploads\/2024\/01\/E1220EEB-53F0-4767-865C-63C7209FBC56-1536x1022.jpeg 1536w, https:\/\/diariodominicano.com\/wp-content\/uploads\/2024\/01\/E1220EEB-53F0-4767-865C-63C7209FBC56-2048x1363.jpeg 2048w, https:\/\/diariodominicano.com\/wp-content\/uploads\/2024\/01\/E1220EEB-53F0-4767-865C-63C7209FBC56-816x543.jpeg 816w\" sizes=\"auto, (max-width: 1024px) 100vw, 1024px\" \/><\/figure>\n\n\n\n<p>Abel Mart\u00ednez\u2002entrevistado por periodistas de distintos medios de comunicaci\u00f3n.<\/p>\n\n\n\n<p>Santo Domingo.- El candidato presidencial Abel Mart\u00ednez fij\u00f3 posici\u00f3n en torno al proyecto de ley sobre la creaci\u00f3n de la Direcci\u00f3n Nacional de Inteligencia, con la que se busca sustituir el actual Departamento Nacional de Investigaciones (DNI) que por tradici\u00f3n se encarga de temas de seguridad nacional, tarea para la cual vincula a todas las instituciones de investigaci\u00f3n de los cuerpos castrenses y la Polic\u00eda Nacional, catalogando la pieza como inconstitucional y retr\u00f3grada,\u00a0\u00a0ya que la misma deja abierta a todas luces, una brecha inaceptable con rasgos dictatoriales.<\/p>\n\n\n\n<p>\u201cEs alarmante e inaceptable leer entre l\u00edneas lo que pretenden pasar por debajo de la mesa en este proyecto de ley, porque la libertad de expresi\u00f3n y la democracia han costado mucha sangre, mucho sacrificio y muchos a\u00f1os de lucha al pueblo dominicano. Peor a\u00fan, con esta pieza se busca otorgar poderes \u00fanicos al DNI, para actuar al margen del \u00f3rgano persecutor dominicano que es el Ministerio P\u00fablico, dejando de lado, adem\u00e1s, lo que establece el C\u00f3digo Procesal Penal, todo lo referente al debido proceso en las investigaciones y pasando por encima de las leyes que regulan al mismo Ministerio P\u00fablico, al Poder Judicial y a las Fuerzas Armadas\u201d, indic\u00f3.<\/p>\n\n\n\n<p>A trav\u00e9s de un comunicado de prensa, Mart\u00ednez calific\u00f3 de \u201caltamente preocupante\u201d, el&nbsp;&nbsp;Art. 9 del proyecto de ley,&nbsp;&nbsp;&nbsp;con el que se busca que dentro de las atribuciones del DNI, quede establecido que las investigaciones que realizar\u00e1n ante personas o instituciones, ser\u00e1n de acuerdo a sus propias consideraciones, sin orden de ning\u00fan juez ni participaci\u00f3n del Ministerio P\u00fablico, a\u00fan este \u00faltimo est\u00e9 implicado en la investigaci\u00f3n, por lo tanto, se podr\u00e1 investigar a una persona e intervenir su tel\u00e9fono, entre otras violaciones a la intimidad, lo que es una violaci\u00f3n a la privacidad, seg\u00fan establece nuestra Constituci\u00f3n en su art\u00edculo 54.<\/p>\n\n\n\n<p>Abel Mart\u00ednez tambi\u00e9n hace referencia al Art. 27 del proyecto de ley, que establece sanciones contra personas que divulguen o manejen informaci\u00f3n que sean parte de una investigaci\u00f3n que el DNI est\u00e9 realizando, o si ellos consideran que esas informaciones pudieran afectar la seguridad nacional.&nbsp;<strong>\u201cPero hay que preguntarse bajo cu\u00e1les criterios de legalidad y justicia van a determinar ellos sus actuaciones, si todo indica que actuar\u00e1n al margen de toda ley y report\u00e1ndose \u00fanicamente con el Poder Ejecutivo\u201d.<\/strong><\/p>\n\n\n\n<p>\u201cNo podemos volver a la \u00e9poca en que se violentaban derechos abiertamente con intervenciones de tel\u00e9fonos medalaganarias, detenciones arbitrarias para supuestas investigaciones sin ninguna orden judicial, sin presencia del Ministerio P\u00fablico ni de nadie que vele por los derechos de los ciudadanos.&nbsp;<strong>Entendemos que el Estado es el primero que debe poner el orden, el ejemplo y que, en tal caso, lo id\u00f3neo es que se asigne un juez especial para conocer este tipo de peticiones. Eso es cumplir y hacer cumplir la ley\u201d.<\/strong><\/p>\n\n\n\n<p>Abel Mart\u00ednez, expresidente de la C\u00e1mara de Diputados,&nbsp;<strong>entiende el referido proyecto de ley \u201cdebe ser retirado del Congreso; primero debe aprobarse la Ley de Seguridad y Defensa, que servir\u00eda como una sombrilla para cubrir todos los aspectos de Seguridad Nacional e Inteligencia, y en base a ella, modificar la del DNI para que vayan en consonancia, no sin antes sentarse con todos los sectores que han manifestado preocupaci\u00f3n por los grandes rasgos de violaciones constitucionales que de manera soterrada, contiene la pieza.<\/strong><\/p>\n\n\n\n<p><strong>Viernes 18 de enero, 2024&nbsp;<\/strong><\/p>\n\n\n\n<p><strong>Oficina Pol\u00edtica Abel Mart\u00ednez<\/strong><\/p>\n\n\n\n<p><strong>Candidato Presidencial PLD<\/strong><\/p>\n","protected":false},"excerpt":{"rendered":"<p>Afirma que ninguna ley est\u00e1 por encima de la Constituci\u00f3n, menos a\u00fan, cuando se pretende vulnerar derechos ciudadanos desde el Estado, como si estuvi\u00e9ramos en plena era dictatorial. Abel Mart\u00ednez\u2002entrevistado por periodistas de distintos medios de comunicaci\u00f3n. Santo Domingo.- El candidato presidencial Abel Mart\u00ednez fij\u00f3 posici\u00f3n en torno al proyecto de ley sobre la creaci\u00f3n [&hellip;]<\/p>\n","protected":false},"author":28,"featured_media":502133,"comment_status":"closed","ping_status":"","sticky":true,"template":"","format":"standard","meta":{"footnotes":""},"categories":[22,27],"tags":[],"class_list":["post-502132","post","type-post","status-publish","format-standard","has-post-thumbnail","hentry","category-politica","category-portada"],"_links":{"self":[{"href":"https:\/\/diariodominicano.com\/index.php?rest_route=\/wp\/v2\/posts\/502132","targetHints":{"allow":["GET"]}}],"collection":[{"href":"https:\/\/diariodominicano.com\/index.php?rest_route=\/wp\/v2\/posts"}],"about":[{"href":"https:\/\/diariodominicano.com\/index.php?rest_route=\/wp\/v2\/types\/post"}],"author":[{"embeddable":true,"href":"https:\/\/diariodominicano.com\/index.php?rest_route=\/wp\/v2\/users\/28"}],"replies":[{"embeddable":true,"href":"https:\/\/diariodominicano.com\/index.php?rest_route=%2Fwp%2Fv2%2Fcomments&post=502132"}],"version-history":[{"count":4,"href":"https:\/\/diariodominicano.com\/index.php?rest_route=\/wp\/v2\/posts\/502132\/revisions"}],"predecessor-version":[{"id":502139,"href":"https:\/\/diariodominicano.com\/index.php?rest_route=\/wp\/v2\/posts\/502132\/revisions\/502139"}],"wp:featuredmedia":[{"embeddable":true,"href":"https:\/\/diariodominicano.com\/index.php?rest_route=\/wp\/v2\/media\/502133"}],"wp:attachment":[{"href":"https:\/\/diariodominicano.com\/index.php?rest_route=%2Fwp%2Fv2%2Fmedia&parent=502132"}],"wp:term":[{"taxonomy":"category","embeddable":true,"href":"https:\/\/diariodominicano.com\/index.php?rest_route=%2Fwp%2Fv2%2Fcategories&post=502132"},{"taxonomy":"post_tag","embeddable":true,"href":"https:\/\/diariodominicano.com\/index.php?rest_route=%2Fwp%2Fv2%2Ftags&post=502132"}],"curies":[{"name":"wp","href":"https:\/\/api.w.org\/{rel}","templated":true}]}}