{"id":50206,"date":"2020-08-28T15:38:07","date_gmt":"2020-08-28T15:38:07","guid":{"rendered":"http:\/\/diariodominicano.ddns.net\/?p=50206"},"modified":"2020-08-28T15:38:07","modified_gmt":"2020-08-28T15:38:07","slug":"musulmanes-egipcios-vuelven-a-mezquitas-para-oraciones-colectivas","status":"publish","type":"post","link":"https:\/\/diariodominicano.com\/?p=50206","title":{"rendered":"Musulmanes egipcios vuelven a mezquitas para oraciones colectivas"},"content":{"rendered":"<p><body><\/p>\n<p><img decoding=\"async\" src=\"img3\/Mezquita-Alabastro28-8.jpg\" \/>  <\/p>\n<p><span class=\"text1noticias\"> <\/span><\/p>\n<p><span class=\"text1noticias\">diariodominicano.com <\/span><\/p>\n<p><span class=\"text1noticias\"> <\/span><\/p>\n<p><span class=\"text1noticias\">El Cairo, 28 ago (Prensa Latina) Los musulmanes egipcios regresan hoy a sus mezquitas con el llamado de los almu\u00e9danos para la oraci\u00f3n colectiva del viernes, suspendida desde hac\u00eda unos cinco meses con el fin de prevenir la propagaci\u00f3n del Sars-Cov-2.<\/span><\/p>\n<p><span class=\"text1noticias\"> <\/span><\/p>\n<p><span class=\"text1noticias\">Luego de un proceso de esterilizaci\u00f3n, los principales templos isl\u00e1micos recibir\u00e1n al mediod\u00eda a sus fieles, quienes deber\u00e1n entrar con mascarillas y, de preferencia, llevando consigo alfombras para los rezos individuales, puntualiz\u00f3 el Ministerio de Dotaciones -el cual rige esos asuntos-.<\/span><\/p>\n<p><span class=\"text1noticias\"> <\/span><\/p>\n<p><span class=\"text1noticias\">El serm\u00f3n dentro de dichas casas de culto podr\u00e1 durar solamente 10 minutos, puntualiz\u00f3 la cartera que adopt\u00f3 medidas excepcionales en algunos de esos escenarios sagrados como la instalaci\u00f3n de cabinas transparentes para preservar la salud de los imanes.<\/span><\/p>\n<p><span class=\"text1noticias\"> <\/span><\/p>\n<p><span class=\"text1noticias\">Tales espacios fueron clausurados en marzo y reabrieron parcialmente semanas atr\u00e1s, aunque siguen exceptuados los m\u00e1s peque\u00f1os, donde es mayor el riesgo de hacinamiento.<\/span><\/p>\n<p><span class=\"text1noticias\"> <\/span><\/p>\n<p><span class=\"text1noticias\">Quedaba pendiente la reanudaci\u00f3n de la oraci\u00f3n masiva del viernes, una de las se\u00f1ales de unidad dentro de la sociedad isl\u00e1mica, permitida nuevamente desde este 28 de agosto, pero bajo pautas sanitarias.<\/span><\/p>\n<p><span class=\"text1noticias\"> <\/span><\/p>\n<p><span class=\"text1noticias\">No obstante los centros comunitarios, as\u00ed como los salones de condolencias y bodas adjuntos a las abundantes mezquitas de la naci\u00f3n \u00e1rabe permanecer\u00e1n cerrados en todo el territorio, coment\u00f3 previamente el primer ministro, Mostafa Madbouly.\u00b4<\/span><\/p>\n<p><span class=\"text1noticias\"> <\/span><\/p>\n<p><span class=\"text1noticias\">La mayor\u00eda de los egipcios radicados en el pa\u00eds, suman m\u00e1s de 100 millones, son musulmanes sunitas quienes contrario a la tradici\u00f3n vivieron ramad\u00e1n y la fiesta de Eid al Fitr (para despedir esa etapa de ayuno prolongado), con sus templos inhabilitados.<\/span><\/p>\n<p><span class=\"text1noticias\"> <\/span><\/p>\n<p><span class=\"text1noticias\">No as\u00ed durante Eid al Adha, o festividad del sacrificio, un asueto durante el cual en el mundo del islam evocan la obediencia a dios de Ibrahim (Abraham para los cristianos), reflejada en las escrituras de ambas religiones.<\/span><\/p>\n<p><span class=\"text1noticias\"> <\/span><\/p>\n<p><span class=\"text1noticias\">El viernes para el islam es lo que el domingo para el catolicismo: el d\u00eda oficial de descanso y cuando todos buscan un tiempo para ir a la mezquita.<\/span><\/p>\n<p><span class=\"text1noticias\"> <\/span><\/p>\n<p><span class=\"text1noticias\">El resto de la semana no es extra\u00f1o verlos interrumpir moment\u00e1neamente el trabajo al mediod\u00eda en una tienda, incluso en una Casa de Cambio, para rezar en alg\u00fan rinc\u00f3n del lugar donde colocan su alfombra.<\/span><\/p>\n<p><span class=\"text1noticias\"> <\/span><\/p>\n<p><span class=\"text1noticias\">En unos seis meses de batalla contra la Covid-19, de mediados de febrero a la actualidad, los expertos egipcios diagnosticaron m\u00e1s de 97 mil infecciones por el Sars-Cov-2 y lamentaron alrededor de cinco mil 200 muertes.<\/span><\/p>\n<p><span class=\"text1noticias\"> <\/span><\/p>\n<p><span class=\"text1noticias\">En conferencia de prensa Madbouly anunci\u00f3 que desde el 1 de septiembre ser\u00e1 obligatorio presentar un certificado sanitario antes de ingresar al pa\u00eds, por aire, mar o tierra, el cual descarte el contagio por el nuevo coronavirus.<\/span><\/p>\n<p><span class=\"text1noticias\"> <\/span><\/p>\n<p><span class=\"text1noticias\">Se trata de una disposici\u00f3n extra dirigida a evitar un repunte de las contaminaciones, en momentos cuando Egipto super\u00f3 la etapa m\u00e1s cr\u00edtica de la pandemia, argument\u00f3.<\/span><\/p>\n<p><span class=\"text1noticias\"> <\/span><\/p>\n<p><span class=\"text1noticias\">En junio y comienzos de julio los especialistas llegaron a detectar hasta mil 700 infectados en una jornada.<\/span><\/p>\n<p><span class=\"text1noticias\"> <\/span><\/p>\n<p><span class=\"text1noticias\">El 1 de julio fueron reactivados los vuelos internacionales y el turismo para extranjeros comenzando por las gobernaciones con mejor situaci\u00f3n epidemiol\u00f3gica, entre ellas Sina\u00ed del Sur y Mar Rojo.<\/span><\/p>\n<p><span class=\"text1noticias\"> <\/span><\/p>\n<p><span class=\"text1noticias\">mem\/ap\/cvl<\/span><\/p>\n<p><span class=\"text1noticias\"> <\/span><\/p>\n<p><span class=\"text1noticias\">Texto y FotosPL: Adalys Pilar Mireles<\/span><\/p>\n<h6> 2020-08-28 15:38:07 <\/h6>\n<p><!--\n<link rel=\"stylesheet\" href=\"css\/bootstrap.min.css\">\n\n\n<ul class=\"pagination\">\n\t    \n\t\n\n<li >\n\t<a href='?page_no=276'>Previous<\/a>\n\t<\/li>\n\n\n       \n    \n\n<li><a href='?page_no=1'>1<\/a><\/li>\n\n\n\n<li><a href='?page_no=2'>2<\/a><\/li>\n\n\n\n<li><a>...<\/a><\/li>\n\n\n\n<li><a href='?page_no=275'>275<\/a><\/li>\n\n\n\n<li><a href='?page_no=276'>276<\/a><\/li>\n\n\n\n<li class='active'><a>277<\/a><\/li>\n\n\n\n<li><a href='?page_no=278'>278<\/a><\/li>\n\n\n\n<li><a href='?page_no=279'>279<\/a><\/li>\n\n\n\n<li><a>...<\/a><\/li>\n\n\n\n<li><a href='?page_no=22911'>22911<\/a><\/li>\n\n\n\n<li><a href='?page_no=22912'>22912<\/a><\/li>\n\n    \n\t\n\n<li >\n\t<a href='?page_no=278'>Next<\/a>\n\t<\/li>\n\n\n    \n\n<li><a href='?page_no=22912'>Last &rsaquo;&rsaquo;<\/a><\/li>\n\n<\/ul>\n\n\n--><br \/>\n<\/body><\/p>\n","protected":false},"excerpt":{"rendered":"<p>diariodominicano.com El Cairo, 28 ago (Prensa Latina) Los musulmanes egipcios regresan hoy a sus mezquitas con el llamado de los almu\u00e9danos para la oraci\u00f3n colectiva del viernes, suspendida desde hac\u00eda unos cinco meses con el fin de prevenir la propagaci\u00f3n del Sars-Cov-2. Luego de un proceso de esterilizaci\u00f3n, los principales templos isl\u00e1micos recibir\u00e1n al mediod\u00eda [&hellip;]<\/p>\n","protected":false},"author":3,"featured_media":0,"comment_status":"open","ping_status":"open","sticky":false,"template":"","format":"standard","meta":{"footnotes":""},"categories":[21],"tags":[],"class_list":["post-50206","post","type-post","status-publish","format-standard","hentry","category-cultura"],"_links":{"self":[{"href":"https:\/\/diariodominicano.com\/index.php?rest_route=\/wp\/v2\/posts\/50206","targetHints":{"allow":["GET"]}}],"collection":[{"href":"https:\/\/diariodominicano.com\/index.php?rest_route=\/wp\/v2\/posts"}],"about":[{"href":"https:\/\/diariodominicano.com\/index.php?rest_route=\/wp\/v2\/types\/post"}],"author":[{"embeddable":true,"href":"https:\/\/diariodominicano.com\/index.php?rest_route=\/wp\/v2\/users\/3"}],"replies":[{"embeddable":true,"href":"https:\/\/diariodominicano.com\/index.php?rest_route=%2Fwp%2Fv2%2Fcomments&post=50206"}],"version-history":[{"count":0,"href":"https:\/\/diariodominicano.com\/index.php?rest_route=\/wp\/v2\/posts\/50206\/revisions"}],"wp:attachment":[{"href":"https:\/\/diariodominicano.com\/index.php?rest_route=%2Fwp%2Fv2%2Fmedia&parent=50206"}],"wp:term":[{"taxonomy":"category","embeddable":true,"href":"https:\/\/diariodominicano.com\/index.php?rest_route=%2Fwp%2Fv2%2Fcategories&post=50206"},{"taxonomy":"post_tag","embeddable":true,"href":"https:\/\/diariodominicano.com\/index.php?rest_route=%2Fwp%2Fv2%2Ftags&post=50206"}],"curies":[{"name":"wp","href":"https:\/\/api.w.org\/{rel}","templated":true}]}}