{"id":501979,"date":"2024-01-19T13:33:59","date_gmt":"2024-01-19T17:33:59","guid":{"rendered":"https:\/\/diariodominicano.com\/?p=501979"},"modified":"2024-01-19T13:34:17","modified_gmt":"2024-01-19T17:34:17","slug":"abel-martinez-va-este-sabado-a-la-circunscripcion-3-del-distrito-nacional-en-respaldo-a-candidatos-y-candidatas-a-regidores","status":"publish","type":"post","link":"https:\/\/diariodominicano.com\/?p=501979","title":{"rendered":"Abel Mart\u00ednez va este s\u00e1bado a la circunscripci\u00f3n 3 del Distrito Nacional en respaldo a candidatos y candidatas a regidores"},"content":{"rendered":"\n<p>Archivo: Abel Mart\u00ednez y Domingo Contreras <\/p>\n\n\n\n<p>En este fin de semana el\u00a0<strong>Partido de la Liberaci\u00f3n Dominicana (PLD<\/strong>) continua con un intenso activismo promoviendo los diferentes niveles de candidaturas a cargos municipales, mientras se confirma la participaci\u00f3n del candidato presidencial, Abel Mart\u00ednez, en un encuentro de trabajo con la dirigencia del PLD en Santiago este viernes y un recorrido de respaldo a los candidatos y candidatas a regidores de la Circunscripci\u00f3n electoral tres del Distrito Nacional el s\u00e1bado, inform\u00f3 el viernes la Secretar\u00eda de Comunicaciones del PLD.<\/p>\n\n\n\n<p><\/p>\n\n\n\n<p>El equipo de campa\u00f1a del PLD program\u00f3 para este viernes un encuentro de trabajo-almuerzo con los candidatos, candidatas y miembros del Comit\u00e9 Central de Santiago al que tambi\u00e9n asistir\u00e1 el ex presidente de la Rep\u00fablica, Danilo Medina, presidente del PLD, el cual se realizar\u00e1 en un centro de eventos ubicado en la carretera Santiago-Licey.<\/p>\n\n\n\n<p><\/p>\n\n\n\n<p>Mediante despacho period\u00edstico se confirm\u00f3 la presencia de Abel Mart\u00ednez, candidato presidencial junto al candidato a la alcald\u00eda del Distrito Nacional del PLD y de la Alianza Rescate RD, Domingo Contreras, para realizar visitas de respaldo a los candidatos y candidatas a regidores de la circunscripci\u00f3n tres de la capital.<\/p>\n\n\n\n<p>En la actual fase de campa\u00f1a para las elecciones municipales, Abel Mart\u00ednez, candidato presidencial del Partido de la Liberaci\u00f3n Dominicana viene ofreciendo su respaldo y el del PLD a los candidatos locales con la realizaci\u00f3n de visitas en sus residencias, las que terminan convirti\u00e9ndose en concentraciones por la cantidad de personas que se re\u00fanen al frente de las moradas visitadas.<\/p>\n\n\n\n<p>Desde los diferentes municipios, distritos municipales y provincias del pa\u00eds, los equipos de campa\u00f1a locales est\u00e1n reportando infinidades de actividades promocionales de los candidatos a alcaldes, alcaldesas, directores de distritos municipales, regidores y vocales.<\/p>\n\n\n\n<p>En pauta se tienen marchas, caravanas, visitas, concentraciones en plazas y parques, visitas puntuales, esfuerzos concentrados, entre otras actividades.<\/p>\n\n\n\n<p>A la par con estos actos masivos, bajo la orientaci\u00f3n de la Secretar\u00eda de Asuntos Electorales el PLD ha continuado la realizaci\u00f3n de los talleres de capacitaci\u00f3n a los delegados y delegadas &nbsp;&nbsp;ante los colegios electorales en los que se incluye a quienes est\u00e1n en una labor de orientaci\u00f3n en los recintos electorales.<\/p>\n\n\n\n<p><strong>SECRETAR\u00cdA DE COMUNICACIONES<\/strong><\/p>\n\n\n\n<p><strong>19 DE ENERO, 2024.-<\/strong><\/p>\n","protected":false},"excerpt":{"rendered":"<p>Archivo: Abel Mart\u00ednez y Domingo Contreras En este fin de semana el\u00a0Partido de la Liberaci\u00f3n Dominicana (PLD) continua con un intenso activismo promoviendo los diferentes niveles de candidaturas a cargos municipales, mientras se confirma la participaci\u00f3n del candidato presidencial, Abel Mart\u00ednez, en un encuentro de trabajo con la dirigencia del PLD en Santiago este viernes [&hellip;]<\/p>\n","protected":false},"author":28,"featured_media":501980,"comment_status":"closed","ping_status":"","sticky":true,"template":"","format":"standard","meta":{"footnotes":""},"categories":[22,27],"tags":[],"class_list":["post-501979","post","type-post","status-publish","format-standard","has-post-thumbnail","hentry","category-politica","category-portada"],"_links":{"self":[{"href":"https:\/\/diariodominicano.com\/index.php?rest_route=\/wp\/v2\/posts\/501979","targetHints":{"allow":["GET"]}}],"collection":[{"href":"https:\/\/diariodominicano.com\/index.php?rest_route=\/wp\/v2\/posts"}],"about":[{"href":"https:\/\/diariodominicano.com\/index.php?rest_route=\/wp\/v2\/types\/post"}],"author":[{"embeddable":true,"href":"https:\/\/diariodominicano.com\/index.php?rest_route=\/wp\/v2\/users\/28"}],"replies":[{"embeddable":true,"href":"https:\/\/diariodominicano.com\/index.php?rest_route=%2Fwp%2Fv2%2Fcomments&post=501979"}],"version-history":[{"count":2,"href":"https:\/\/diariodominicano.com\/index.php?rest_route=\/wp\/v2\/posts\/501979\/revisions"}],"predecessor-version":[{"id":501982,"href":"https:\/\/diariodominicano.com\/index.php?rest_route=\/wp\/v2\/posts\/501979\/revisions\/501982"}],"wp:featuredmedia":[{"embeddable":true,"href":"https:\/\/diariodominicano.com\/index.php?rest_route=\/wp\/v2\/media\/501980"}],"wp:attachment":[{"href":"https:\/\/diariodominicano.com\/index.php?rest_route=%2Fwp%2Fv2%2Fmedia&parent=501979"}],"wp:term":[{"taxonomy":"category","embeddable":true,"href":"https:\/\/diariodominicano.com\/index.php?rest_route=%2Fwp%2Fv2%2Fcategories&post=501979"},{"taxonomy":"post_tag","embeddable":true,"href":"https:\/\/diariodominicano.com\/index.php?rest_route=%2Fwp%2Fv2%2Ftags&post=501979"}],"curies":[{"name":"wp","href":"https:\/\/api.w.org\/{rel}","templated":true}]}}