{"id":501945,"date":"2024-01-19T11:52:34","date_gmt":"2024-01-19T15:52:34","guid":{"rendered":"https:\/\/diariodominicano.com\/?p=501945"},"modified":"2024-01-19T12:16:53","modified_gmt":"2024-01-19T16:16:53","slug":"pld-reitera-es-ley-que-impide-actos-inaugurales-del-gobierno-en-campana","status":"publish","type":"post","link":"https:\/\/diariodominicano.com\/?p=501945","title":{"rendered":"PLD recuerda a Consultor Jur\u00eddico del Poder Ejecutivo Ley  impide actos inaugurales del Gobierno en campa\u00f1a"},"content":{"rendered":"\n<p>diariodominicano.com<\/p>\n\n\n\n<p>Santo Domingo, R. D.,\u200219 de enero, 2024.-\u2002<strong>Jos\u00e9 Dant\u00e9s Diaz,<\/strong>\u00a0titular de la Secretar\u00eda de Asuntos Jur\u00eddicos del Partido de la Liberaci\u00f3n Dominicana (PLD) y miembro de su Comit\u00e9 Pol\u00edtico, refut\u00f3 las declaraciones de la v\u00edspera del Consultor Jur\u00eddico del Poder Ejecutivo, Antoliano Peralta, quien afirma que el presidente Luis Abinader no est\u00e1 impedido de inaugurar obras del Gobierno durante el periodo de campa\u00f1a.<\/p>\n\n\n\n<p>Jos\u00e9 Dant\u00e9s Diaz en alusi\u00f3n a lo declarado por Peralta record\u00f3, public\u00e1ndolo en su cuenta en la red social un documento oficial de la Junta Central Electoral sobre los plazos acorde a la Ley Electoral.<\/p>\n\n\n\n<p>\u201cEn su p\u00e1gina 19 establece que el d\u00eda 9 de enero es el l\u00edmite para actos inaugurales de GOBIERNO y alcald\u00edas. Esa palabra: \u201cGOBIERNO\u201d, separada de \u201calcald\u00edas\u201d se refiere claramente a todas las instituciones que engloba en dicho t\u00e9rmino la Ley 247-12, Org\u00e1nica de la Administraci\u00f3n P\u00fablica\u201d, explica Jos\u00e9 Dant\u00e9s Diaz en su publicaci\u00f3n.<\/p>\n\n\n\n<p>En la publicaci\u00f3n de la Junta Central Electoral que trata sobre la adecuaci\u00f3n de plazos legales en lo referente al \u201cl\u00edmite para la realizaci\u00f3n de actos inaugurales de Gobierno y alcald\u00edas\u201d se dice \u201c40 d\u00edas antes\u201d, fijando la fecha \u201cdel 9 de enero\u201d<\/p>\n\n\n\n<p>\u201cQue mi amigo, Antoliano Peralta Romero&nbsp; &nbsp;quiera interpretarlo de otra manera, por razones de conveniencia particular, eso es otra cosa\u201d, concluye Jos\u00e9 Dant\u00e9s Diaz, su escrito.<\/p>\n\n\n\n<p>Con anterioridad al mensaje publicado en la ma\u00f1ana de este viernes Jos\u00e9 Dant\u00e9s Diaz hab\u00eda escrito un mensaje dirigido al presidente de la Rep\u00fablica, Luis Abinader en el que le conminaba a demostrar &nbsp;&nbsp;que est\u00e1 comprometido con la honestidad en hechos y no en palabras; \u201cno viole la Ley Electoral\u201d, dijo.<\/p>\n\n\n\n<p><strong>SECRETARIA DE COMUNICACIONES<\/strong><strong><\/strong><\/p>\n\n\n\n<p><strong>19 DE ENERO, 2024.-<\/strong><\/p>\n\n\n\n<p><strong>DECLARACION DE PRENSA<\/strong><\/p>\n","protected":false},"excerpt":{"rendered":"<p>diariodominicano.com Santo Domingo, R. D.,\u200219 de enero, 2024.-\u2002Jos\u00e9 Dant\u00e9s Diaz,\u00a0titular de la Secretar\u00eda de Asuntos Jur\u00eddicos del Partido de la Liberaci\u00f3n Dominicana (PLD) y miembro de su Comit\u00e9 Pol\u00edtico, refut\u00f3 las declaraciones de la v\u00edspera del Consultor Jur\u00eddico del Poder Ejecutivo, Antoliano Peralta, quien afirma que el presidente Luis Abinader no est\u00e1 impedido de inaugurar [&hellip;]<\/p>\n","protected":false},"author":5,"featured_media":501946,"comment_status":"closed","ping_status":"","sticky":true,"template":"","format":"standard","meta":{"footnotes":""},"categories":[22,27],"tags":[],"class_list":["post-501945","post","type-post","status-publish","format-standard","has-post-thumbnail","hentry","category-politica","category-portada"],"_links":{"self":[{"href":"https:\/\/diariodominicano.com\/index.php?rest_route=\/wp\/v2\/posts\/501945","targetHints":{"allow":["GET"]}}],"collection":[{"href":"https:\/\/diariodominicano.com\/index.php?rest_route=\/wp\/v2\/posts"}],"about":[{"href":"https:\/\/diariodominicano.com\/index.php?rest_route=\/wp\/v2\/types\/post"}],"author":[{"embeddable":true,"href":"https:\/\/diariodominicano.com\/index.php?rest_route=\/wp\/v2\/users\/5"}],"replies":[{"embeddable":true,"href":"https:\/\/diariodominicano.com\/index.php?rest_route=%2Fwp%2Fv2%2Fcomments&post=501945"}],"version-history":[{"count":3,"href":"https:\/\/diariodominicano.com\/index.php?rest_route=\/wp\/v2\/posts\/501945\/revisions"}],"predecessor-version":[{"id":501951,"href":"https:\/\/diariodominicano.com\/index.php?rest_route=\/wp\/v2\/posts\/501945\/revisions\/501951"}],"wp:featuredmedia":[{"embeddable":true,"href":"https:\/\/diariodominicano.com\/index.php?rest_route=\/wp\/v2\/media\/501946"}],"wp:attachment":[{"href":"https:\/\/diariodominicano.com\/index.php?rest_route=%2Fwp%2Fv2%2Fmedia&parent=501945"}],"wp:term":[{"taxonomy":"category","embeddable":true,"href":"https:\/\/diariodominicano.com\/index.php?rest_route=%2Fwp%2Fv2%2Fcategories&post=501945"},{"taxonomy":"post_tag","embeddable":true,"href":"https:\/\/diariodominicano.com\/index.php?rest_route=%2Fwp%2Fv2%2Ftags&post=501945"}],"curies":[{"name":"wp","href":"https:\/\/api.w.org\/{rel}","templated":true}]}}