{"id":501939,"date":"2024-01-19T11:16:55","date_gmt":"2024-01-19T15:16:55","guid":{"rendered":"https:\/\/diariodominicano.com\/?p=501939"},"modified":"2024-01-19T12:21:21","modified_gmt":"2024-01-19T16:21:21","slug":"prm-anuncia-movilizacion-el-18-de-febrero","status":"publish","type":"post","link":"https:\/\/diariodominicano.com\/?p=501939","title":{"rendered":"PRM anuncia gran jornada de movilizaci\u00f3n nacional con vista a las elecciones municipales del 18 de febrero"},"content":{"rendered":"\n<p>diariodominicano.com<\/p>\n\n\n\n<p>Santo Domingo, 19 ene (Prensa Latina) El oficialista Partido Revolucionario Moderno (PRM) anunci\u00f3 hoy una gran jornada de movilizaci\u00f3n nacional para ma\u00f1ana, con vista a las elecciones municipales del 18 de febrero pr\u00f3ximo y las presidenciales de mayo en Rep\u00fablica Dominicana.<\/p>\n\n\n\n<p>As\u00ed lo inform\u00f3 la Secretar\u00eda Nacional de Asuntos Municipales, que encabezan Kelvin Cruz y Victor D Aza, durante una rueda de prensa en la Casa Nacional del PRM.<\/p>\n\n\n\n<p>Explicaron que la organizaci\u00f3n pol\u00edtica respetar\u00e1 el domingo 21 de enero, d\u00eda en que los dominicanos conmemoran la Virgen de La Altagracia, figura fundamental para la historia y la cultura de la naci\u00f3n caribe\u00f1a.<\/p>\n\n\n\n<p>Puntualizaron que ma\u00f1ana el PRM saldr\u00e1 a las calles en apoyo a los candidatos municipales de esa fuerza pol\u00edtica.<\/p>\n\n\n\n<p>Adelantaron que el mandatario y candidato presidencial Luis Abinader participar\u00e1 el s\u00e1bado en dos caravanas, en las provincias Hato Mayor (regi\u00f3n este) y Monte Plata (sureste).<\/p>\n\n\n\n<p>mem\/mpv<\/p>\n","protected":false},"excerpt":{"rendered":"<p>diariodominicano.com Santo Domingo, 19 ene (Prensa Latina) El oficialista Partido Revolucionario Moderno (PRM) anunci\u00f3 hoy una gran jornada de movilizaci\u00f3n nacional para ma\u00f1ana, con vista a las elecciones municipales del 18 de febrero pr\u00f3ximo y las presidenciales de mayo en Rep\u00fablica Dominicana. As\u00ed lo inform\u00f3 la Secretar\u00eda Nacional de Asuntos Municipales, que encabezan Kelvin Cruz [&hellip;]<\/p>\n","protected":false},"author":5,"featured_media":501940,"comment_status":"closed","ping_status":"","sticky":true,"template":"","format":"standard","meta":{"footnotes":""},"categories":[22,27],"tags":[],"class_list":["post-501939","post","type-post","status-publish","format-standard","has-post-thumbnail","hentry","category-politica","category-portada"],"_links":{"self":[{"href":"https:\/\/diariodominicano.com\/index.php?rest_route=\/wp\/v2\/posts\/501939","targetHints":{"allow":["GET"]}}],"collection":[{"href":"https:\/\/diariodominicano.com\/index.php?rest_route=\/wp\/v2\/posts"}],"about":[{"href":"https:\/\/diariodominicano.com\/index.php?rest_route=\/wp\/v2\/types\/post"}],"author":[{"embeddable":true,"href":"https:\/\/diariodominicano.com\/index.php?rest_route=\/wp\/v2\/users\/5"}],"replies":[{"embeddable":true,"href":"https:\/\/diariodominicano.com\/index.php?rest_route=%2Fwp%2Fv2%2Fcomments&post=501939"}],"version-history":[{"count":3,"href":"https:\/\/diariodominicano.com\/index.php?rest_route=\/wp\/v2\/posts\/501939\/revisions"}],"predecessor-version":[{"id":501954,"href":"https:\/\/diariodominicano.com\/index.php?rest_route=\/wp\/v2\/posts\/501939\/revisions\/501954"}],"wp:featuredmedia":[{"embeddable":true,"href":"https:\/\/diariodominicano.com\/index.php?rest_route=\/wp\/v2\/media\/501940"}],"wp:attachment":[{"href":"https:\/\/diariodominicano.com\/index.php?rest_route=%2Fwp%2Fv2%2Fmedia&parent=501939"}],"wp:term":[{"taxonomy":"category","embeddable":true,"href":"https:\/\/diariodominicano.com\/index.php?rest_route=%2Fwp%2Fv2%2Fcategories&post=501939"},{"taxonomy":"post_tag","embeddable":true,"href":"https:\/\/diariodominicano.com\/index.php?rest_route=%2Fwp%2Fv2%2Ftags&post=501939"}],"curies":[{"name":"wp","href":"https:\/\/api.w.org\/{rel}","templated":true}]}}