{"id":50184,"date":"2020-08-28T22:22:24","date_gmt":"2020-08-28T22:22:24","guid":{"rendered":"http:\/\/diariodominicano.ddns.net\/?p=50184"},"modified":"2020-08-28T22:22:24","modified_gmt":"2020-08-28T22:22:24","slug":"el-dia-que-fallecio-el-poeta-fabio-fiallo","status":"publish","type":"post","link":"https:\/\/diariodominicano.com\/?p=50184","title":{"rendered":"El d\u00eda que falleci\u00f3 el poeta Fabio Fiallo"},"content":{"rendered":"<p><body><\/p>\n<p><img decoding=\"async\" src=\"img3\/Fabio Fabio003.jpg.jpg\" \/>  <\/p>\n<p><strong>Diariodominicano.com<\/strong><\/p>\n<p><strong>El d\u00eda que falleci\u00f3 el poeta Fabio Fiallo<\/strong><\/p>\n<p><strong> Fabio Fiallo  hab\u00eda nacido  en la ciudad de Santo Domingo, el 3 de febrero de 1866, hijo de  Ram\u00f3n Enrique Fiallo Rodr\u00edguez  y Ana Mar\u00eda Cabral Figueredo.   Curs\u00f3 estudios en  la Facultad de Derecho en el Instituto Profesional, pero su participaci\u00f3n  pol\u00edtica y la poes\u00eda lo llevaron a  dejar  la carrera de derecho. <\/strong><\/p>\n<p><strong>Por H\u00e9ctor Tineo Nolasco<\/strong><\/p>\n<p><strong>diariodominicano.com<\/strong><\/p>\n<\/p>\n<p><strong>     LA HABANA, Cuba, el  28 de agosto de 1942,<\/strong> muri\u00f3 en la Habana, Cuba, el poeta dominicano Fabio Fiallo. Sus restos fueron sepultados en Santiago de Cuba.  Se  destac\u00f3 como un defensor de la soberan\u00eda nacional y un cr\u00edtico de la dictadura de Trujillo.  Sus restos fueron tra\u00eddos  a Rep\u00fablica Dominicana en  el a\u00f1o 1977 por un acuerdo del Gobierno de Cuba del presidente Fidel Castro y el  dominicano del presidente  Joaqu\u00edn Balaguer. Luego, en una ceremonia solemne fueron inhumados en el Cementerio Cristo Redentor, en el Distrito Nacional.<\/p>\n<\/p>\n<p>Fabio Fiallo  hab\u00eda nacido  en la ciudad de Santo Domingo, el 3 de febrero de 1866, hijo de  Ram\u00f3n Enrique Fiallo Rodr\u00edguez  y Ana Mar\u00eda Cabral Figueredo.   Curs\u00f3 estudios en  la Facultad de Derecho en el Instituto Profesional, pero su participaci\u00f3n  pol\u00edtica y la poes\u00eda lo llevaron a  dejar  la carrera de derecho. <\/p>\n<\/p>\n<p> Durante la intervenci\u00f3n militar de Estados Unidos en la Rep\u00fablica Dominicana, durante el per\u00edodo 1916-1924, fue un luchador por la salida del Gobierno de ocupaci\u00f3n y en varias ocasiones fue detenido por sus ideas patri\u00f3ticas y pol\u00edticas. <\/p>\n<\/p>\n<p>Una fotograf\u00eda del  poeta vestido de  preso fue difundida en el pa\u00eds y en el exterior  como denuncia  de la represi\u00f3n pol\u00edtica que ejecutaba el Gobierno estadounidense de ocupaci\u00f3n 1916-1924.<\/p>\n<\/p>\n<p>De su vida la enciclopedia Wikipedia  resalta que desde muy joven cont\u00f3 con la orientaci\u00f3n pol\u00edtica de su padre, quien desde la administraci\u00f3n del Presidente General Jos\u00e9 Mar\u00eda Cabral y Luna form\u00f3 parte de importantes comisiones encargadas de negociar un Tratado de Paz, Amistad y Comercio entre Hait\u00ed y la Rep\u00fablica Dominicana. <\/p>\n<p>Luego de ingresar a la Facultad de Derecho en el Instituto Profesional, abandon\u00f3 sus estudios para dedicarse a la pol\u00edtica y a la poes\u00eda desde joven. <\/p>\n<p>Desempe\u00f1\u00f3  funciones en el sector  P\u00fablico desde las diferentes posiciones del Gobierno de la Rep\u00fablica Dominicana, \u00abentre ellos: Procurador Fiscal del Tribunal de Primera Instancia de Santo Domingo, Subsecretario de Interior y Polic\u00eda (1903), Comisionado Especial del Gobierno en Azua, Saman\u00e1 y Barahona (1904), C\u00f3nsul en La Habana (1905), en New York (1905) y en Hamburgo (1910), Gobernador de Santo Domingo (1913) y Miembro de la Comisi\u00f3n de Pensiones (1932).<\/p>\n<p>\u00abEstuvo casado en dos oportunidades, la primera con Prudencia Lluberes Contreras (Octubre de 1892) con quien procre\u00f3 a Prudencia Atala  (1897), Le\u00f3n Octavio (1894), y a Rafael; sus segundas nupcias las contrajo con Mar\u00eda Bonetti Ernest (1905), con quien procre\u00f3 a Margarita,  Fabio y Julia Amelia\u00bb.<\/p>\n<p>De su nacionalismo<\/p>\n<\/p>\n<p>Wikipedia tambi\u00e9n anota que la  actividad pol\u00edtica de Fabio Fiallo \u00ablimitaba su carrera de poeta. Estuvo preso por defender la nacionalidad dominicana ante la intervenci\u00f3n estadounidense de 1916 a 1924. Fue fundador de los peri\u00f3dicos El Hogar (1894), La Bandera Libre (1899), La Campa\u00f1a (1905) y Las Noticias (1920) y colaborador del List\u00edn Diario y El L\u00e1piz.<\/p>\n<p>\u00abFue apresado en los \u00faltimos meses de 1900 junto a Arturo Pellerano Alfau, director del List\u00edn Diario durante la escalada represiva contra la prensa del gobierno liberal de Juan Isidro Jimenes.  Fue miembro de la Asociaci\u00f3n Nacional de la Prensa, dirigida en 1916 por Arturo J. Pellerano Alfau y a la que pertenecieron tambi\u00e9n Am\u00e9rico Lugo, Conrado S\u00e1nchez, Juan Dur\u00e1n, Manuel A. Machado y F\u00e9lix Evaristo Mej\u00eda, entre otros.  A trav\u00e9s de esta agrupaci\u00f3n se realizaron las primeras denuncias a la comunidad internacional en oposici\u00f3n a la ocupaci\u00f3n de Estados Unidos en la Rep\u00fablica Dominicana.<\/p>\n<p>\u00abEn 1916, un simple comisario de polic\u00eda, recibiendo \u00f3rdenes del poder interventor, bajo el infundado alegato de estar involucrado en el movimiento revolucionario iniciado el 14 de abril que encabezaba Desiderio Arias, apres\u00f3 a Fiallo, siendo recluido en el homenaje (Fortaleza Ozama) junto al periodista venezolano Manuel Flores Cabrera, director del peri\u00f3dico Las Noticias. Fue condenado a cinco a\u00f1os de trabajo forzado y al pago de cinco mil pesos de multa, por haber publicado un art\u00edculo en el List\u00edn Diario antes de haberlo sometido a la comisi\u00f3n de censura. Pero la labor nacionalista de Fiallo no culmina con el fin de La Bandera Libre, sino que por el contrario se torn\u00f3 m\u00e1s radical y en el Congreso de la Prensa, celebrado en noviembre de 1920, propuso medidas radicales declarar \u00abtraidor a la Patria a cualquier individuo dominicano que acepte en cualquier circunstancia misi\u00f3n, empleo o cargo alguno en cualquier forma cooperara con el Gobierno interventor\u00bb y que el pueblo dominicano boicoteara el saludo, el trato y la palabra contra cualquier traidor dominicano\u00bb. <\/p>\n<p>Fabio Fiallo fue  fundador de los peri\u00f3dicos El Hogar, 1894, La Bandera Libre, 1899, La Campa\u00f1a, 1905, y Las Noticias, 1920.   <\/p>\n<\/p>\n<p>     Entre las obras de Fabio Fiallo se destacan \u00abPrimavera Sentimental\u00bb publicada en 1902,  y  \u00abPlan de Acci\u00f3n y Liberaci\u00f3n del Pueblo Dominicano, editada en 1922 y \u00abLa Comisi\u00f3n Nacionalista Dominicana en Washington\u00bb, 1939.<\/p>\n<\/p>\n<p>Asimismo, Fabio Fiallo fue  colaborador  de los peri\u00f3dicos  List\u00edn Diario y El L\u00e1piz.<\/p>\n<\/p>\n<\/p>\n<h6> 2020-08-28 22:22:24 <\/h6>\n<p><!--\n<link rel=\"stylesheet\" href=\"css\/bootstrap.min.css\">\n\n\n<ul class=\"pagination\">\n\t    \n\t\n\n<li >\n\t<a href='?page_no=274'>Previous<\/a>\n\t<\/li>\n\n\n       \n    \n\n<li><a href='?page_no=1'>1<\/a><\/li>\n\n\n\n<li><a href='?page_no=2'>2<\/a><\/li>\n\n\n\n<li><a>...<\/a><\/li>\n\n\n\n<li><a href='?page_no=273'>273<\/a><\/li>\n\n\n\n<li><a href='?page_no=274'>274<\/a><\/li>\n\n\n\n<li class='active'><a>275<\/a><\/li>\n\n\n\n<li><a href='?page_no=276'>276<\/a><\/li>\n\n\n\n<li><a href='?page_no=277'>277<\/a><\/li>\n\n\n\n<li><a>...<\/a><\/li>\n\n\n\n<li><a href='?page_no=22911'>22911<\/a><\/li>\n\n\n\n<li><a href='?page_no=22912'>22912<\/a><\/li>\n\n    \n\t\n\n<li >\n\t<a href='?page_no=276'>Next<\/a>\n\t<\/li>\n\n\n    \n\n<li><a href='?page_no=22912'>Last &rsaquo;&rsaquo;<\/a><\/li>\n\n<\/ul>\n\n\n--><br \/>\n<\/body><\/p>\n","protected":false},"excerpt":{"rendered":"<p>Diariodominicano.com El d\u00eda que falleci\u00f3 el poeta Fabio Fiallo Fabio Fiallo hab\u00eda nacido en la ciudad de Santo Domingo, el 3 de febrero de 1866, hijo de Ram\u00f3n Enrique Fiallo Rodr\u00edguez y Ana Mar\u00eda Cabral Figueredo. Curs\u00f3 estudios en la Facultad de Derecho en el Instituto Profesional, pero su participaci\u00f3n pol\u00edtica y la poes\u00eda lo [&hellip;]<\/p>\n","protected":false},"author":3,"featured_media":0,"comment_status":"open","ping_status":"open","sticky":false,"template":"","format":"standard","meta":{"footnotes":""},"categories":[21],"tags":[],"class_list":["post-50184","post","type-post","status-publish","format-standard","hentry","category-cultura"],"_links":{"self":[{"href":"https:\/\/diariodominicano.com\/index.php?rest_route=\/wp\/v2\/posts\/50184","targetHints":{"allow":["GET"]}}],"collection":[{"href":"https:\/\/diariodominicano.com\/index.php?rest_route=\/wp\/v2\/posts"}],"about":[{"href":"https:\/\/diariodominicano.com\/index.php?rest_route=\/wp\/v2\/types\/post"}],"author":[{"embeddable":true,"href":"https:\/\/diariodominicano.com\/index.php?rest_route=\/wp\/v2\/users\/3"}],"replies":[{"embeddable":true,"href":"https:\/\/diariodominicano.com\/index.php?rest_route=%2Fwp%2Fv2%2Fcomments&post=50184"}],"version-history":[{"count":0,"href":"https:\/\/diariodominicano.com\/index.php?rest_route=\/wp\/v2\/posts\/50184\/revisions"}],"wp:attachment":[{"href":"https:\/\/diariodominicano.com\/index.php?rest_route=%2Fwp%2Fv2%2Fmedia&parent=50184"}],"wp:term":[{"taxonomy":"category","embeddable":true,"href":"https:\/\/diariodominicano.com\/index.php?rest_route=%2Fwp%2Fv2%2Fcategories&post=50184"},{"taxonomy":"post_tag","embeddable":true,"href":"https:\/\/diariodominicano.com\/index.php?rest_route=%2Fwp%2Fv2%2Ftags&post=50184"}],"curies":[{"name":"wp","href":"https:\/\/api.w.org\/{rel}","templated":true}]}}