{"id":50173,"date":"2020-08-28T22:28:33","date_gmt":"2020-08-28T22:28:33","guid":{"rendered":"http:\/\/diariodominicano.ddns.net\/?p=50173"},"modified":"2020-08-28T22:28:33","modified_gmt":"2020-08-28T22:28:33","slug":"visitan-a-duarte-en-la-carcel-de-la-fortaleza-san-felipe","status":"publish","type":"post","link":"https:\/\/diariodominicano.com\/?p=50173","title":{"rendered":"Visitan a Duarte en la c\u00e1rcel de la Fortaleza San Felipe"},"content":{"rendered":"<p><body><\/p>\n<p><img decoding=\"async\" src=\"img3\/duarte4.jpg\" \/>  <\/p>\n<p><strong>Diariodominicano.com<\/strong><\/p>\n<p><strong>Visitan a Duarte en la c\u00e1rcel de la Fortaleza San Felipe<\/strong><\/p>\n<p><strong> Duarte hab\u00eda sido arrestado el 27 de agosto de 1844, por una patrulla militar en  Jamao, Puerto Plata, donde se encontraba  escondido en la residencia de su amigo el ex oficial del Ej\u00e9rcito franc\u00e9s  Pedro Eduardo Dubocq.<\/strong><\/p>\n<p><strong>Por H\u00e9ctor Tineo Nolasco<\/strong><\/p>\n<p><strong>Diariodominicano.com<\/strong><\/p>\n<p><strong>PUERTO PLATA,  el l 28 de agosto de 1844,<\/strong> Juan Pablo Duarte, quien estaba preso en la Fortaleza San Felipe de Puerto Plata,  fue visitado por varios amigos entre los que se encontraron    el  Presb\u00edtero Manuel Gonz\u00e1lez  Regalado y Mu\u00f1oz, y  el trinitario Juan Isidro P\u00e9rez.<\/p>\n<\/p>\n<p> Duarte hab\u00eda sido arrestado el 27 de agosto de 1844, por una patrulla militar en  Jamao, Puerto Plata, donde se encontraba  escondido en la residencia de su amigo el ex oficial del Ej\u00e9rcito franc\u00e9s  Pedro Eduardo Dubocq.<\/p>\n<\/p>\n<p>      La patrulla que apres\u00f3 a  Duarte, la comandaba el General Pedro Ram\u00f3n Mena, quien traslad\u00f3 al detenido a la Fortaleza San Felipe.<\/p>\n<\/p>\n<p>    En la prisi\u00f3n  Duarte fue visitado adem\u00e1s del   Presb\u00edtero Manuel Gonz\u00e1lez  Regalado y Mu\u00f1oz,  por otros amigos, incluido  el trinitario Juan Isidro P\u00e9rez.<\/p>\n<\/p>\n<p>    Fue en la c\u00e1rcel de San Felipe, en Puerto Plata, que Juan Isidro P\u00e9rez le expres\u00f3 a Duarte: <\/p>\n<\/p>\n<p>    \u00abS\u00e9 que vas a morir, y he venido a cumplir el sagrado juramento de dar mi vida por la tuya\u00bb.<\/p>\n<\/p>\n<p>     Horas despu\u00e9s  Duarte fue trasladado a Santo Domingo, para ser deportado, en virtud de una  disposici\u00f3n de la Junta Central Gubernativa  encabezada por el General Pedro Santana.<\/p>\n<\/p>\n<h6> 2020-08-28 22:28:33 <\/h6>\n<p><!--\n<link rel=\"stylesheet\" href=\"css\/bootstrap.min.css\">\n\n\n<ul class=\"pagination\">\n\t    \n\t\n\n<li >\n\t<a href='?page_no=273'>Previous<\/a>\n\t<\/li>\n\n\n       \n    \n\n<li><a href='?page_no=1'>1<\/a><\/li>\n\n\n\n<li><a href='?page_no=2'>2<\/a><\/li>\n\n\n\n<li><a>...<\/a><\/li>\n\n\n\n<li><a href='?page_no=272'>272<\/a><\/li>\n\n\n\n<li><a href='?page_no=273'>273<\/a><\/li>\n\n\n\n<li class='active'><a>274<\/a><\/li>\n\n\n\n<li><a href='?page_no=275'>275<\/a><\/li>\n\n\n\n<li><a href='?page_no=276'>276<\/a><\/li>\n\n\n\n<li><a>...<\/a><\/li>\n\n\n\n<li><a href='?page_no=22911'>22911<\/a><\/li>\n\n\n\n<li><a href='?page_no=22912'>22912<\/a><\/li>\n\n    \n\t\n\n<li >\n\t<a href='?page_no=275'>Next<\/a>\n\t<\/li>\n\n\n    \n\n<li><a href='?page_no=22912'>Last &rsaquo;&rsaquo;<\/a><\/li>\n\n<\/ul>\n\n\n--><br \/>\n<\/body><\/p>\n","protected":false},"excerpt":{"rendered":"<p>Diariodominicano.com Visitan a Duarte en la c\u00e1rcel de la Fortaleza San Felipe Duarte hab\u00eda sido arrestado el 27 de agosto de 1844, por una patrulla militar en Jamao, Puerto Plata, donde se encontraba escondido en la residencia de su amigo el ex oficial del Ej\u00e9rcito franc\u00e9s Pedro Eduardo Dubocq. Por H\u00e9ctor Tineo Nolasco Diariodominicano.com PUERTO [&hellip;]<\/p>\n","protected":false},"author":3,"featured_media":0,"comment_status":"open","ping_status":"open","sticky":false,"template":"","format":"standard","meta":{"footnotes":""},"categories":[21],"tags":[],"class_list":["post-50173","post","type-post","status-publish","format-standard","hentry","category-cultura"],"_links":{"self":[{"href":"https:\/\/diariodominicano.com\/index.php?rest_route=\/wp\/v2\/posts\/50173","targetHints":{"allow":["GET"]}}],"collection":[{"href":"https:\/\/diariodominicano.com\/index.php?rest_route=\/wp\/v2\/posts"}],"about":[{"href":"https:\/\/diariodominicano.com\/index.php?rest_route=\/wp\/v2\/types\/post"}],"author":[{"embeddable":true,"href":"https:\/\/diariodominicano.com\/index.php?rest_route=\/wp\/v2\/users\/3"}],"replies":[{"embeddable":true,"href":"https:\/\/diariodominicano.com\/index.php?rest_route=%2Fwp%2Fv2%2Fcomments&post=50173"}],"version-history":[{"count":0,"href":"https:\/\/diariodominicano.com\/index.php?rest_route=\/wp\/v2\/posts\/50173\/revisions"}],"wp:attachment":[{"href":"https:\/\/diariodominicano.com\/index.php?rest_route=%2Fwp%2Fv2%2Fmedia&parent=50173"}],"wp:term":[{"taxonomy":"category","embeddable":true,"href":"https:\/\/diariodominicano.com\/index.php?rest_route=%2Fwp%2Fv2%2Fcategories&post=50173"},{"taxonomy":"post_tag","embeddable":true,"href":"https:\/\/diariodominicano.com\/index.php?rest_route=%2Fwp%2Fv2%2Ftags&post=50173"}],"curies":[{"name":"wp","href":"https:\/\/api.w.org\/{rel}","templated":true}]}}