{"id":50165,"date":"2019-02-13T16:06:23","date_gmt":"2019-02-13T16:06:23","guid":{"rendered":"http:\/\/diariodominicano.ddns.net\/?p=50165"},"modified":"2025-12-29T01:03:47","modified_gmt":"2025-12-29T05:03:47","slug":"semanario-orbe-de-prensa-latina-presente-en-feria-del-libro-cubana","status":"publish","type":"post","link":"https:\/\/diariodominicano.com\/?p=50165","title":{"rendered":"Semanario Orbe de Prensa Latina presente en feria del libro cubana"},"content":{"rendered":"<p><body><\/p>\n<p>La Habana, 13 feb (PL) A prop\u00f3sito del aniversario 60 de la Agencia Informativa Latinoamericana Prensa Latina y los 20 a\u00f1os del Semanario Orbe, la instituci\u00f3n present\u00f3 hoy un ejemplar de esta publicaci\u00f3n en la 28 Feria Internacional del Libro.<\/p>\n<\/p>\n<p>El Pabell\u00f3n G4 de la Fortaleza San Carlos de La Caba\u00f1a, sede principal del evento, acogi\u00f3 el intercambio entre los hacedores del peri\u00f3dico y su p\u00fablico, quienes emitieron recomendaciones para su perfecci\u00f3n.<\/p>\n<\/p>\n<p>Uno de sus asiduos lectores Jos\u00e9 F. Bodez destac\u00f3 la dimensi\u00f3n internacional significativa de Orbe como divulgador del trabajo que realiza la agencia y sus corresponsales.<\/p>\n<\/p>\n<p>Bodez resalt\u00f3 la p\u00e1gina humor\u00edstica En Broma, una de las preferidas y refrescantes del suplemento que, seg\u00fan dijo, logra reflejar en peque\u00f1as c\u00e1psulas y con gran acierto su fuerza c\u00f3mica.<\/p>\n<\/p>\n<p>Igualmente, recomend\u00f3 realizar una secci\u00f3n de correo para facilitar esa retroalimentaci\u00f3n necesaria con los lectores.<\/p>\n<\/p>\n<p>Sobre este tema, el subdirector editorial Mario H. Garrido coment\u00f3 la necesidad de rescatar ese v\u00ednculo mediante la realizaci\u00f3n de encuentros para escuchar sus sugerencias y trabajar en correspondencia con sus solicitudes.<\/p>\n<\/p>\n<p>Por su parte, la economista Carmen Bas solicit\u00f3 mayor presencia de temas y an\u00e1lisis econ\u00f3micos por la importancia de estos en la actualidad cuando muchos conflictos pol\u00edticos derivan de ah\u00ed su fundamento.<\/p>\n<\/p>\n<p>Orbe comenz\u00f3 a circular en la ciudad de La Habana y actualmente se publican 50 mil ejemplares y tiene ediciones tambi\u00e9n en M\u00e9xico como tabloide del peri\u00f3dico La Jornada, El Salvador (co.Latino), Bolivia (Cambio) y Venezuela (4F).<\/p>\n<\/p>\n<p>Varias secciones tiene la tirada de 16 p\u00e1ginas que se caracteriza por sus textos reposados, con un estilo anal\u00edtico y la fusi\u00f3n de otros g\u00e9neros del periodismo como la cr\u00f3nica, el comentario y el reportaje.<\/p>\n<\/p>\n<p>De acuerdo con la din\u00e1mica de los tiempos, el semanario muestra nuevas secciones como la p\u00e1gina gr\u00e1fica donde los fotorreporteros exhiben su trabajo con im\u00e1genes de eventos, acontecimientos, ciudades del mundo, entre otros temas.<\/p>\n<\/p>\n<p>De las planas m\u00e1s le\u00eddas destacan las variedades, culturales y deportivas, las cuales adem\u00e1s de brindar informaci\u00f3n buscar aristas interesantes de tradiciones, festivales, curiosidades y elementos novedosos de la historia de los pa\u00edses.<\/p>\n<\/p>\n<p>rgh\/yrv<\/p>\n<h6> 2019-02-13 16:06:23 <\/h6>\n<p><!--\n<link rel=\"stylesheet\" href=\"css\/bootstrap.min.css\">\n\n\n<ul class=\"pagination\">\n\t    \n\t\n\n<li >\n\t<a href='?page_no=2731'>Previous<\/a>\n\t<\/li>\n\n\n       \n    \n\n<li><a href='?page_no=1'>1<\/a><\/li>\n\n\n\n<li><a href='?page_no=2'>2<\/a><\/li>\n\n\n\n<li><a>...<\/a><\/li>\n\n\n\n<li><a href='?page_no=2730'>2730<\/a><\/li>\n\n\n\n<li><a href='?page_no=2731'>2731<\/a><\/li>\n\n\n\n<li class='active'><a>2732<\/a><\/li>\n\n\n\n<li><a href='?page_no=2733'>2733<\/a><\/li>\n\n\n\n<li><a href='?page_no=2734'>2734<\/a><\/li>\n\n\n\n<li><a>...<\/a><\/li>\n\n\n\n<li><a href='?page_no=22911'>22911<\/a><\/li>\n\n\n\n<li><a href='?page_no=22912'>22912<\/a><\/li>\n\n    \n\t\n\n<li >\n\t<a href='?page_no=2733'>Next<\/a>\n\t<\/li>\n\n\n    \n\n<li><a href='?page_no=22912'>Last &rsaquo;&rsaquo;<\/a><\/li>\n\n<\/ul>\n\n\n--><br \/>\n<\/body><\/p>\n","protected":false},"excerpt":{"rendered":"<p>La Habana, 13 feb (PL) A prop\u00f3sito del aniversario 60 de la Agencia Informativa Latinoamericana Prensa Latina y los 20 a\u00f1os del Semanario Orbe, la instituci\u00f3n present\u00f3 hoy un ejemplar de esta publicaci\u00f3n en la 28 Feria Internacional del Libro. El Pabell\u00f3n G4 de la Fortaleza San Carlos de La Caba\u00f1a, sede principal del evento, [&hellip;]<\/p>\n","protected":false},"author":3,"featured_media":0,"comment_status":"open","ping_status":"open","sticky":false,"template":"","format":"standard","meta":{"footnotes":""},"categories":[21],"tags":[3556],"class_list":["post-50165","post","type-post","status-publish","format-standard","hentry","category-cultura","tag-prensa-latina"],"_links":{"self":[{"href":"https:\/\/diariodominicano.com\/index.php?rest_route=\/wp\/v2\/posts\/50165","targetHints":{"allow":["GET"]}}],"collection":[{"href":"https:\/\/diariodominicano.com\/index.php?rest_route=\/wp\/v2\/posts"}],"about":[{"href":"https:\/\/diariodominicano.com\/index.php?rest_route=\/wp\/v2\/types\/post"}],"author":[{"embeddable":true,"href":"https:\/\/diariodominicano.com\/index.php?rest_route=\/wp\/v2\/users\/3"}],"replies":[{"embeddable":true,"href":"https:\/\/diariodominicano.com\/index.php?rest_route=%2Fwp%2Fv2%2Fcomments&post=50165"}],"version-history":[{"count":1,"href":"https:\/\/diariodominicano.com\/index.php?rest_route=\/wp\/v2\/posts\/50165\/revisions"}],"predecessor-version":[{"id":657358,"href":"https:\/\/diariodominicano.com\/index.php?rest_route=\/wp\/v2\/posts\/50165\/revisions\/657358"}],"wp:attachment":[{"href":"https:\/\/diariodominicano.com\/index.php?rest_route=%2Fwp%2Fv2%2Fmedia&parent=50165"}],"wp:term":[{"taxonomy":"category","embeddable":true,"href":"https:\/\/diariodominicano.com\/index.php?rest_route=%2Fwp%2Fv2%2Fcategories&post=50165"},{"taxonomy":"post_tag","embeddable":true,"href":"https:\/\/diariodominicano.com\/index.php?rest_route=%2Fwp%2Fv2%2Ftags&post=50165"}],"curies":[{"name":"wp","href":"https:\/\/api.w.org\/{rel}","templated":true}]}}