{"id":50162,"date":"2020-08-28T22:42:29","date_gmt":"2020-08-28T22:42:29","guid":{"rendered":"http:\/\/diariodominicano.ddns.net\/?p=50162"},"modified":"2020-08-28T22:42:29","modified_gmt":"2020-08-28T22:42:29","slug":"partidos-de-oposicion-procuran-unidad-para-enfrentar-a-joaquin-balaguer","status":"publish","type":"post","link":"https:\/\/diariodominicano.com\/?p=50162","title":{"rendered":"Partidos de oposici\u00f3n procuran unidad para enfrentar a Joaqu\u00edn Balaguer"},"content":{"rendered":"<p><body><\/p>\n<p><img decoding=\"async\" src=\"img3\/balaguer30.jpg\" \/>  <\/p>\n<p><strong>Diariodominicano.com<\/strong><\/p>\n<p><strong>Partidos de oposici\u00f3n procuran unidad para enfrentar a Joaqu\u00edn Balaguer<\/strong><\/p>\n<p><strong>Lora fue electo vicepresidente de la Rep\u00fablica en las elecciones generales de 1966 como compa\u00f1ero de boleta de Balaguer.<\/strong><\/p>\n<p><strong>Por H\u00e9ctor Tineo Nolasco<\/strong><\/p>\n<p><strong>Diariodominicano.com<\/strong><\/p>\n<\/p>\n<p><strong>SANTO DOMINGO, el  29 de agosto de 1972,<\/strong> varios dirigentes de la oposici\u00f3n iniciaron conversaciones para formar un frente pol\u00edtico para enfrentar al Presidente Joaqu\u00edn Balaguer, quien era promovido por el Partido Reformista para una segunda reelecci\u00f3n presidencial.<\/p>\n<\/p>\n<p>     Entre las personalidades que se reunieron el 29 de agosto de 1972, se encontraban el l\u00edder del Partido Revolucionario Dominicano, el ex presidente Juan Bosch, el ex Presidente del Consejo de Estado, licenciado Rafael F. Bonelly, el presidente del Partido Revolucionario Social Cristiano, doctor Alfonso Moreno Mart\u00ednez y el ex vicepresidente Francisco Augusto Lora, presidente del Movimiento de Integraci\u00f3n Democr\u00e1tica (MIDA).<\/p>\n<\/p>\n<p>Lora fue electo vicepresidente de la Rep\u00fablica en las elecciones generales de 1966 como compa\u00f1ero de boleta de Balaguer.<\/p>\n<\/p>\n<p>El exvicepresidente abandon\u00f3 el Partido Reformista cuando el presidente Balaguer decidi\u00f3 repostularse en busca de su reelecci\u00f3n para otro per\u00edodo de gobierno.<\/p>\n<\/p>\n<\/p>\n<\/p>\n<h6> 2020-08-28 22:42:29 <\/h6>\n<p><!--\n<link rel=\"stylesheet\" href=\"css\/bootstrap.min.css\">\n\n\n<ul class=\"pagination\">\n\t    \n\t\n\n<li >\n\t<a href='?page_no=272'>Previous<\/a>\n\t<\/li>\n\n\n       \n    \n\n<li><a href='?page_no=1'>1<\/a><\/li>\n\n\n\n<li><a href='?page_no=2'>2<\/a><\/li>\n\n\n\n<li><a>...<\/a><\/li>\n\n\n\n<li><a href='?page_no=271'>271<\/a><\/li>\n\n\n\n<li><a href='?page_no=272'>272<\/a><\/li>\n\n\n\n<li class='active'><a>273<\/a><\/li>\n\n\n\n<li><a href='?page_no=274'>274<\/a><\/li>\n\n\n\n<li><a href='?page_no=275'>275<\/a><\/li>\n\n\n\n<li><a>...<\/a><\/li>\n\n\n\n<li><a href='?page_no=22911'>22911<\/a><\/li>\n\n\n\n<li><a href='?page_no=22912'>22912<\/a><\/li>\n\n    \n\t\n\n<li >\n\t<a href='?page_no=274'>Next<\/a>\n\t<\/li>\n\n\n    \n\n<li><a href='?page_no=22912'>Last &rsaquo;&rsaquo;<\/a><\/li>\n\n<\/ul>\n\n\n--><br \/>\n<\/body><\/p>\n","protected":false},"excerpt":{"rendered":"<p>Diariodominicano.com Partidos de oposici\u00f3n procuran unidad para enfrentar a Joaqu\u00edn Balaguer Lora fue electo vicepresidente de la Rep\u00fablica en las elecciones generales de 1966 como compa\u00f1ero de boleta de Balaguer. Por H\u00e9ctor Tineo Nolasco Diariodominicano.com SANTO DOMINGO, el 29 de agosto de 1972, varios dirigentes de la oposici\u00f3n iniciaron conversaciones para formar un frente pol\u00edtico [&hellip;]<\/p>\n","protected":false},"author":3,"featured_media":0,"comment_status":"open","ping_status":"open","sticky":false,"template":"","format":"standard","meta":{"footnotes":""},"categories":[21],"tags":[],"class_list":["post-50162","post","type-post","status-publish","format-standard","hentry","category-cultura"],"_links":{"self":[{"href":"https:\/\/diariodominicano.com\/index.php?rest_route=\/wp\/v2\/posts\/50162","targetHints":{"allow":["GET"]}}],"collection":[{"href":"https:\/\/diariodominicano.com\/index.php?rest_route=\/wp\/v2\/posts"}],"about":[{"href":"https:\/\/diariodominicano.com\/index.php?rest_route=\/wp\/v2\/types\/post"}],"author":[{"embeddable":true,"href":"https:\/\/diariodominicano.com\/index.php?rest_route=\/wp\/v2\/users\/3"}],"replies":[{"embeddable":true,"href":"https:\/\/diariodominicano.com\/index.php?rest_route=%2Fwp%2Fv2%2Fcomments&post=50162"}],"version-history":[{"count":0,"href":"https:\/\/diariodominicano.com\/index.php?rest_route=\/wp\/v2\/posts\/50162\/revisions"}],"wp:attachment":[{"href":"https:\/\/diariodominicano.com\/index.php?rest_route=%2Fwp%2Fv2%2Fmedia&parent=50162"}],"wp:term":[{"taxonomy":"category","embeddable":true,"href":"https:\/\/diariodominicano.com\/index.php?rest_route=%2Fwp%2Fv2%2Fcategories&post=50162"},{"taxonomy":"post_tag","embeddable":true,"href":"https:\/\/diariodominicano.com\/index.php?rest_route=%2Fwp%2Fv2%2Ftags&post=50162"}],"curies":[{"name":"wp","href":"https:\/\/api.w.org\/{rel}","templated":true}]}}