{"id":501596,"date":"2024-01-18T23:33:58","date_gmt":"2024-01-19T03:33:58","guid":{"rendered":"https:\/\/diariodominicano.com\/?p=501596"},"modified":"2024-01-18T23:33:58","modified_gmt":"2024-01-19T03:33:58","slug":"julio-romero-candidato-a-alcalde-de-fuerza-del-pueblo-en-santo-domingo-este-recibe-gran-demostracion-de-apoyo-fp","status":"publish","type":"post","link":"https:\/\/diariodominicano.com\/?p=501596","title":{"rendered":"Julio Romero candidato a alcalde de Fuerza del Pueblo en Santo Domingo Este recibe gran demostraci\u00f3n de apoyo: FP"},"content":{"rendered":"\n<p>De contundente y una gran\u00a0 demostraci\u00f3n defini\u00f3 la Circunscripci\u00f3n 1 de Fuerza del Pueblo ( FP) en Santo Domingo Este el recorrido encabezado la tarde del mi\u00e9rcoles por el candidato a la Alcald\u00eda de ese municipio por\u2002Fuerza del Pueblo  y aliados, Julio\u00a0 Romero.<\/p>\n\n\n\n<p>Una nota de ese organismo de la FP se\u00f1ala que junto a Romero, y su compa\u00f1era de boleta Norma Molina tambi\u00e9n participaron&nbsp; \u2018en el mano a mano\u2019\u2019 varios candidatos a regidores de la Fuerza del Pueblo, entre ellos Anibelka Rodr\u00edguez, \u00c1ngel Rivas, Janeiry Montero, Andreina Montero, Ruddy Castro Arias,&nbsp; Luis Rojas, Junior Montero y Luis Flores, este \u00faltimo actual regidor y aspirante a repetir en la posici\u00f3n.&nbsp;<\/p>\n\n\n\n<p>Adem\u00e1s, fue notoria la presencia de\u00a0\u00a0 los miembros de la Direcci\u00f3n Central y Ejecutiva de la Circunscripci\u00f3n Uno de la Fuerza del Pueblo Santo Domingo Este.<\/p>\n\n\n\n<p>La declaraci\u00f3n de prensa indica que\u00a0 la actividad arranc\u00f3 despu\u00e9s de las 3 de la tarde desde el parque de Villa Faro, y se extendi\u00f3\u00a0 por varios sectores que comprende la Circunscripci\u00f3n 1 del municipio Santo Domingo Este, donde la gente mostraba su simpat\u00eda por los candidatos del partido y aliados.<\/p>\n\n\n\n<p>Aprecia que se trat\u00f3 de una gran muestra de identificaci\u00f3n, de apoyo masivo de la gente de SDE a las candidaturas de Romero y Molina, as\u00ed como a las de otros aspirantes a cargos electivos del partido en ese municipio de la provincia Santo Domingo.<\/p>\n\n\n\n<p>Fue evidente\u2014agrega\u2014que el \u2018mano a mano \u2018\u2019se convirti\u00f3 en una gran demostraci\u00f3n de apoyo a la boleta integrada por Julio Romero y Norma Molina, a la Alcald\u00eda y Vicealcaldia de SDE.<\/p>\n\n\n\n<p>Asimismo, destaca el respaldo de los distintos organismos de la FP a Romero, Molina y otros candidatos del partido, con su presencia masiva en la actividad.<\/p>\n\n\n\n<p>Expresa que la gente del partido sabe la importancia que reviste en estos momentos calentar los tubos, la bater\u00eda y estar activos juntos en las calles y otros escenarios \u2019.<\/p>\n\n\n\n<p>Todos sabemos\u2014subraya\u2014 que estos son d\u00edas para estar en la calle para impulsar, respaldar a los hombres y mujeres postulados por el partido para ocupar posiciones y controlar los estamentos del gobierno municipal..<\/p>\n\n\n\n<p>En ese sentido, la Circunscripci\u00f3n Uno de la Fuerza del Pueblo resalta\u00a0 el entusiasmo reinante durante el mano\u00a0 a mano y la gran acogida de los habitantes de diferentes sectores de\u00a0 Santo Domingo Este, a favor de ROMERO y MOLINA, y de otros candidatos de la Fuerza Del Pueblo.<\/p>\n\n\n\n<p>jvargas6481@gmail.com<\/p>\n","protected":false},"excerpt":{"rendered":"<p>De contundente y una gran\u00a0 demostraci\u00f3n defini\u00f3 la Circunscripci\u00f3n 1 de Fuerza del Pueblo ( FP) en Santo Domingo Este el recorrido encabezado la tarde del mi\u00e9rcoles por el candidato a la Alcald\u00eda de ese municipio por\u2002Fuerza del Pueblo y aliados, Julio\u00a0 Romero. Una nota de ese organismo de la FP se\u00f1ala que junto a [&hellip;]<\/p>\n","protected":false},"author":28,"featured_media":501597,"comment_status":"closed","ping_status":"","sticky":true,"template":"","format":"standard","meta":{"footnotes":""},"categories":[22,27],"tags":[],"class_list":["post-501596","post","type-post","status-publish","format-standard","has-post-thumbnail","hentry","category-politica","category-portada"],"_links":{"self":[{"href":"https:\/\/diariodominicano.com\/index.php?rest_route=\/wp\/v2\/posts\/501596","targetHints":{"allow":["GET"]}}],"collection":[{"href":"https:\/\/diariodominicano.com\/index.php?rest_route=\/wp\/v2\/posts"}],"about":[{"href":"https:\/\/diariodominicano.com\/index.php?rest_route=\/wp\/v2\/types\/post"}],"author":[{"embeddable":true,"href":"https:\/\/diariodominicano.com\/index.php?rest_route=\/wp\/v2\/users\/28"}],"replies":[{"embeddable":true,"href":"https:\/\/diariodominicano.com\/index.php?rest_route=%2Fwp%2Fv2%2Fcomments&post=501596"}],"version-history":[{"count":1,"href":"https:\/\/diariodominicano.com\/index.php?rest_route=\/wp\/v2\/posts\/501596\/revisions"}],"predecessor-version":[{"id":501598,"href":"https:\/\/diariodominicano.com\/index.php?rest_route=\/wp\/v2\/posts\/501596\/revisions\/501598"}],"wp:featuredmedia":[{"embeddable":true,"href":"https:\/\/diariodominicano.com\/index.php?rest_route=\/wp\/v2\/media\/501597"}],"wp:attachment":[{"href":"https:\/\/diariodominicano.com\/index.php?rest_route=%2Fwp%2Fv2%2Fmedia&parent=501596"}],"wp:term":[{"taxonomy":"category","embeddable":true,"href":"https:\/\/diariodominicano.com\/index.php?rest_route=%2Fwp%2Fv2%2Fcategories&post=501596"},{"taxonomy":"post_tag","embeddable":true,"href":"https:\/\/diariodominicano.com\/index.php?rest_route=%2Fwp%2Fv2%2Ftags&post=501596"}],"curies":[{"name":"wp","href":"https:\/\/api.w.org\/{rel}","templated":true}]}}