{"id":501592,"date":"2024-01-18T23:22:25","date_gmt":"2024-01-19T03:22:25","guid":{"rendered":"https:\/\/diariodominicano.com\/?p=501592"},"modified":"2024-01-18T23:22:25","modified_gmt":"2024-01-19T03:22:25","slug":"gobierno-del-prm-abandona-y-es-indiferente-al-campo-dominicano-gabinete-tecnico-del-pld","status":"publish","type":"post","link":"https:\/\/diariodominicano.com\/?p=501592","title":{"rendered":"Gobierno del PRM abandona y es indiferente al campo dominicano: Gabinete T\u00e9cnico del PLD"},"content":{"rendered":"\n<p><em>Presencia de plagas y enfermedades ameritan declaratoria de Emergencia Fitosanitaria Nacional recomienda el \u00a0<strong>Gabinete T\u00e9cnico del PLD<\/strong><\/em><\/p>\n\n\n\n<p><strong>El Partido de la Liberaci\u00f3n Dominicana<\/strong>&nbsp;reclama al Gobierno la declaratoria de Emergencia Nacional para que se proceda al combate de Plagas y Enfermedades que han diezmado la producci\u00f3n agropecuaria nacional en detrimento de las mujeres y hombres del campo, situaci\u00f3n que pone en peligro la seguridad alimentaria y los compromisos de exportaci\u00f3n de la Rep\u00fablica Dominicana.&nbsp;<\/p>\n\n\n\n<p>La reclamaci\u00f3n fue hecha en rueda de prensa este jueves por el Gabinete T\u00e9cnico de esa organizaci\u00f3n en la Casa Nacional Reinaldo Pared P\u00e9rez del PLD en la que fungi\u00f3 como vocero&nbsp;<strong>Geovanny Arias, de la secretar\u00eda de Asuntos Agropecuarios.<\/strong><strong><\/strong><\/p>\n\n\n\n<figure class=\"wp-block-image size-large\"><img loading=\"lazy\" decoding=\"async\" width=\"1024\" height=\"606\" src=\"https:\/\/diariodominicano.com\/wp-content\/uploads\/2024\/01\/RdPGav.Tec-5-1024x606.jpeg\" alt=\"\" class=\"wp-image-501594\" srcset=\"https:\/\/diariodominicano.com\/wp-content\/uploads\/2024\/01\/RdPGav.Tec-5-1024x606.jpeg 1024w, https:\/\/diariodominicano.com\/wp-content\/uploads\/2024\/01\/RdPGav.Tec-5-300x177.jpeg 300w, https:\/\/diariodominicano.com\/wp-content\/uploads\/2024\/01\/RdPGav.Tec-5-768x454.jpeg 768w, https:\/\/diariodominicano.com\/wp-content\/uploads\/2024\/01\/RdPGav.Tec-5-816x483.jpeg 816w, https:\/\/diariodominicano.com\/wp-content\/uploads\/2024\/01\/RdPGav.Tec-5.jpeg 1346w\" sizes=\"auto, (max-width: 1024px) 100vw, 1024px\" \/><\/figure>\n\n\n\n<p>El Gabinete T\u00e9cnico denunci\u00f3 que la situaci\u00f3n fitosanitaria de Rep\u00fablica Dominicana es de extrema preocupaci\u00f3n en raz\u00f3n de las diferentes plagas que afectan cultivos importantes y la ausencia de una aplicaci\u00f3n correcta y oportuna de los protocolos para controlar y combatir dichas plagas.<\/p>\n\n\n\n<p>Recuerda que, con la llegada al pa\u00eds en el 2020 de la Peste Porcina Africana, el p\u00e9simo manejo de las autoridades ante esa enfermedad, obviando la aplicaci\u00f3n del protocolo internacional para su manejo, trajo como lamentable resultado la proliferaci\u00f3n del virus que ocasiona la patolog\u00eda animal en todo el territorio nacional dejando grandes p\u00e9rdidas y la quiebra de gran parte de los porcicultores del pa\u00eds.<\/p>\n\n\n\n<p>Asimismo, el abandono del programa de control de la Sigatoka Negra de parte de las autoridades en los tres a\u00f1os de Gobierno del PRM en los cultivos de las mus\u00e1ceas (Pl\u00e1tano), ha tra\u00eddo como consecuencia una reducci\u00f3n en la producci\u00f3n de este producto altamente preferido en la mesa de los dominicanos y como resultado un alza en su precio llegando a cotizarse durante m\u00e1s de un a\u00f1o entre 35 y 40 pesos la unidad.<\/p>\n\n\n\n<p>En la rueda de prensa Geovanny Arias mostr\u00f3 seis pl\u00e1tanos peque\u00f1os comprados en un establecimiento cercano que le cost\u00f3 200 pesos, presentando la factura como comprobante.<\/p>\n\n\n\n<p>De igual forma se refiri\u00f3, al ataque despiadado del insecto identificado como Trips a las plantaciones de leguminosas (habichuelas) en la provincia de San Juan, que ya han superado el 75 por ciento de p\u00e9rdidas de su producci\u00f3n.<\/p>\n\n\n\n<p>Considera como un golpe mortal a los productores, previamente afectados por la masiva importaci\u00f3n que ha caracterizado este gobierno y que ha llevado a los agricultores&nbsp;&nbsp; a abandonar esta noble actividad en detrimento del consumidor.<\/p>\n\n\n\n<p>A prop\u00f3sito de este insecto, tambi\u00e9n los cosecheros de tabaco de la regi\u00f3n del Cibao han denunciado la presencia en esa zona y como consecuencia, la p\u00e9rdida del 25 por ciento de la producci\u00f3n de la arom\u00e1tica hoja.<\/p>\n\n\n\n<p>Revel\u00f3 que se conoce del avance de la presencia del Achatina Fulica (Caracol Gigante) en la regi\u00f3n Este de Rep\u00fablica Dominicana, plaga que puede atacar m\u00e1s de 50 cultivos ante la mirada indiferente del Gobierno.<\/p>\n\n\n\n<p>\u201cPara ponerle la tapa al pomo las propias autoridades de agricultura han informado de la presencia en nuestro territorio de la llamada Mosca del Mediterr\u00e1neo, considerada una de las plagas de mayor impacto en la producci\u00f3n agr\u00edcola de cualquier pa\u00eds y cuya proliferaci\u00f3n se explica por la ausencia de controles Fito zoosanitarios en puertos, aeropuertos y puntos fronterizos\u201d dijo Arias, teniendo a su lado a Carlos Segura Foster, Cleotilde Rodr\u00edguez, Rufino Aquino y Nicolas Brito.<\/p>\n\n\n\n<p><strong>SECRETARIA DE COMUNICACIONES<\/strong><\/p>\n\n\n\n<p><strong>18 DE ENERO, 2024.-<\/strong><\/p>\n","protected":false},"excerpt":{"rendered":"<p>Presencia de plagas y enfermedades ameritan declaratoria de Emergencia Fitosanitaria Nacional recomienda el \u00a0Gabinete T\u00e9cnico del PLD El Partido de la Liberaci\u00f3n Dominicana&nbsp;reclama al Gobierno la declaratoria de Emergencia Nacional para que se proceda al combate de Plagas y Enfermedades que han diezmado la producci\u00f3n agropecuaria nacional en detrimento de las mujeres y hombres del [&hellip;]<\/p>\n","protected":false},"author":28,"featured_media":501593,"comment_status":"closed","ping_status":"","sticky":true,"template":"","format":"standard","meta":{"footnotes":""},"categories":[22,27],"tags":[],"class_list":["post-501592","post","type-post","status-publish","format-standard","has-post-thumbnail","hentry","category-politica","category-portada"],"_links":{"self":[{"href":"https:\/\/diariodominicano.com\/index.php?rest_route=\/wp\/v2\/posts\/501592","targetHints":{"allow":["GET"]}}],"collection":[{"href":"https:\/\/diariodominicano.com\/index.php?rest_route=\/wp\/v2\/posts"}],"about":[{"href":"https:\/\/diariodominicano.com\/index.php?rest_route=\/wp\/v2\/types\/post"}],"author":[{"embeddable":true,"href":"https:\/\/diariodominicano.com\/index.php?rest_route=\/wp\/v2\/users\/28"}],"replies":[{"embeddable":true,"href":"https:\/\/diariodominicano.com\/index.php?rest_route=%2Fwp%2Fv2%2Fcomments&post=501592"}],"version-history":[{"count":1,"href":"https:\/\/diariodominicano.com\/index.php?rest_route=\/wp\/v2\/posts\/501592\/revisions"}],"predecessor-version":[{"id":501595,"href":"https:\/\/diariodominicano.com\/index.php?rest_route=\/wp\/v2\/posts\/501592\/revisions\/501595"}],"wp:featuredmedia":[{"embeddable":true,"href":"https:\/\/diariodominicano.com\/index.php?rest_route=\/wp\/v2\/media\/501593"}],"wp:attachment":[{"href":"https:\/\/diariodominicano.com\/index.php?rest_route=%2Fwp%2Fv2%2Fmedia&parent=501592"}],"wp:term":[{"taxonomy":"category","embeddable":true,"href":"https:\/\/diariodominicano.com\/index.php?rest_route=%2Fwp%2Fv2%2Fcategories&post=501592"},{"taxonomy":"post_tag","embeddable":true,"href":"https:\/\/diariodominicano.com\/index.php?rest_route=%2Fwp%2Fv2%2Ftags&post=501592"}],"curies":[{"name":"wp","href":"https:\/\/api.w.org\/{rel}","templated":true}]}}