{"id":501509,"date":"2024-01-18T15:10:39","date_gmt":"2024-01-18T19:10:39","guid":{"rendered":"https:\/\/diariodominicano.com\/?p=501509"},"modified":"2024-01-18T15:10:39","modified_gmt":"2024-01-18T19:10:39","slug":"miguel-vargas-juramenta-diputada-yari-encarnacion-y-anuncia-sera-candidata-a-senadora-por-san-jose-de-ocoa","status":"publish","type":"post","link":"https:\/\/diariodominicano.com\/?p=501509","title":{"rendered":"Miguel Vargas juramenta diputada Yari Encarnaci\u00f3n y anuncia ser\u00e1 candidata a senadora por San Jos\u00e9 de Ocoa"},"content":{"rendered":"\n<p>diariodominicano.com<\/p>\n\n\n\n<p>Santo Domingo, R. D., 18 de enero, 2024.- El presidente del Partido Revolucionario Dominicano (PRD), ingeniero Miguel Vargas Maldonado, encabez\u00f3 el acto de juramentaci\u00f3n e ingreso a esta organizaci\u00f3n de la diputada Altagracia Yarelys Encarnaci\u00f3n Ger\u00f3nimo.<\/p>\n\n\n\n<p>Se trata de una destacada l\u00edder pol\u00edtica, quien formaliz\u00f3 su renuncia al partido de gobierno.<\/p>\n\n\n\n<p>En la actividad, donde Vargas estuvo acompa\u00f1ado de una comitiva de la Direcci\u00f3n Nacional del PRD, se anunci\u00f3 que la legisladora ser\u00e1 su candidata a senadora en San Jos\u00e9 de Ocoa.<\/p>\n\n\n\n<p>Adem\u00e1s de su equipo pol\u00edtico, la diputada estuvo junto a su esposo, el connotado dirigente y estratega pol\u00edtico Luis Su\u00e1rez.<\/p>\n\n\n\n<p>\u201cUstedes hoy asumen deberes importantes, pero tambi\u00e9n adquieren derechos importantes dentro del Partido Revolucionario Dominicano\u201d, declar\u00f3 el presidente de la organizaci\u00f3n.<\/p>\n\n\n\n<p>\u201cEsta es la casa de Jos\u00e9 Francisco Pe\u00f1a G\u00f3mez. El PRD es el emblema de la democracia y la libertad en la Rep\u00fablica Dominicana\u201d, agreg\u00f3 el tambi\u00e9n candidato presidencial. Vargas expres\u00f3 el inter\u00e9s del partido opositor en avanzar para ser tambi\u00e9n el s\u00edmbolo del desarrollo social y econ\u00f3mico del pa\u00eds.<\/p>\n\n\n\n<p><strong>Habla la diputada Yarelys (Yari) Encarnaci\u00f3n<\/strong><\/p>\n\n\n\n<p>Al dirigirse a los presentes, Encarnaci\u00f3n manifest\u00f3 su inter\u00e9s en continuar trabajando en favor de San Jos\u00e9 de Ocoa y el pa\u00eds desde el Senado de la Rep\u00fablica.<\/p>\n\n\n\n<p>Agradeci\u00f3 al PRD y su presidente, \u201cporque entendemos que creen en la mujer y la juventud. Como muestra de ello, v\u00e9anme aqu\u00ed\u201d.<\/p>\n\n\n\n<p>Precis\u00f3 que su salida del partido oficialista obedece a \u201cla incoherencia con los hechos y la palabra empe\u00f1ada, as\u00ed como el privilegio a los verdugos del pasado\u201d. Manifest\u00f3 que ese err\u00e1tico accionar result\u00f3 \u201cen detrimento de los compa\u00f1eros sacrificados de siempre\u201d. A\u00f1adi\u00f3 que dichos factores \u201chan erosionado mi confianza y desviaron nuestra causa com\u00fan\u201d.<\/p>\n\n\n\n<p>La diputada exhort\u00f3 a sus compa\u00f1eros perrede\u00edstas y unir esfuerzos de cara a los pr\u00f3ximos comicios. \u201cRedoblemos el trabajo para que, ahora en febrero, saquemos a flote los candidatos y candidatas a las alcald\u00edas, a directores distritales, regidores y vocales\u201d, prosigui\u00f3.<\/p>\n\n\n\n<p>Encarnaci\u00f3n dijo que de ese modo construir\u00e1n \u201cun camino llano para mayo\u201d, a fin de obtener \u201clas mayor\u00edas de diputados, senadores, y lo m\u00e1s importante, nuestro presidente, Miguel Vargas Maldonado\u201d.<\/p>\n\n\n\n<p>\u201cEstoy muy confiada en que ahora en el PRD vamos a hacer mucho por nuestro pa\u00eds. Estamos a la disposici\u00f3n para continuar sirviendo a la Rep\u00fablica Dominicana\u201d, puntualiz\u00f3.<\/p>\n\n\n\n<p>Comunicaci\u00f3n Integral Rep Dom<\/p>\n\n\n\n<p><a target=\"_blank\" href=\"mailto:comunicacionintegralrepdom@gmail.com\" rel=\"noreferrer noopener\">comunicacionintegralrepdom@gmail.com<\/a><\/p>\n","protected":false},"excerpt":{"rendered":"<p>diariodominicano.com Santo Domingo, R. D., 18 de enero, 2024.- El presidente del Partido Revolucionario Dominicano (PRD), ingeniero Miguel Vargas Maldonado, encabez\u00f3 el acto de juramentaci\u00f3n e ingreso a esta organizaci\u00f3n de la diputada Altagracia Yarelys Encarnaci\u00f3n Ger\u00f3nimo. Se trata de una destacada l\u00edder pol\u00edtica, quien formaliz\u00f3 su renuncia al partido de gobierno. En la actividad, [&hellip;]<\/p>\n","protected":false},"author":5,"featured_media":501510,"comment_status":"closed","ping_status":"","sticky":true,"template":"","format":"standard","meta":{"footnotes":""},"categories":[22,27],"tags":[],"class_list":["post-501509","post","type-post","status-publish","format-standard","has-post-thumbnail","hentry","category-politica","category-portada"],"_links":{"self":[{"href":"https:\/\/diariodominicano.com\/index.php?rest_route=\/wp\/v2\/posts\/501509","targetHints":{"allow":["GET"]}}],"collection":[{"href":"https:\/\/diariodominicano.com\/index.php?rest_route=\/wp\/v2\/posts"}],"about":[{"href":"https:\/\/diariodominicano.com\/index.php?rest_route=\/wp\/v2\/types\/post"}],"author":[{"embeddable":true,"href":"https:\/\/diariodominicano.com\/index.php?rest_route=\/wp\/v2\/users\/5"}],"replies":[{"embeddable":true,"href":"https:\/\/diariodominicano.com\/index.php?rest_route=%2Fwp%2Fv2%2Fcomments&post=501509"}],"version-history":[{"count":1,"href":"https:\/\/diariodominicano.com\/index.php?rest_route=\/wp\/v2\/posts\/501509\/revisions"}],"predecessor-version":[{"id":501511,"href":"https:\/\/diariodominicano.com\/index.php?rest_route=\/wp\/v2\/posts\/501509\/revisions\/501511"}],"wp:featuredmedia":[{"embeddable":true,"href":"https:\/\/diariodominicano.com\/index.php?rest_route=\/wp\/v2\/media\/501510"}],"wp:attachment":[{"href":"https:\/\/diariodominicano.com\/index.php?rest_route=%2Fwp%2Fv2%2Fmedia&parent=501509"}],"wp:term":[{"taxonomy":"category","embeddable":true,"href":"https:\/\/diariodominicano.com\/index.php?rest_route=%2Fwp%2Fv2%2Fcategories&post=501509"},{"taxonomy":"post_tag","embeddable":true,"href":"https:\/\/diariodominicano.com\/index.php?rest_route=%2Fwp%2Fv2%2Ftags&post=501509"}],"curies":[{"name":"wp","href":"https:\/\/api.w.org\/{rel}","templated":true}]}}