{"id":501485,"date":"2024-01-18T12:33:13","date_gmt":"2024-01-18T16:33:13","guid":{"rendered":"https:\/\/diariodominicano.com\/?p=501485"},"modified":"2024-01-18T12:33:13","modified_gmt":"2024-01-18T16:33:13","slug":"hipolito-mejia-encabezara-este-viernes-acto-de-investidura-del-instituto-jose-francisco-pena-gomez","status":"publish","type":"post","link":"https:\/\/diariodominicano.com\/?p=501485","title":{"rendered":"Hip\u00f3lito\u00a0Mej\u00eda encabezar\u00e1 este viernes acto de investidura del Instituto Jos\u00e9\u00a0Francisco Pe\u00f1a G\u00f3mez\u00a0"},"content":{"rendered":"\n<p>diariodominicano.com<\/p>\n\n\n\n<p>Santo Domingo, R. D.,\u200218 de enero, 2024.-\u2002El expresidente de la Rep\u00fablica, Hip\u00f3lito Mej\u00eda, encabezar\u00e1 el acto de investidura de la XIII graduaci\u00f3n ordinaria de egresados del Instituto de Formaci\u00f3n Pol\u00edtica, doctor\u00a0 Jos\u00e9 Francisco Pe\u00f1a G\u00f3mez,\u00a0 IFPJFPG,\u00a0 del cual es presidente fundador.\u00a0<\/p>\n\n\n\n<p>La actividad ser\u00e1 celebrada en el aula Magna de la Universidad Aut\u00f3noma de Santo Domingo, UASD, este viernes 19&nbsp;<\/p>\n\n\n\n<p>de los corrientes, a partir de las 4:00 de la tarde y, forma parte de los actos en homenaje al l\u00edder pol\u00edtico dominicano con motivo del 25 aniversario de su fallecimiento.&nbsp;<\/p>\n\n\n\n<p>En el mismo participar\u00e1n representaciones de las Universidades: Cat\u00f3lica Santo Domingo,&nbsp; UCSD,&nbsp; de la UASD, del Ministerio&nbsp; de Educaci\u00f3n Superior,&nbsp; MESCYT, autoridades del propio IFPJFPG,&nbsp; entre otras.&nbsp;<\/p>\n\n\n\n<p>Los graduandos&nbsp;cursaron DIPLOMADOS:&nbsp;<br>1. Gerencia Pol\u00edtica y Gesti\u00f3n de Gobierno.<br>2. Econom\u00eda para no Economistas.<br>3. Planificaci\u00f3n Estrat\u00e9gica.<br>4. Auditor\u00eda de Gesti\u00f3n P\u00fablica y Privada<br>5. Gesti\u00f3n P\u00fablica de Calidad.<\/p>\n\n\n\n<p>Adem\u00e1s&nbsp;los cursos:&nbsp;<br>1. G\u00e9nero, Ciudadan\u00eda y Pol\u00edtica,<br>2. Inducci\u00f3n a la Pr\u00e1ctica Congresual. El Voto Ciudadano,<br>3. Formaci\u00f3n Electoral,<br>4. Gerencia Electoral,<br>5. Contrataci\u00f3n de Bienes, Compras y Servicios. Ley 340-06,<br>6. Estudio de los Partidos Pol\u00edticos en la Rep\u00fablica Dominicana.<\/p>\n\n\n\n<p>Direcci\u00f3n&nbsp;de Prensa.<\/p>\n","protected":false},"excerpt":{"rendered":"<p>diariodominicano.com Santo Domingo, R. D.,\u200218 de enero, 2024.-\u2002El expresidente de la Rep\u00fablica, Hip\u00f3lito Mej\u00eda, encabezar\u00e1 el acto de investidura de la XIII graduaci\u00f3n ordinaria de egresados del Instituto de Formaci\u00f3n Pol\u00edtica, doctor\u00a0 Jos\u00e9 Francisco Pe\u00f1a G\u00f3mez,\u00a0 IFPJFPG,\u00a0 del cual es presidente fundador.\u00a0 La actividad ser\u00e1 celebrada en el aula Magna de la Universidad Aut\u00f3noma de [&hellip;]<\/p>\n","protected":false},"author":5,"featured_media":501486,"comment_status":"closed","ping_status":"","sticky":true,"template":"","format":"standard","meta":{"footnotes":""},"categories":[20,22,27],"tags":[],"class_list":["post-501485","post","type-post","status-publish","format-standard","has-post-thumbnail","hentry","category-dominicana-hoy","category-politica","category-portada"],"_links":{"self":[{"href":"https:\/\/diariodominicano.com\/index.php?rest_route=\/wp\/v2\/posts\/501485","targetHints":{"allow":["GET"]}}],"collection":[{"href":"https:\/\/diariodominicano.com\/index.php?rest_route=\/wp\/v2\/posts"}],"about":[{"href":"https:\/\/diariodominicano.com\/index.php?rest_route=\/wp\/v2\/types\/post"}],"author":[{"embeddable":true,"href":"https:\/\/diariodominicano.com\/index.php?rest_route=\/wp\/v2\/users\/5"}],"replies":[{"embeddable":true,"href":"https:\/\/diariodominicano.com\/index.php?rest_route=%2Fwp%2Fv2%2Fcomments&post=501485"}],"version-history":[{"count":1,"href":"https:\/\/diariodominicano.com\/index.php?rest_route=\/wp\/v2\/posts\/501485\/revisions"}],"predecessor-version":[{"id":501487,"href":"https:\/\/diariodominicano.com\/index.php?rest_route=\/wp\/v2\/posts\/501485\/revisions\/501487"}],"wp:featuredmedia":[{"embeddable":true,"href":"https:\/\/diariodominicano.com\/index.php?rest_route=\/wp\/v2\/media\/501486"}],"wp:attachment":[{"href":"https:\/\/diariodominicano.com\/index.php?rest_route=%2Fwp%2Fv2%2Fmedia&parent=501485"}],"wp:term":[{"taxonomy":"category","embeddable":true,"href":"https:\/\/diariodominicano.com\/index.php?rest_route=%2Fwp%2Fv2%2Fcategories&post=501485"},{"taxonomy":"post_tag","embeddable":true,"href":"https:\/\/diariodominicano.com\/index.php?rest_route=%2Fwp%2Fv2%2Ftags&post=501485"}],"curies":[{"name":"wp","href":"https:\/\/api.w.org\/{rel}","templated":true}]}}