{"id":50129,"date":"2020-08-28T23:03:19","date_gmt":"2020-08-28T23:03:19","guid":{"rendered":"http:\/\/diariodominicano.ddns.net\/?p=50129"},"modified":"2020-08-28T23:03:19","modified_gmt":"2020-08-28T23:03:19","slug":"espana-refuerza-su-ejercito-para-combatir-a-los-restauradores","status":"publish","type":"post","link":"https:\/\/diariodominicano.com\/?p=50129","title":{"rendered":"&#13;&#13;&#13;&#13;Espa\u00f1a refuerza su Ej\u00e9rcito para combatir a los restauradores"},"content":{"rendered":"<p><body><\/p>\n<p><strong>Diariodominicano.com<\/strong><\/p>\n<p><strong>Espa\u00f1a refuerza su Ej\u00e9rcito para combatir a los restauradores <\/strong><\/p>\n<p><strong> La disposici\u00f3n fue autorizada por el Gobernador de Puerto Rico, General  Mesina. Fue el segundo refuerzo militar enviados por las gobernaciones de Espa\u00f1a en el Caribe para tratar de aplastar  el  movimiento restaurador.<\/strong><\/p>\n<p><strong>Por H\u00e9ctor Tineo Nolasco<\/strong><\/p>\n<p><strong>Diariodominicano.com<\/strong><\/p>\n<p><strong>PUERTO PLATA, el  29 de agosto de 1863<\/strong>, durante la Guerra de la Restauraci\u00f3n,  las fuerzas anexionistas recibieron nuevos refuerzos militares con la llegada del Batall\u00f3n Puerto Rico, enviado por la Gobernaci\u00f3n Espa\u00f1ola en la isla de Puerto Rico.<\/p>\n<\/p>\n<p>      Los militares espa\u00f1oles llegaron a Puerto Plata, procedentes de Puerto Rico, en el vapor  \u00abCorreo de Espa\u00f1a\u00bb.  <\/p>\n<\/p>\n<p>    La disposici\u00f3n fue autorizada por el Gobernador de Puerto Rico, General  Mesina. Fue el segundo refuerzo militar enviados por las gobernaciones de Espa\u00f1a en el Caribe para tratar de aplastar  el  movimiento restaurador.<\/p>\n<\/p>\n<p>    El d\u00eda 27 de agosto de 1863, llegaron a Puerto Plata,  en el vapor \u00abIsabel  II\u00bb, los primeros refuerzos militares espa\u00f1oles que se sumaron a los anexionistas que luchaban contra los restauradores en la l\u00ednea Noroeste y en varios puntos del pa\u00eds.<\/p>\n<\/p>\n<p>   Ese mismo d\u00eda, fuerzas dominicanas comandadas por el general Gregorio Lora, secundado por Juan Nouesit, tomaron a Puerto Plata.<\/p>\n<h6> 2020-08-28 23:03:19 <\/h6>\n<p><!--\n<link rel=\"stylesheet\" href=\"css\/bootstrap.min.css\">\n\n\n<ul class=\"pagination\">\n\t    \n\t\n\n<li >\n\t<a href='?page_no=269'>Previous<\/a>\n\t<\/li>\n\n\n       \n    \n\n<li><a href='?page_no=1'>1<\/a><\/li>\n\n\n\n<li><a href='?page_no=2'>2<\/a><\/li>\n\n\n\n<li><a>...<\/a><\/li>\n\n\n\n<li><a href='?page_no=268'>268<\/a><\/li>\n\n\n\n<li><a href='?page_no=269'>269<\/a><\/li>\n\n\n\n<li class='active'><a>270<\/a><\/li>\n\n\n\n<li><a href='?page_no=271'>271<\/a><\/li>\n\n\n\n<li><a href='?page_no=272'>272<\/a><\/li>\n\n\n\n<li><a>...<\/a><\/li>\n\n\n\n<li><a href='?page_no=22911'>22911<\/a><\/li>\n\n\n\n<li><a href='?page_no=22912'>22912<\/a><\/li>\n\n    \n\t\n\n<li >\n\t<a href='?page_no=271'>Next<\/a>\n\t<\/li>\n\n\n    \n\n<li><a href='?page_no=22912'>Last &rsaquo;&rsaquo;<\/a><\/li>\n\n<\/ul>\n\n\n--><br \/>\n<\/body><\/p>\n","protected":false},"excerpt":{"rendered":"<p>Diariodominicano.com Espa\u00f1a refuerza su Ej\u00e9rcito para combatir a los restauradores La disposici\u00f3n fue autorizada por el Gobernador de Puerto Rico, General Mesina. Fue el segundo refuerzo militar enviados por las gobernaciones de Espa\u00f1a en el Caribe para tratar de aplastar el movimiento restaurador. Por H\u00e9ctor Tineo Nolasco Diariodominicano.com PUERTO PLATA, el 29 de agosto de [&hellip;]<\/p>\n","protected":false},"author":3,"featured_media":0,"comment_status":"open","ping_status":"open","sticky":false,"template":"","format":"standard","meta":{"footnotes":""},"categories":[21],"tags":[],"class_list":["post-50129","post","type-post","status-publish","format-standard","hentry","category-cultura"],"_links":{"self":[{"href":"https:\/\/diariodominicano.com\/index.php?rest_route=\/wp\/v2\/posts\/50129","targetHints":{"allow":["GET"]}}],"collection":[{"href":"https:\/\/diariodominicano.com\/index.php?rest_route=\/wp\/v2\/posts"}],"about":[{"href":"https:\/\/diariodominicano.com\/index.php?rest_route=\/wp\/v2\/types\/post"}],"author":[{"embeddable":true,"href":"https:\/\/diariodominicano.com\/index.php?rest_route=\/wp\/v2\/users\/3"}],"replies":[{"embeddable":true,"href":"https:\/\/diariodominicano.com\/index.php?rest_route=%2Fwp%2Fv2%2Fcomments&post=50129"}],"version-history":[{"count":0,"href":"https:\/\/diariodominicano.com\/index.php?rest_route=\/wp\/v2\/posts\/50129\/revisions"}],"wp:attachment":[{"href":"https:\/\/diariodominicano.com\/index.php?rest_route=%2Fwp%2Fv2%2Fmedia&parent=50129"}],"wp:term":[{"taxonomy":"category","embeddable":true,"href":"https:\/\/diariodominicano.com\/index.php?rest_route=%2Fwp%2Fv2%2Fcategories&post=50129"},{"taxonomy":"post_tag","embeddable":true,"href":"https:\/\/diariodominicano.com\/index.php?rest_route=%2Fwp%2Fv2%2Ftags&post=50129"}],"curies":[{"name":"wp","href":"https:\/\/api.w.org\/{rel}","templated":true}]}}