{"id":50128,"date":"2020-11-23T00:09:38","date_gmt":"2020-11-23T00:09:38","guid":{"rendered":"http:\/\/diariodominicano.ddns.net\/?p=50128"},"modified":"2020-11-23T00:09:38","modified_gmt":"2020-11-23T00:09:38","slug":"plantean-al-presidente-woodrow-wilson-ocupar-republica-dominicana","status":"publish","type":"post","link":"https:\/\/diariodominicano.com\/?p=50128","title":{"rendered":"Plantean al Presidente Woodrow Wilson ocupar Rep\u00fablica Dominicana"},"content":{"rendered":"<p><body><\/p>\n<p><img decoding=\"async\" src=\"img3\/Woodrow-Wilson.jpg\" \/>  <\/p>\n<p><strong>   Diariodominicano.com<\/strong><\/p>\n<p><strong> Plantean al Presidente Woodrow Wilson ocupar Rep\u00fablica Dominicana<\/strong><\/p>\n<p><strong> <\/strong><\/p>\n<p><strong>SANTO DOMINGO, el  22 de noviembre de 1916<\/strong>, el secretario de Estado de Estados Unidos de Am\u00e9rica, recomend\u00f3  al  Presidente Woodrow Wilson la ocupaci\u00f3n militar de  Rep\u00fablica Dominicana.<\/p>\n<\/p>\n<p>    En la ocasi\u00f3n el pa\u00eds  sufr\u00eda una crisis pol\u00edtica y financiera. El Gobierno del Presidente Francisco Henr\u00edquez y Carvajal no ten\u00eda dinero ni siquiera para pagar la n\u00f3mina de los funcionarios del Estado.<\/p>\n<\/p>\n<p>    Su administraci\u00f3n se hab\u00eda iniciado en una situaci\u00f3n de crisis el 31 de julio de 1916. En ese momento la ciudad de Santo Domingo y varias ciudades del pa\u00eds se encontraban invadidas por tropas estadounidenses.<\/p>\n<\/p>\n<p>    Las tropas estadounidenses comenzaron a desembarcar en Santo Domingo, el 16 de mayo de 1916. Al poco tiempo enfrentaron la resistencia de los dominicanos.<\/p>\n<\/p>\n<p>   El 3 de julio de 1916, un grupo de dominicanos se enfrentaron a tropas de Estados Unidos, que extend\u00edan la ocupaci\u00f3n militar a la  L\u00ednea  Noroeste.<\/p>\n<\/p>\n<p>    El combate se produjo en la Barranquita, cerca del municipio de Esperanza, en la L\u00ednea Noroeste.<\/p>\n<\/p>\n<p>    Los dominicanos que se enfrentaron a los militares estadounidenses eran  comandados por   Carlos Daniel Grull\u00f3n.<\/p>\n<\/p>\n<p>    En el enfrentamiento, que permiti\u00f3 detener el avance de los invasores, murieron  varios dominicanos, entre los que est\u00e1n  M\u00e1ximo Cabral Reyes, Francisco Pe\u00f1a, Carlos Guti\u00e9rrez  Jim\u00e9nez, Magdaleno Zapata y Agust\u00edn Cabral hijo.<\/p>\n<\/p>\n<p>   Los militares estadounidenses comandados por el almirante John H. Pendleton, hab\u00edan desembarcado por  Montecristi.<\/p>\n<\/p>\n<p>    La batalla de la Barranquita simboliza el hero\u00edsmo de los dominicanos en la lucha contra la intervenci\u00f3n militar de Estados Unidos, en 1916.<\/p>\n<\/p>\n<p>    El 22 de noviembre de 1916 el secretario de Estado de Estados Unidos, le plante\u00f3 al Presidente Woodrow Wilson que \u00abla \u00fanica soluci\u00f3n a la dificultad\u00bb, es formalizar la ocupaci\u00f3n militar de la Rep\u00fablica Dominicana.<\/p>\n<\/p>\n<p>    El Presidente Wilson termin\u00f3 aceptando la recomendaci\u00f3n y el d\u00eda 26 de noviembre de 1916 al aprobarla instruy\u00f3 al capit\u00e1n H. S. Knapp para que proclamara a nombre de Estados Unidos, la ocupaci\u00f3n militar de la Rep\u00fablica Dominicana, la cual se prolong\u00f3  hasta el a\u00f1o 1924.<\/p>\n<\/p>\n<h6> 2020-11-23 00:09:38 <\/h6>\n<p><!--\n<link rel=\"stylesheet\" href=\"css\/bootstrap.min.css\">\n\n\n<ul class=\"pagination\">\n\t    \n\t\n\n<li >\n\t<a href='?page_no=26'>Previous<\/a>\n\t<\/li>\n\n\n       \n    \n\n<li><a href='?page_no=1'>1<\/a><\/li>\n\n\n\n<li><a href='?page_no=2'>2<\/a><\/li>\n\n\n\n<li><a>...<\/a><\/li>\n\n\n\n<li><a href='?page_no=25'>25<\/a><\/li>\n\n\n\n<li><a href='?page_no=26'>26<\/a><\/li>\n\n\n\n<li class='active'><a>27<\/a><\/li>\n\n\n\n<li><a href='?page_no=28'>28<\/a><\/li>\n\n\n\n<li><a href='?page_no=29'>29<\/a><\/li>\n\n\n\n<li><a>...<\/a><\/li>\n\n\n\n<li><a href='?page_no=22911'>22911<\/a><\/li>\n\n\n\n<li><a href='?page_no=22912'>22912<\/a><\/li>\n\n    \n\t\n\n<li >\n\t<a href='?page_no=28'>Next<\/a>\n\t<\/li>\n\n\n    \n\n<li><a href='?page_no=22912'>Last &rsaquo;&rsaquo;<\/a><\/li>\n\n<\/ul>\n\n\n--><br \/>\n<\/body><\/p>\n","protected":false},"excerpt":{"rendered":"<p>Diariodominicano.com Plantean al Presidente Woodrow Wilson ocupar Rep\u00fablica Dominicana SANTO DOMINGO, el 22 de noviembre de 1916, el secretario de Estado de Estados Unidos de Am\u00e9rica, recomend\u00f3 al Presidente Woodrow Wilson la ocupaci\u00f3n militar de Rep\u00fablica Dominicana. En la ocasi\u00f3n el pa\u00eds sufr\u00eda una crisis pol\u00edtica y financiera. El Gobierno del Presidente Francisco Henr\u00edquez y [&hellip;]<\/p>\n","protected":false},"author":3,"featured_media":0,"comment_status":"open","ping_status":"open","sticky":false,"template":"","format":"standard","meta":{"footnotes":""},"categories":[21],"tags":[],"class_list":["post-50128","post","type-post","status-publish","format-standard","hentry","category-cultura"],"_links":{"self":[{"href":"https:\/\/diariodominicano.com\/index.php?rest_route=\/wp\/v2\/posts\/50128","targetHints":{"allow":["GET"]}}],"collection":[{"href":"https:\/\/diariodominicano.com\/index.php?rest_route=\/wp\/v2\/posts"}],"about":[{"href":"https:\/\/diariodominicano.com\/index.php?rest_route=\/wp\/v2\/types\/post"}],"author":[{"embeddable":true,"href":"https:\/\/diariodominicano.com\/index.php?rest_route=\/wp\/v2\/users\/3"}],"replies":[{"embeddable":true,"href":"https:\/\/diariodominicano.com\/index.php?rest_route=%2Fwp%2Fv2%2Fcomments&post=50128"}],"version-history":[{"count":0,"href":"https:\/\/diariodominicano.com\/index.php?rest_route=\/wp\/v2\/posts\/50128\/revisions"}],"wp:attachment":[{"href":"https:\/\/diariodominicano.com\/index.php?rest_route=%2Fwp%2Fv2%2Fmedia&parent=50128"}],"wp:term":[{"taxonomy":"category","embeddable":true,"href":"https:\/\/diariodominicano.com\/index.php?rest_route=%2Fwp%2Fv2%2Fcategories&post=50128"},{"taxonomy":"post_tag","embeddable":true,"href":"https:\/\/diariodominicano.com\/index.php?rest_route=%2Fwp%2Fv2%2Ftags&post=50128"}],"curies":[{"name":"wp","href":"https:\/\/api.w.org\/{rel}","templated":true}]}}