{"id":50117,"date":"2020-08-29T23:16:56","date_gmt":"2020-08-29T23:16:56","guid":{"rendered":"http:\/\/diariodominicano.ddns.net\/?p=50117"},"modified":"2020-08-29T23:16:56","modified_gmt":"2020-08-29T23:16:56","slug":"fuerzas-restauradoras-al-mando-del-coronel-santiago-sosa-toman-el-control-de-moca","status":"publish","type":"post","link":"https:\/\/diariodominicano.com\/?p=50117","title":{"rendered":"Fuerzas restauradoras al mando del coronel Santiago Sosa toman el control de Moca"},"content":{"rendered":"<p><body><\/p>\n<p><img decoding=\"async\" src=\"img3\/IglesiaSagradoCorazondeJesusMoca.jpg\" \/>  <\/p>\n<p><strong>Diariodominicano.com<\/strong><\/p>\n<p><strong>Fuerzas restauradoras al mando del coronel Santiago Sosa toman el control de Moca<\/strong><\/p>\n<p><strong>El historiador Jos\u00e9 Gabriel  Garc\u00eda anota  que  Moca  \u00abhab\u00eda ca\u00eddo desde el 30 de agosto en poder del  coronel Santiago Sosa, \u00e1 quien acompa\u00f1aban  los comandantes Pedro y Juan de Jes\u00fas Salcedo, y el intransigente  Manuel Rodr\u00edguez, acusado de salvaje crueldad, entre otras cosas, por no haber dado cuartel  ni al comandante F\u00e9lix Sosa, ni al teniente de San Quint\u00edn que  mandaba las fuerzas vencidas.<\/strong><\/p>\n<p><strong>Por H\u00e9ctor Tineo Nolasco<\/strong><\/p>\n<p><strong>Diariodominicano.com<\/strong><\/p>\n<p><strong>MOCA, el  30 de agosto  de 1863<\/strong>,  durante la Guerra de la Restauraci\u00f3n,  fuerzas restauradoras  al mando del coronel Santiago Sosa tomaron el control  de Moca.<\/p>\n<\/p>\n<p>   \tUna versi\u00f3n de la \u00e9poca  destaca que la guarnici\u00f3n espa\u00f1ola  que representaba al Gobierno de la Anexi\u00f3n en Moca, se defendi\u00f3 con denuedo, \u00abprimero en el cuartel y despu\u00e9s en la iglesia\u00bb, cuyos edificios fueron incendiados.<\/p>\n<\/p>\n<p>   \tEl historiador Jos\u00e9 Gabriel  Garc\u00eda anota  que  Moca  \u00abhab\u00eda ca\u00eddo desde el 30 de agosto en poder del  coronel Santiago Sosa, \u00e1 quien acompa\u00f1aban  los comandantes Pedro y Juan de Jes\u00fas Salcedo, y el intransigente  Manuel Rodr\u00edguez, acusado de salvaje crueldad, entre otras cosas, por no haber dado cuartel  ni al comandante F\u00e9lix Sosa, ni al teniente de San Quint\u00edn que  mandaba las fuerzas vencidas.<\/p>\n<\/p>\n<p>   \t\u00abTodo el Cibao, en fin, estaba en armas, y la bandera del 27 de febrero de 1844,  desplegada en Capotillo el 16 de agosto de 1863, por los merodeadores de las fronteras, que como por encanto se hab\u00edan convertido en ej\u00e9rcito revolucionario, iba recuperando, una \u00e1 una, en marcha triunfal, las astas gloriosas de donde hab\u00eda sido arriada violentamente el 18 de marzo de 1861\u00bb. (sic)<\/p>\n<\/p>\n<p>   \tEl d\u00eda anterior, el 29 de agosto de 1863,  las fuerzas anexionistas recibieron nuevos refuerzos militares con la llegada del Batall\u00f3n Puerto Rico, enviado por la Gobernaci\u00f3n Espa\u00f1ola en la isla de Puerto Rico.<\/p>\n<\/p>\n<p>      \tLos militares espa\u00f1oles llegaron a Puerto Plata, procedentes de Puerto Rico, en el vapor  \u00abCorreo de Espa\u00f1a\u00bb.  <\/p>\n<\/p>\n<p>    \tLa disposici\u00f3n fue autorizada por el Gobernador de Puerto Rico, General  Mesina. Fue el segundo refuerzo militar enviado por las gobernaciones de Espa\u00f1a en el Caribe para tratar de aplastar  el  movimiento restaurador.<\/p>\n<\/p>\n<p>    \tEl d\u00eda 27 de agosto de 1863, llegaron a Puerto Plata,  en el vapor \u00abIsabel  II\u00bb, los primeros refuerzos militares espa\u00f1oles que se sumaron a los anexionistas que luchaban contra los restauradores en la l\u00ednea Noroeste y en varios puntos del pa\u00eds.<\/p>\n<\/p>\n<p>   \tEse mismo d\u00eda, fuerzas dominicanas comandadas por el general Gregorio Lora, secundado por Juan Nouesit, tomaron a Puerto Plata.<\/p>\n<\/p>\n<p>    \tLos militares desembarcaron la media noche del d\u00eda  27 de agosto de 1863. El historiador Jos\u00e9 Gabriel Garc\u00eda refiere que de inmediato se lanzaron \u00abimpetuosas sobre las fuerzas restauradoras que ocupaban la plaza, las cuales resistieron con tenacidad procurando disputar palmo \u00e1 palmo el territorio que ocupaban; pero sus esfuerzos no le dieron el resultado apetecido y tuvieron que abandonarlo \u00e1 los invasores&#8230;\u00bb (sic)<\/p>\n<\/p>\n<p>    \tAl llegar a Puerto Plata, la expedici\u00f3n espa\u00f1ola fue enfrentada por fuerzas restauradoras, pero por la superioridad num\u00e9rica y militar de los espa\u00f1oles, lograron retomar el control de la ciudad, ya que recibieron el apoyo de una parte de su poblaci\u00f3n.<\/p>\n<\/p>\n<p>    \tEl  d\u00eda 28 de agosto de 1863,  las fuerzas restauradoras continuaron los enfrentamientos  contra las tropas espa\u00f1olas acantonadas en Puerto Plata.<\/p>\n<\/p>\n<p>   \tLos dominicanos, comandados por el general Gregorio de Lora,  iniciaron la lucha contra los militares anexionistas  el d\u00eda 27  de agosto de 1863,  y el d\u00eda 28 lograron tomar el control del cuartel y la casa del Ayuntamiento de Puerto Plata, pero luego fueron desalojados por los refuerzos que recibieron los militares espa\u00f1oles de la colonia de Espa\u00f1a en  Cuba.<\/p>\n<\/p>\n<p>     \tAl perder el cuartel y el Ayuntamiento, la guarnici\u00f3n de Espa\u00f1a  se concentr\u00f3 en la Fortaleza de San Felipe, en Puerto Plata.<\/p>\n<\/p>\n<h6> 2020-08-29 23:16:56 <\/h6>\n<p><!--\n<link rel=\"stylesheet\" href=\"css\/bootstrap.min.css\">\n\n\n<ul class=\"pagination\">\n\t    \n\t\n\n<li >\n\t<a href='?page_no=268'>Previous<\/a>\n\t<\/li>\n\n\n       \n    \n\n<li><a href='?page_no=1'>1<\/a><\/li>\n\n\n\n<li><a href='?page_no=2'>2<\/a><\/li>\n\n\n\n<li><a>...<\/a><\/li>\n\n\n\n<li><a href='?page_no=267'>267<\/a><\/li>\n\n\n\n<li><a href='?page_no=268'>268<\/a><\/li>\n\n\n\n<li class='active'><a>269<\/a><\/li>\n\n\n\n<li><a href='?page_no=270'>270<\/a><\/li>\n\n\n\n<li><a href='?page_no=271'>271<\/a><\/li>\n\n\n\n<li><a>...<\/a><\/li>\n\n\n\n<li><a href='?page_no=22911'>22911<\/a><\/li>\n\n\n\n<li><a href='?page_no=22912'>22912<\/a><\/li>\n\n    \n\t\n\n<li >\n\t<a href='?page_no=270'>Next<\/a>\n\t<\/li>\n\n\n    \n\n<li><a href='?page_no=22912'>Last &rsaquo;&rsaquo;<\/a><\/li>\n\n<\/ul>\n\n\n--><br \/>\n<\/body><\/p>\n","protected":false},"excerpt":{"rendered":"<p>Diariodominicano.com Fuerzas restauradoras al mando del coronel Santiago Sosa toman el control de Moca El historiador Jos\u00e9 Gabriel Garc\u00eda anota que Moca \u00abhab\u00eda ca\u00eddo desde el 30 de agosto en poder del coronel Santiago Sosa, \u00e1 quien acompa\u00f1aban los comandantes Pedro y Juan de Jes\u00fas Salcedo, y el intransigente Manuel Rodr\u00edguez, acusado de salvaje crueldad, [&hellip;]<\/p>\n","protected":false},"author":3,"featured_media":0,"comment_status":"open","ping_status":"open","sticky":false,"template":"","format":"standard","meta":{"footnotes":""},"categories":[21],"tags":[],"class_list":["post-50117","post","type-post","status-publish","format-standard","hentry","category-cultura"],"_links":{"self":[{"href":"https:\/\/diariodominicano.com\/index.php?rest_route=\/wp\/v2\/posts\/50117","targetHints":{"allow":["GET"]}}],"collection":[{"href":"https:\/\/diariodominicano.com\/index.php?rest_route=\/wp\/v2\/posts"}],"about":[{"href":"https:\/\/diariodominicano.com\/index.php?rest_route=\/wp\/v2\/types\/post"}],"author":[{"embeddable":true,"href":"https:\/\/diariodominicano.com\/index.php?rest_route=\/wp\/v2\/users\/3"}],"replies":[{"embeddable":true,"href":"https:\/\/diariodominicano.com\/index.php?rest_route=%2Fwp%2Fv2%2Fcomments&post=50117"}],"version-history":[{"count":0,"href":"https:\/\/diariodominicano.com\/index.php?rest_route=\/wp\/v2\/posts\/50117\/revisions"}],"wp:attachment":[{"href":"https:\/\/diariodominicano.com\/index.php?rest_route=%2Fwp%2Fv2%2Fmedia&parent=50117"}],"wp:term":[{"taxonomy":"category","embeddable":true,"href":"https:\/\/diariodominicano.com\/index.php?rest_route=%2Fwp%2Fv2%2Fcategories&post=50117"},{"taxonomy":"post_tag","embeddable":true,"href":"https:\/\/diariodominicano.com\/index.php?rest_route=%2Fwp%2Fv2%2Ftags&post=50117"}],"curies":[{"name":"wp","href":"https:\/\/api.w.org\/{rel}","templated":true}]}}