{"id":501115,"date":"2024-01-17T00:23:00","date_gmt":"2024-01-17T04:23:00","guid":{"rendered":"https:\/\/diariodominicano.com\/?p=501115"},"modified":"2024-01-17T00:23:18","modified_gmt":"2024-01-17T04:23:18","slug":"prm-desde-el-gobierno-ignoro-los-pobres-santiago-no-retrocedera-seguira-ruta-de-orden-limpieza-y-organizacion-de-abel-martinez-victor-fadul","status":"publish","type":"post","link":"https:\/\/diariodominicano.com\/?p=501115","title":{"rendered":"PRM desde el Gobierno ignor\u00f3 los pobres; Santiago no retroceder\u00e1, seguir\u00e1 ruta de orden, limpieza y organizaci\u00f3n de Abel Mart\u00ednez: V\u00edctor Fadul"},"content":{"rendered":"\n<p>V\u00edctor Fadul<\/p>\n\n\n\n<p><em>Santiago no retroceder\u00e1, seguir\u00e1 ruta de orden, limpieza y organizaci\u00f3n de Abel Mart\u00ednez, destaca&nbsp;<strong>V\u00edctor Fadul<\/strong>, agradecido del gran apoyo recibido en caravana<\/em><\/p>\n\n\n\n<figure class=\"wp-block-image size-full\"><img loading=\"lazy\" decoding=\"async\" width=\"952\" height=\"534\" src=\"https:\/\/diariodominicano.com\/wp-content\/uploads\/2024\/01\/V.F.Stgo-1.jpg\" alt=\"\" class=\"wp-image-501118\" srcset=\"https:\/\/diariodominicano.com\/wp-content\/uploads\/2024\/01\/V.F.Stgo-1.jpg 952w, https:\/\/diariodominicano.com\/wp-content\/uploads\/2024\/01\/V.F.Stgo-1-300x168.jpg 300w, https:\/\/diariodominicano.com\/wp-content\/uploads\/2024\/01\/V.F.Stgo-1-768x431.jpg 768w, https:\/\/diariodominicano.com\/wp-content\/uploads\/2024\/01\/V.F.Stgo-1-816x458.jpg 816w\" sizes=\"auto, (max-width: 952px) 100vw, 952px\" \/><\/figure>\n\n\n\n<p><strong>V\u00edctor Fadul,&nbsp;candidato a alcalde del Partido de la Liberaci\u00f3n Dominicana (PLD) y de la alianza opositora Rescate RD por Santiago de los Caballeros<\/strong>&nbsp;declar\u00f3 el gran compromiso que para \u00e9l representa la masiva muestra de apoyo que recibi\u00f3 junto al candidato presidencial, Abel Mart\u00ednez, durante la marcha caravana celebrada el s\u00e1bado \u00faltimo en dicha demarcaci\u00f3n cibae\u00f1a.<\/p>\n\n\n\n<p>\u201cLo que vivimos es el reflejo de lo que pasar\u00e1 el domingo 18 de febrero, sin lugar a dudas.&nbsp; Y es que Santiago no va a retroceder\u201d, enfatiz\u00f3 Fadul mediante rese\u00f1a period\u00edstica divulgada por la Secretar\u00eda de Comunicaciones del PLD.<\/p>\n\n\n\n<p>Manifest\u00f3 que la alegr\u00eda que mostraban los santiagueros evidenciaba el aval con que cuenta la gesti\u00f3n de Abel Mart\u00ednez frente al gobierno municipal del \u201cprimer Santiago de Am\u00e9rica\u201d.<\/p>\n\n\n\n<p>\u201cUna gesti\u00f3n extraordinaria, Santiago ha resurgido a partir del 2016.&nbsp; Y eso nosotros lo pudimos vivir y apreciar durante el recorrido\u201d, acot\u00f3 el tambi\u00e9n diputado e integrante del Comit\u00e9 Central del Partido de la Liberaci\u00f3n Dominicana.<\/p>\n\n\n\n<p>Destac\u00f3 que muchos de los pronunciamientos populares de los residentes en el trayecto de la marcha caravana estaban dirigidos a cuestionar la gesti\u00f3n de gobierno del PRM y en contraste a ponderar el legado gubernamental del partido morado y amarillo.<\/p>\n\n\n\n<p>\u201cY por eso quieren que el compa\u00f1ero Abel Mart\u00ednez sea el pr\u00f3ximo presidente de la Rep\u00fablica.&nbsp; Para reorientar la cosa p\u00fablica en beneficio de las grandes mayor\u00edas\u201d, enfatiz\u00f3 el candidato a alcalde por Santiago de los Caballeros.<\/p>\n\n\n\n<p>Fustig\u00f3 el r\u00e9gimen encabezado por el presidente Lu\u00eds Abinader, sugiriendo que como representante de los llamados \u201cpopis\u201d act\u00faa desde el gobierno como si las y los dominicanos pobres no existieran.<\/p>\n\n\n\n<p>Agreg\u00f3 que Abinader desde su llegada al poder se olvid\u00f3 de los pobres, de la clase trabajadora, de las madres solteras.<\/p>\n\n\n\n<p>Respecto de sus aspiraciones a la alcald\u00eda de Santiago de los Caballeros, V\u00edctor Fadul augur\u00f3 que obtendr\u00e1 el favor del electorado santiaguero; comprometi\u00e9ndose a desarrollar una gesti\u00f3n que garantice la visi\u00f3n municipalista de Abel Mart\u00ednez.<\/p>\n\n\n\n<p>\u201cEso es en febrero, pero en mayo vamos a convertir al compa\u00f1ero Abel Mart\u00ednez en el pr\u00f3ximo presidente de la Rep\u00fablica\u201d, areng\u00f3 Fadul ante los miembros de su equipo que lo acompa\u00f1aron a una comparecencia en el programa de televisi\u00f3n Ustedes y Nosotros que se transmite desde Santiago de los Caballeros<\/p>\n\n\n\n<p>El candidato a alcalde de la denominada Ciudad Coraz\u00f3n estuvo acompa\u00f1ado de su padre y miembro del Comit\u00e9 Pol\u00edtico Jos\u00e9 Ram\u00f3n Fadul (Monchy); Bienvenido P\u00e9rez, coordinador de campa\u00f1a; Aura Toribio, vicepresidenta provincial del PLD; Juan Manuel Ventura, diputado al Parlacen; Johnny Pichardo, Francis Hern\u00e1ndez y Lu\u00eds Jos\u00e9 Est\u00e9vez, presidentes respectivos en las circunscripciones 1, 2 y 3 de esa organizaci\u00f3n pol\u00edtica en dicho municipio.&nbsp; Adem\u00e1s, el secretario general del PLD en Santiago, Jos\u00e9 Arturo Tatis; Lu\u00eds Rafael del equipo de apoyo juvenil, entre otros.<\/p>\n\n\n\n<p><strong>SECRETARIA DE COMUNICACIONES<\/strong><\/p>\n\n\n\n<p><strong>16 DE ENERO, 2024.-<\/strong>&nbsp;<\/p>\n","protected":false},"excerpt":{"rendered":"<p>V\u00edctor Fadul Santiago no retroceder\u00e1, seguir\u00e1 ruta de orden, limpieza y organizaci\u00f3n de Abel Mart\u00ednez, destaca&nbsp;V\u00edctor Fadul, agradecido del gran apoyo recibido en caravana V\u00edctor Fadul,&nbsp;candidato a alcalde del Partido de la Liberaci\u00f3n Dominicana (PLD) y de la alianza opositora Rescate RD por Santiago de los Caballeros&nbsp;declar\u00f3 el gran compromiso que para \u00e9l representa la [&hellip;]<\/p>\n","protected":false},"author":28,"featured_media":501116,"comment_status":"closed","ping_status":"","sticky":false,"template":"","format":"standard","meta":{"footnotes":""},"categories":[22],"tags":[],"class_list":["post-501115","post","type-post","status-publish","format-standard","has-post-thumbnail","hentry","category-politica"],"_links":{"self":[{"href":"https:\/\/diariodominicano.com\/index.php?rest_route=\/wp\/v2\/posts\/501115","targetHints":{"allow":["GET"]}}],"collection":[{"href":"https:\/\/diariodominicano.com\/index.php?rest_route=\/wp\/v2\/posts"}],"about":[{"href":"https:\/\/diariodominicano.com\/index.php?rest_route=\/wp\/v2\/types\/post"}],"author":[{"embeddable":true,"href":"https:\/\/diariodominicano.com\/index.php?rest_route=\/wp\/v2\/users\/28"}],"replies":[{"embeddable":true,"href":"https:\/\/diariodominicano.com\/index.php?rest_route=%2Fwp%2Fv2%2Fcomments&post=501115"}],"version-history":[{"count":2,"href":"https:\/\/diariodominicano.com\/index.php?rest_route=\/wp\/v2\/posts\/501115\/revisions"}],"predecessor-version":[{"id":501119,"href":"https:\/\/diariodominicano.com\/index.php?rest_route=\/wp\/v2\/posts\/501115\/revisions\/501119"}],"wp:featuredmedia":[{"embeddable":true,"href":"https:\/\/diariodominicano.com\/index.php?rest_route=\/wp\/v2\/media\/501116"}],"wp:attachment":[{"href":"https:\/\/diariodominicano.com\/index.php?rest_route=%2Fwp%2Fv2%2Fmedia&parent=501115"}],"wp:term":[{"taxonomy":"category","embeddable":true,"href":"https:\/\/diariodominicano.com\/index.php?rest_route=%2Fwp%2Fv2%2Fcategories&post=501115"},{"taxonomy":"post_tag","embeddable":true,"href":"https:\/\/diariodominicano.com\/index.php?rest_route=%2Fwp%2Fv2%2Ftags&post=501115"}],"curies":[{"name":"wp","href":"https:\/\/api.w.org\/{rel}","templated":true}]}}