{"id":501101,"date":"2024-01-16T23:42:59","date_gmt":"2024-01-17T03:42:59","guid":{"rendered":"https:\/\/diariodominicano.com\/?p=501101"},"modified":"2024-01-16T23:42:59","modified_gmt":"2024-01-17T03:42:59","slug":"tse-ha-entrado-a-un-terreno-movedizo-la-gente-no-vota-por-un-partido-en-cuyo-gobierno-compra-la-comida-cara-jaime-david-fernandez-mirabal","status":"publish","type":"post","link":"https:\/\/diariodominicano.com\/?p=501101","title":{"rendered":"TSE ha entrado a un terreno movedizo; la gente no vota por un partido en cuyo gobierno compra la comida cara: Jaime David Fern\u00e1ndez Mirabal"},"content":{"rendered":"\n<p><em>La gente no vota por un partido en cuyo gobierno compra la comida cara, abundan los apagones y la inseguridad, opina el&nbsp;<strong>ex vicepresidente Jaime David Fern\u00e1ndez Mirabal<\/strong><\/em><\/p>\n\n\n\n<p><strong>El ex vicepresidente de la Rep\u00fablica, Jaime David Fern\u00e1ndez Mirabal, miembro del Comit\u00e9 Pol\u00edtico del Partido de la Liberaci\u00f3n Dominicana (PLD)<\/strong>&nbsp;cuestion\u00f3 la \u201ctransparencia\u201d, que desde el punto de vista propagand\u00edstico exhibe el gobierno del PRM, con la que no esconde sonsacar a funcionarios municipales opositores y extienden el contrato de la empresa AERODOM, faltando siete a\u00f1os vencerse.<\/p>\n\n\n\n<p>\u201cTransparentemente han comprado alcaldes y otros funcionarios municipales, no lo esconden. Transparentemente se firma un acuerdo con AERODOM faltando siete a\u00f1os para vencerse\u201d, dijo Fern\u00e1ndez Mirabal a sus entrevistadores del programa Matinal 5, reiterando que el gobierno \u201ctiene mucha transparencia para hacer sus cosas\u201d.<\/p>\n\n\n\n<p>En este aspecto dijo tambi\u00e9n que el partido en el gobierno est\u00e1 repleto de narcotraficantes \u201cy nadie dice nada\u201d.<\/p>\n\n\n\n<p>Confirma el desplome en la aceptaci\u00f3n de los electores del presidente- candidato, Luis Abinader, explicando que la gente no vota por un gobierno en el que la gente se siente insegura y compra comida cara.<\/p>\n\n\n\n<p>\u201cEs que la gente siente el problema del alto precio de la comida, la gente no vota por quien le sube la comida, los apagones mortifican a los usuarios, la gente no se siente segura y tambi\u00e9n se sabe que el partido en el gobierno tiene much\u00edsima gente ligada al narcotr\u00e1fico\u201d.<\/p>\n\n\n\n<p>Dijo que en las elecciones de febrero quedar\u00e1 demostrado que los votos del PLD y de la oposici\u00f3n sumar\u00e1n m\u00e1s del 60 %, lo que reflejar\u00e1 claramente el resultado anticipado de lo que ocurrir\u00e1 en las elecciones presidenciales de mayo.<\/p>\n\n\n\n<p>Fern\u00e1ndez Mirabal dijo que s\u00f3lo Abel Mart\u00ednez viene presentando propuestas para la transformaci\u00f3n de sectores como la agropecuaria, la salud, la seguridad ciudadana y otros.<\/p>\n\n\n\n<p>El exvicepresidente de la Rep\u00fablica reiter\u00f3 que las encuestas reflejan un sentimiento de que las Navidades pasadas fueron unas fiestas muy pobres, lo que atribuy\u00f3 a la falta de dinero y a la poca presencia de las pol\u00edticas sociales del gobierno.<\/p>\n\n\n\n<p>Preguntado por las serias debilidades en t\u00e9rminos de ciberseguridad. detectados a los equipos de digitalizaci\u00f3n, escaneo y transmisi\u00f3n de datos en las auditor\u00edas realizadas, Jaime David Fern\u00e1ndez Mirabal se mostr\u00f3 confiado en que eso se superar\u00e1 y que el PLD y la oposici\u00f3n en conjunto estar\u00edan vigilante para que eso se haga bien.<\/p>\n\n\n\n<p>Con relaci\u00f3n al Tribunal Superior Electoral y decisi\u00f3n de ordenar la realizaci\u00f3n de un nuevo c\u00f3mputo de los votos en las elecciones del Colegio de Abogados (CARD), dijo que esa alta corte \u201cha entrado en terrenos movedizos\u201d, considera que sus integrantes deber\u00edan cuidar la instituci\u00f3n que representan porque opinar sobre las elecciones de un gremio no son sus responsabilidades.<\/p>\n\n\n\n<p><strong>SECRETARIA DE COMUNICACIONES<\/strong><\/p>\n\n\n\n<p><strong>16 DE ENERO, 2024.-<\/strong><\/p>\n","protected":false},"excerpt":{"rendered":"<p>La gente no vota por un partido en cuyo gobierno compra la comida cara, abundan los apagones y la inseguridad, opina el&nbsp;ex vicepresidente Jaime David Fern\u00e1ndez Mirabal El ex vicepresidente de la Rep\u00fablica, Jaime David Fern\u00e1ndez Mirabal, miembro del Comit\u00e9 Pol\u00edtico del Partido de la Liberaci\u00f3n Dominicana (PLD)&nbsp;cuestion\u00f3 la \u201ctransparencia\u201d, que desde el punto de [&hellip;]<\/p>\n","protected":false},"author":28,"featured_media":501102,"comment_status":"closed","ping_status":"","sticky":false,"template":"","format":"standard","meta":{"footnotes":""},"categories":[22],"tags":[],"class_list":["post-501101","post","type-post","status-publish","format-standard","has-post-thumbnail","hentry","category-politica"],"_links":{"self":[{"href":"https:\/\/diariodominicano.com\/index.php?rest_route=\/wp\/v2\/posts\/501101","targetHints":{"allow":["GET"]}}],"collection":[{"href":"https:\/\/diariodominicano.com\/index.php?rest_route=\/wp\/v2\/posts"}],"about":[{"href":"https:\/\/diariodominicano.com\/index.php?rest_route=\/wp\/v2\/types\/post"}],"author":[{"embeddable":true,"href":"https:\/\/diariodominicano.com\/index.php?rest_route=\/wp\/v2\/users\/28"}],"replies":[{"embeddable":true,"href":"https:\/\/diariodominicano.com\/index.php?rest_route=%2Fwp%2Fv2%2Fcomments&post=501101"}],"version-history":[{"count":1,"href":"https:\/\/diariodominicano.com\/index.php?rest_route=\/wp\/v2\/posts\/501101\/revisions"}],"predecessor-version":[{"id":501103,"href":"https:\/\/diariodominicano.com\/index.php?rest_route=\/wp\/v2\/posts\/501101\/revisions\/501103"}],"wp:featuredmedia":[{"embeddable":true,"href":"https:\/\/diariodominicano.com\/index.php?rest_route=\/wp\/v2\/media\/501102"}],"wp:attachment":[{"href":"https:\/\/diariodominicano.com\/index.php?rest_route=%2Fwp%2Fv2%2Fmedia&parent=501101"}],"wp:term":[{"taxonomy":"category","embeddable":true,"href":"https:\/\/diariodominicano.com\/index.php?rest_route=%2Fwp%2Fv2%2Fcategories&post=501101"},{"taxonomy":"post_tag","embeddable":true,"href":"https:\/\/diariodominicano.com\/index.php?rest_route=%2Fwp%2Fv2%2Ftags&post=501101"}],"curies":[{"name":"wp","href":"https:\/\/api.w.org\/{rel}","templated":true}]}}