{"id":501085,"date":"2024-01-16T22:18:07","date_gmt":"2024-01-17T02:18:07","guid":{"rendered":"https:\/\/diariodominicano.com\/?p=501085"},"modified":"2024-01-16T22:18:07","modified_gmt":"2024-01-17T02:18:07","slug":"joven-empresario-neuryn-tejeda-se-juramento-en-el-partido-de-la-liberacion-dominicana-viene-al-pld-del-prm","status":"publish","type":"post","link":"https:\/\/diariodominicano.com\/?p=501085","title":{"rendered":"Joven empresario Neuryn Tejeda\u00a0se jurament\u00f3 en el Partido de la Liberaci\u00f3n Dominicana, viene al\u00a0PLD\u00a0del PRM"},"content":{"rendered":"\n<p>Neuryn Tejeda  al ser juramentado por el ex Presidente Danilo Medina.<\/p>\n\n\n\n<p><strong>El joven empresario de San Jos\u00e9 de Ocoa, Neuryn Tejeda, ingres\u00f3 al Partido de la Liberaci\u00f3n Dominicana (PLD)<\/strong>&nbsp;luego de comprometerse a trabajar por el triunfo electoral de esa organizaci\u00f3n en las elecciones de este a\u00f1o, as\u00ed como la de su candidato presidencial, Abel Mart\u00ednez.<\/p>\n\n\n\n<p>El reconocido empresario ocoe\u00f1o viene de las filas del PRM, confirm\u00e1ndose que ser\u00e1 candidato a diputado en la boleta del PLD en las elecciones congresuales de mayo.<\/p>\n\n\n\n<p>\u00a8Gracias presidente por el recibimiento, dejamos el PRM convencido de que han tomado un rumbo equivocado en la relaci\u00f3n a lo que prometieron al pueblo dominicano, muy especial en Ocoa\u201d, dijo Tejeda luego de comprometerse ante el ex presidente Danilo Medina, presidente del PLD, a respetar los Estatutos y normas del Partido de la Liberaci\u00f3n Dominicana.<\/p>\n\n\n\n<p>El acto de ingreso de Neuryn Tejeda al Partido de la Liberaci\u00f3n Dominicana se realiz\u00f3 este martes, sirviendo de testigo una representaci\u00f3n de la dirigencia pelede\u00edsta en San Jos\u00e9 de Ocoa.<\/p>\n\n\n\n<p>\u201cVamos a seguir aportando para que nuestra gente tenga oportunidades que le est\u00e1n negando los que hoy nos gobiernan\u00a8, dijo el empresario al ser juramentado por el ex Presidente Danilo Medina.<\/p>\n\n\n\n<p>El empresario y dirigente pol\u00edtico viene realizando aportes a la sociedad ocoe\u00f1a a trav\u00e9s de sus empresas y su fundaci\u00f3n, aportes principalmente dirigidos a la educaci\u00f3n.<\/p>\n\n\n\n<p><strong>SECRETARIA DE COMUNICACIONES<\/strong><\/p>\n\n\n\n<p><strong>16 DE ENERO, 2024.-<\/strong><\/p>\n","protected":false},"excerpt":{"rendered":"<p>Neuryn Tejeda al ser juramentado por el ex Presidente Danilo Medina. El joven empresario de San Jos\u00e9 de Ocoa, Neuryn Tejeda, ingres\u00f3 al Partido de la Liberaci\u00f3n Dominicana (PLD)&nbsp;luego de comprometerse a trabajar por el triunfo electoral de esa organizaci\u00f3n en las elecciones de este a\u00f1o, as\u00ed como la de su candidato presidencial, Abel Mart\u00ednez. [&hellip;]<\/p>\n","protected":false},"author":28,"featured_media":501086,"comment_status":"closed","ping_status":"","sticky":false,"template":"","format":"standard","meta":{"footnotes":""},"categories":[22],"tags":[],"class_list":["post-501085","post","type-post","status-publish","format-standard","has-post-thumbnail","hentry","category-politica"],"_links":{"self":[{"href":"https:\/\/diariodominicano.com\/index.php?rest_route=\/wp\/v2\/posts\/501085","targetHints":{"allow":["GET"]}}],"collection":[{"href":"https:\/\/diariodominicano.com\/index.php?rest_route=\/wp\/v2\/posts"}],"about":[{"href":"https:\/\/diariodominicano.com\/index.php?rest_route=\/wp\/v2\/types\/post"}],"author":[{"embeddable":true,"href":"https:\/\/diariodominicano.com\/index.php?rest_route=\/wp\/v2\/users\/28"}],"replies":[{"embeddable":true,"href":"https:\/\/diariodominicano.com\/index.php?rest_route=%2Fwp%2Fv2%2Fcomments&post=501085"}],"version-history":[{"count":1,"href":"https:\/\/diariodominicano.com\/index.php?rest_route=\/wp\/v2\/posts\/501085\/revisions"}],"predecessor-version":[{"id":501087,"href":"https:\/\/diariodominicano.com\/index.php?rest_route=\/wp\/v2\/posts\/501085\/revisions\/501087"}],"wp:featuredmedia":[{"embeddable":true,"href":"https:\/\/diariodominicano.com\/index.php?rest_route=\/wp\/v2\/media\/501086"}],"wp:attachment":[{"href":"https:\/\/diariodominicano.com\/index.php?rest_route=%2Fwp%2Fv2%2Fmedia&parent=501085"}],"wp:term":[{"taxonomy":"category","embeddable":true,"href":"https:\/\/diariodominicano.com\/index.php?rest_route=%2Fwp%2Fv2%2Fcategories&post=501085"},{"taxonomy":"post_tag","embeddable":true,"href":"https:\/\/diariodominicano.com\/index.php?rest_route=%2Fwp%2Fv2%2Ftags&post=501085"}],"curies":[{"name":"wp","href":"https:\/\/api.w.org\/{rel}","templated":true}]}}