{"id":501075,"date":"2024-01-16T21:14:32","date_gmt":"2024-01-17T01:14:32","guid":{"rendered":"https:\/\/diariodominicano.com\/?p=501075"},"modified":"2024-01-16T21:20:11","modified_gmt":"2024-01-17T01:20:11","slug":"lisandro-macarrulla-a-los-jovenes-de-la-42-hay-que-rescatarlos-utilizando-su-propio-potencial","status":"publish","type":"post","link":"https:\/\/diariodominicano.com\/?p=501075","title":{"rendered":"Lisandro Macarrulla: \u00abA los j\u00f3venes de La 42 hay que rescatarlos utilizando su propio potencial\u00bb"},"content":{"rendered":"\n<p><strong>Santo Domingo, R.D.<\/strong>\u00a0El  empresario y ex ministro de la Presidencia Lisandro Macarrulla,\u00a0dijo que para cambiar la realidad de La 42, se debe potenciar todo el talento que poseen los muchachos y muchachas que habitan en la zona.<\/p>\n\n\n\n<figure class=\"wp-block-image size-large\"><img loading=\"lazy\" decoding=\"async\" width=\"1024\" height=\"576\" src=\"https:\/\/diariodominicano.com\/wp-content\/uploads\/2024\/01\/LI-2-1024x576.jpg\" alt=\"\" class=\"wp-image-501078\" srcset=\"https:\/\/diariodominicano.com\/wp-content\/uploads\/2024\/01\/LI-2-1024x576.jpg 1024w, https:\/\/diariodominicano.com\/wp-content\/uploads\/2024\/01\/LI-2-300x169.jpg 300w, https:\/\/diariodominicano.com\/wp-content\/uploads\/2024\/01\/LI-2-768x432.jpg 768w, https:\/\/diariodominicano.com\/wp-content\/uploads\/2024\/01\/LI-2-816x459.jpg 816w, https:\/\/diariodominicano.com\/wp-content\/uploads\/2024\/01\/LI-2.jpg 1280w\" sizes=\"auto, (max-width: 1024px) 100vw, 1024px\" \/><\/figure>\n\n\n\n<p><strong>Lisandro Macarrulla<\/strong><\/p>\n\n\n\n<p>\u00abA los j\u00f3venes de La 42 hay que rescatarlos utilizando su propio potencial. Lo que yo propuse con relaci\u00f3n a dicho fen\u00f3meno cultural,\u00a0 es que, aprovechando ese talento, que ha logrado lo que ha logrado de una manera desorganizada, atropellando y que ya se proyect\u00f3 a nivel internacional, nosotros, trabajar con esos recursos y re orientarlos\u00bb, afirm\u00f3 Macarrulla.<\/p>\n\n\n\n<figure class=\"wp-block-image size-large\"><img loading=\"lazy\" decoding=\"async\" width=\"1024\" height=\"576\" src=\"https:\/\/diariodominicano.com\/wp-content\/uploads\/2024\/01\/LI-4-1024x576.jpg\" alt=\"\" class=\"wp-image-501080\" srcset=\"https:\/\/diariodominicano.com\/wp-content\/uploads\/2024\/01\/LI-4-1024x576.jpg 1024w, https:\/\/diariodominicano.com\/wp-content\/uploads\/2024\/01\/LI-4-300x169.jpg 300w, https:\/\/diariodominicano.com\/wp-content\/uploads\/2024\/01\/LI-4-768x432.jpg 768w, https:\/\/diariodominicano.com\/wp-content\/uploads\/2024\/01\/LI-4-816x459.jpg 816w, https:\/\/diariodominicano.com\/wp-content\/uploads\/2024\/01\/LI-4.jpg 1280w\" sizes=\"auto, (max-width: 1024px) 100vw, 1024px\" \/><\/figure>\n\n\n\n<p> <strong>Lisandro Macaruulla entrevistado en el programa Impol\u00edticamente Correcto, que se transmite por Youtube, con la\u00a0 producci\u00f3n y conducci\u00f3n de Aneudys Santos,<\/strong><\/p>\n\n\n\n<p>Al ser entrevistado en el programa Impol\u00edticamente Correcto, que se transmite por Youtube, con la\u00a0 producci\u00f3n y conducci\u00f3n de Aneudys Santos, Macarrulla confes\u00f3 que dicho criterio, fue el mismo que utiliz\u00f3 cuando plante\u00f3\u00a0 el desarrollo regional de Pedernales y toda la regi\u00f3n Enriquillo.<\/p>\n\n\n\n<p>\u00abIdentificamos todo el potencial de la zona que es la m\u00e1s pobre del pa\u00eds. Al igual que para el noroeste de la isla, cuyo principal activo es el puente de Manzanillo. Eso es lo \u00fanico que logra un desarrollo regional, provincial o sectorial como la calle 42. Explotar el potencial que tienen, que es diferente en cada regi\u00f3n o zona, y para eso est\u00e1n las pol\u00edticas p\u00fablicas\u00bb, asegur\u00f3.<\/p>\n\n\n\n<p>De igual manera, Macarrulla entiende que los j\u00f3venes que viven en la popular calle, no tienen la culpa de su cuestionado estilo de vida.<\/p>\n\n\n\n<p>\u00abEs que la sociedad no les ha dado otra oportunidad. T\u00fa no puedes vivir de espaldas a una realidad social que los llev\u00f3 a ellos a comportarse de esa manera. Entonces, hay que&nbsp; crear las condiciones para que ellos generen riquezas y tengan oportunidades, porque como est\u00e1n no lo van a lograr\u00bb, asegur\u00f3.<\/p>\n\n\n\n<figure class=\"wp-block-image size-large\"><img loading=\"lazy\" decoding=\"async\" width=\"1024\" height=\"576\" src=\"https:\/\/diariodominicano.com\/wp-content\/uploads\/2024\/01\/LI-1-1024x576.jpg\" alt=\"\" class=\"wp-image-501082\" srcset=\"https:\/\/diariodominicano.com\/wp-content\/uploads\/2024\/01\/LI-1-1024x576.jpg 1024w, https:\/\/diariodominicano.com\/wp-content\/uploads\/2024\/01\/LI-1-300x169.jpg 300w, https:\/\/diariodominicano.com\/wp-content\/uploads\/2024\/01\/LI-1-768x432.jpg 768w, https:\/\/diariodominicano.com\/wp-content\/uploads\/2024\/01\/LI-1-816x459.jpg 816w, https:\/\/diariodominicano.com\/wp-content\/uploads\/2024\/01\/LI-1.jpg 1280w\" sizes=\"auto, (max-width: 1024px) 100vw, 1024px\" \/><\/figure>\n\n\n\n<p><strong>Lisandro Macarrulla<\/strong><\/p>\n\n\n\n<p>En tal sentido, Macarrulla afirm\u00f3 que su preocupaci\u00f3n por dicha poblaci\u00f3n no es fortuita, porque durante\u00a0 toda su vida ha estado en posiciones de la actividad empresarial que tienen que ver con los temas sociales y pol\u00edticos.\u00a0<\/p>\n\n\n\n<p>\u00abCuando fui presidente del Consejo Nacional de la Empresa Privada (CONEP), present\u00e9 una propuesta del cambio del modelo econ\u00f3mico del pa\u00eds, donde tra\u00eda los temas de la exclusi\u00f3n social. Las desigualdades sociales siempre ha sido una preocupaci\u00f3n para m\u00ed y mi familia\u00bb, asegur\u00f3.<\/p>\n\n\n\n<p>De igual manera, explic\u00f3 que durante mucho tiempo, le preocupaba el hecho de que&nbsp; siempre hab\u00eda estado del lado cr\u00edtico de los que hac\u00edan pol\u00edticas p\u00fablicas y no se hab\u00eda activado pol\u00edticamente.<\/p>\n\n\n\n<p>\u00abEntonces, decid\u00ed participar en la pol\u00edtica, con la intensi\u00f3n de motorizar las pol\u00edticas p\u00fablicas que son de inter\u00e9s, porque yo entiendo que la Rep\u00fablica Dominicana tiene grandes tareas pendientes y si queremos tener un pa\u00eds sostenible donde exista paz pol\u00edtica y social, debemos hacer lo necesario para que nuestro modelo econ\u00f3mico sea m\u00e1s inclusivo,\u00bb&nbsp;detall\u00f3.<\/p>\n\n\n\n<p>Asimismo, Macarrulla extern\u00f3 que como grupo familiar, siempre han tenido una visi\u00f3n diferente.<\/p>\n\n\n\n<p>\u00abNuestro objetivo es continuar generando valor para las siguientes generaciones\u00bb, finaliz\u00f3.<\/p>\n\n\n\n<p>Tyrone Dotel<\/p>\n\n\n\n<p><a target=\"_blank\" href=\"mailto:tyronedotel@yahoo.com\" rel=\"noreferrer noopener\">tyronedotel@yahoo.com<\/a><\/p>\n","protected":false},"excerpt":{"rendered":"<p>Santo Domingo, R.D.\u00a0El empresario y ex ministro de la Presidencia Lisandro Macarrulla,\u00a0dijo que para cambiar la realidad de La 42, se debe potenciar todo el talento que poseen los muchachos y muchachas que habitan en la zona. Lisandro Macarrulla \u00abA los j\u00f3venes de La 42 hay que rescatarlos utilizando su propio potencial. Lo que yo [&hellip;]<\/p>\n","protected":false},"author":28,"featured_media":501076,"comment_status":"closed","ping_status":"","sticky":true,"template":"","format":"standard","meta":{"footnotes":""},"categories":[36,25,27],"tags":[],"class_list":["post-501075","post","type-post","status-publish","format-standard","has-post-thumbnail","hentry","category-hombresmujeresycosas","category-gente","category-portada"],"_links":{"self":[{"href":"https:\/\/diariodominicano.com\/index.php?rest_route=\/wp\/v2\/posts\/501075","targetHints":{"allow":["GET"]}}],"collection":[{"href":"https:\/\/diariodominicano.com\/index.php?rest_route=\/wp\/v2\/posts"}],"about":[{"href":"https:\/\/diariodominicano.com\/index.php?rest_route=\/wp\/v2\/types\/post"}],"author":[{"embeddable":true,"href":"https:\/\/diariodominicano.com\/index.php?rest_route=\/wp\/v2\/users\/28"}],"replies":[{"embeddable":true,"href":"https:\/\/diariodominicano.com\/index.php?rest_route=%2Fwp%2Fv2%2Fcomments&post=501075"}],"version-history":[{"count":5,"href":"https:\/\/diariodominicano.com\/index.php?rest_route=\/wp\/v2\/posts\/501075\/revisions"}],"predecessor-version":[{"id":501084,"href":"https:\/\/diariodominicano.com\/index.php?rest_route=\/wp\/v2\/posts\/501075\/revisions\/501084"}],"wp:featuredmedia":[{"embeddable":true,"href":"https:\/\/diariodominicano.com\/index.php?rest_route=\/wp\/v2\/media\/501076"}],"wp:attachment":[{"href":"https:\/\/diariodominicano.com\/index.php?rest_route=%2Fwp%2Fv2%2Fmedia&parent=501075"}],"wp:term":[{"taxonomy":"category","embeddable":true,"href":"https:\/\/diariodominicano.com\/index.php?rest_route=%2Fwp%2Fv2%2Fcategories&post=501075"},{"taxonomy":"post_tag","embeddable":true,"href":"https:\/\/diariodominicano.com\/index.php?rest_route=%2Fwp%2Fv2%2Ftags&post=501075"}],"curies":[{"name":"wp","href":"https:\/\/api.w.org\/{rel}","templated":true}]}}