{"id":501060,"date":"2024-01-16T20:24:18","date_gmt":"2024-01-17T00:24:18","guid":{"rendered":"https:\/\/diariodominicano.com\/?p=501060"},"modified":"2024-01-16T20:29:39","modified_gmt":"2024-01-17T00:29:39","slug":"jce-inicia-impresion-del-padron-electoral-de-cara-a-las-elecciones-municipales-2024","status":"publish","type":"post","link":"https:\/\/diariodominicano.com\/?p=501060","title":{"rendered":"JCE inicia impresi\u00f3n del padr\u00f3n electoral de cara a las elecciones municipales 2024"},"content":{"rendered":"\n<figure class=\"wp-block-image size-large\"><img loading=\"lazy\" decoding=\"async\" width=\"1024\" height=\"682\" src=\"https:\/\/diariodominicano.com\/wp-content\/uploads\/2024\/01\/Padron-1024x682.jpeg\" alt=\"\" class=\"wp-image-501065\" srcset=\"https:\/\/diariodominicano.com\/wp-content\/uploads\/2024\/01\/Padron-1024x682.jpeg 1024w, https:\/\/diariodominicano.com\/wp-content\/uploads\/2024\/01\/Padron-300x200.jpeg 300w, https:\/\/diariodominicano.com\/wp-content\/uploads\/2024\/01\/Padron-768x512.jpeg 768w, https:\/\/diariodominicano.com\/wp-content\/uploads\/2024\/01\/Padron-816x544.jpeg 816w, https:\/\/diariodominicano.com\/wp-content\/uploads\/2024\/01\/Padron.jpeg 1280w\" sizes=\"auto, (max-width: 1024px) 100vw, 1024px\" \/><\/figure>\n\n\n\n<p>Santo Domingo, RD. &#8211; El Pleno de la Junta Central Electoral (JCE), dando cumplimiento al calendario electoral de actividades, inici\u00f3 este martes la impresi\u00f3n del padr\u00f3n electoral de cara a las elecciones municipales a celebrarse el pr\u00f3ximo 18 de febrero de 2024, inform\u00f3 el \u00d3rgano Electoral.<\/p>\n\n\n\n<figure class=\"wp-block-image size-large\"><img loading=\"lazy\" decoding=\"async\" width=\"1024\" height=\"682\" src=\"https:\/\/diariodominicano.com\/wp-content\/uploads\/2024\/01\/Padron-4-1024x682.jpeg\" alt=\"\" class=\"wp-image-501063\" srcset=\"https:\/\/diariodominicano.com\/wp-content\/uploads\/2024\/01\/Padron-4-1024x682.jpeg 1024w, https:\/\/diariodominicano.com\/wp-content\/uploads\/2024\/01\/Padron-4-300x200.jpeg 300w, https:\/\/diariodominicano.com\/wp-content\/uploads\/2024\/01\/Padron-4-768x512.jpeg 768w, https:\/\/diariodominicano.com\/wp-content\/uploads\/2024\/01\/Padron-4-816x544.jpeg 816w, https:\/\/diariodominicano.com\/wp-content\/uploads\/2024\/01\/Padron-4.jpeg 1280w\" sizes=\"auto, (max-width: 1024px) 100vw, 1024px\" \/><\/figure>\n\n\n\n<p>Presentes en la actividad el presidente de la JCE, Rom\u00e1n Andr\u00e9s J\u00e1quez Liranzo, los miembros titulares Rafael Armando Vallejo Santelises, Dolores Fern\u00e1ndez y Samir Chami Isa; los directores de Elecciones, Mario N\u00fa\u00f1ez; de Inform\u00e1tica, Johnny Marcelo Rivera; de Registro Electoral, Luis Mariano Matos; y de Partidos Pol\u00edticos, Lenis Rosangela Garc\u00eda Guzm\u00e1n; as\u00ed como tambi\u00e9n el suplente Prado L\u00f3pez.\u00a0<\/p>\n\n\n\n<p>\u201cEstaremos iniciando con la impresi\u00f3n de los 16,851 colegios que est\u00e1n ubicados en los 4,295 recintos en todo pa\u00eds, esto abarca un padr\u00f3n de 8.105,151 electores\u201d, precis\u00f3 el director de Inform\u00e1tica, Johnny Rivera, quien tiene el proceso bajo su coordinaci\u00f3n, al agregar que esta jornada ser\u00e1 monitoreada por los delegados de los partidos pol\u00edticos.<\/p>\n\n\n\n<figure class=\"wp-block-image size-large\"><img loading=\"lazy\" decoding=\"async\" width=\"1024\" height=\"682\" src=\"https:\/\/diariodominicano.com\/wp-content\/uploads\/2024\/01\/Padron-1-1024x682.jpeg\" alt=\"\" class=\"wp-image-501066\" srcset=\"https:\/\/diariodominicano.com\/wp-content\/uploads\/2024\/01\/Padron-1-1024x682.jpeg 1024w, https:\/\/diariodominicano.com\/wp-content\/uploads\/2024\/01\/Padron-1-300x200.jpeg 300w, https:\/\/diariodominicano.com\/wp-content\/uploads\/2024\/01\/Padron-1-768x512.jpeg 768w, https:\/\/diariodominicano.com\/wp-content\/uploads\/2024\/01\/Padron-1-816x544.jpeg 816w, https:\/\/diariodominicano.com\/wp-content\/uploads\/2024\/01\/Padron-1.jpeg 1280w\" sizes=\"auto, (max-width: 1024px) 100vw, 1024px\" \/><\/figure>\n\n\n\n<p>Rivera estim\u00f3 que la impresi\u00f3n del padr\u00f3n de electores y el padr\u00f3n lineal (padr\u00f3n alfab\u00e9tico) durar\u00e1 4 d\u00edas y se\u00f1al\u00f3 que en el mismo las inhabilidades por fallecimiento alcanzaron una cifra r\u00e9cord de 190.000 inhabilitados. Precis\u00f3 que se realiz\u00f3 un trabajo junto a la Direcci\u00f3n Nacional del Registro Civil para depurar ese padr\u00f3n en t\u00e9rminos de lo que eran los fallecidos, que sumaron 90 mil.<\/p>\n\n\n\n<p>Plazos para renovar c\u00e9dula amarilla y cierre de padr\u00f3n en el exterior&nbsp;<\/p>\n\n\n\n<p>En tanto que el presidente de la JCE, Rom\u00e1n Andr\u00e9s J\u00e1quez Liranzo, inform\u00f3 que para las elecciones de mayo vence el plazo este s\u00e1bado 20 de enero para la inscripci\u00f3n de aquellos que est\u00e1n inhabilitados por tener la c\u00e9lula amarilla, esa c\u00e9dula de cart\u00f3n que parecer\u00eda que nadie tiene, pero que a\u00fan hay personas que la poseen y a\u00fan no la han actualizado.<\/p>\n\n\n\n<p>Asimismo, aprovech\u00f3 la ocasi\u00f3n para recordar a los dominicanos y dominicanas que residen en el exterior que el domingo 21 de enero vence el plazo para el empadronamiento.<\/p>\n\n\n\n<figure class=\"wp-block-image size-large\"><img loading=\"lazy\" decoding=\"async\" width=\"1024\" height=\"682\" src=\"https:\/\/diariodominicano.com\/wp-content\/uploads\/2024\/01\/Padron-6-1024x682.jpeg\" alt=\"\" class=\"wp-image-501067\" srcset=\"https:\/\/diariodominicano.com\/wp-content\/uploads\/2024\/01\/Padron-6-1024x682.jpeg 1024w, https:\/\/diariodominicano.com\/wp-content\/uploads\/2024\/01\/Padron-6-300x200.jpeg 300w, https:\/\/diariodominicano.com\/wp-content\/uploads\/2024\/01\/Padron-6-768x512.jpeg 768w, https:\/\/diariodominicano.com\/wp-content\/uploads\/2024\/01\/Padron-6-816x544.jpeg 816w, https:\/\/diariodominicano.com\/wp-content\/uploads\/2024\/01\/Padron-6.jpeg 1280w\" sizes=\"auto, (max-width: 1024px) 100vw, 1024px\" \/><\/figure>\n\n\n\n<p>J\u00e1quez Liranzo a\u00f1adi\u00f3 que La Junta Central Electoral tiene un proceso transparente y que ha venido con una integraci\u00f3n de los delegados t\u00e9cnicos y pol\u00edticos de los partidos, al destacar la auditor\u00eda t\u00e9cnica a los equipos a trav\u00e9s del Centro de Asesor\u00eda y Promoci\u00f3n Electoral (IIDH-CAPEL), una primera prueba regional al c\u00f3mputo electoral que se realiz\u00f3 el pasado s\u00e1bado y que pas\u00f3 de manera exitosa.<\/p>\n\n\n\n<p>Manifest\u00f3 que, en procura de seguir fortaleciendo la transparencia en estos niveles de seguridad e integridad electoral, repetir\u00e1n la prueba regional del c\u00f3mputo electoral este s\u00e1bado.<\/p>\n\n\n\n<figure class=\"wp-block-image size-large\"><img loading=\"lazy\" decoding=\"async\" width=\"682\" height=\"1024\" src=\"https:\/\/diariodominicano.com\/wp-content\/uploads\/2024\/01\/Padron-8-682x1024.jpeg\" alt=\"\" class=\"wp-image-501068\" srcset=\"https:\/\/diariodominicano.com\/wp-content\/uploads\/2024\/01\/Padron-8-682x1024.jpeg 682w, https:\/\/diariodominicano.com\/wp-content\/uploads\/2024\/01\/Padron-8-200x300.jpeg 200w, https:\/\/diariodominicano.com\/wp-content\/uploads\/2024\/01\/Padron-8-768x1152.jpeg 768w, https:\/\/diariodominicano.com\/wp-content\/uploads\/2024\/01\/Padron-8-816x1224.jpeg 816w, https:\/\/diariodominicano.com\/wp-content\/uploads\/2024\/01\/Padron-8.jpeg 853w\" sizes=\"auto, (max-width: 682px) 100vw, 682px\" \/><\/figure>\n\n\n\n<p>\u201cAqu\u00ed estamos dando esta informaci\u00f3n con la presencia de los distintos delegados de todos los partidos, a los fines de seguir fortaleciendo las destrezas y habilidades de nuestro equipo t\u00e9cnico, as\u00ed como darle el uso permanente como ensayo a los EDET, que integra una laptop, la multifuncional que sirve como impresora y esc\u00e1ner, el modem y el UPS o inversor\u201d, precis\u00f3 el presidente de la JCE.<\/p>\n\n\n\n<p>Direcci\u00f3n de Comunicaciones JCE<\/p>\n\n\n\n<p><a target=\"_blank\" href=\"mailto:Comunicaciones@jce.do\" rel=\"noreferrer noopener\">Comunicaciones@jce.do<\/a><\/p>\n\n\n\n<p>Martes 16 de enero de 2024<\/p>\n\n\n\n<p>Enlace de video:&nbsp;<a href=\"https:\/\/we.tl\/t-8wj4WOSzQi\" target=\"_blank\" rel=\"noreferrer noopener\">https:\/\/we.tl\/t-8wj4WOSzQi<\/a><\/p>\n\n\n\n<p>Enlace de fotos:&nbsp;<a href=\"https:\/\/www.flickr.com\/photos\/juntacentralelectoral\/albums\/72177720314138744\" target=\"_blank\" rel=\"noreferrer noopener\">https:\/\/www.flickr.com\/photos\/juntacentralelectoral\/albums\/72177720314138744<\/a><\/p>\n\n\n\n<p>&#8230;<\/p>\n","protected":false},"excerpt":{"rendered":"<p>Santo Domingo, RD. &#8211; El Pleno de la Junta Central Electoral (JCE), dando cumplimiento al calendario electoral de actividades, inici\u00f3 este martes la impresi\u00f3n del padr\u00f3n electoral de cara a las elecciones municipales a celebrarse el pr\u00f3ximo 18 de febrero de 2024, inform\u00f3 el \u00d3rgano Electoral. Presentes en la actividad el presidente de la JCE, [&hellip;]<\/p>\n","protected":false},"author":28,"featured_media":501061,"comment_status":"closed","ping_status":"","sticky":true,"template":"","format":"standard","meta":{"footnotes":""},"categories":[20,22,27],"tags":[],"class_list":["post-501060","post","type-post","status-publish","format-standard","has-post-thumbnail","hentry","category-dominicana-hoy","category-politica","category-portada"],"_links":{"self":[{"href":"https:\/\/diariodominicano.com\/index.php?rest_route=\/wp\/v2\/posts\/501060","targetHints":{"allow":["GET"]}}],"collection":[{"href":"https:\/\/diariodominicano.com\/index.php?rest_route=\/wp\/v2\/posts"}],"about":[{"href":"https:\/\/diariodominicano.com\/index.php?rest_route=\/wp\/v2\/types\/post"}],"author":[{"embeddable":true,"href":"https:\/\/diariodominicano.com\/index.php?rest_route=\/wp\/v2\/users\/28"}],"replies":[{"embeddable":true,"href":"https:\/\/diariodominicano.com\/index.php?rest_route=%2Fwp%2Fv2%2Fcomments&post=501060"}],"version-history":[{"count":3,"href":"https:\/\/diariodominicano.com\/index.php?rest_route=\/wp\/v2\/posts\/501060\/revisions"}],"predecessor-version":[{"id":501069,"href":"https:\/\/diariodominicano.com\/index.php?rest_route=\/wp\/v2\/posts\/501060\/revisions\/501069"}],"wp:featuredmedia":[{"embeddable":true,"href":"https:\/\/diariodominicano.com\/index.php?rest_route=\/wp\/v2\/media\/501061"}],"wp:attachment":[{"href":"https:\/\/diariodominicano.com\/index.php?rest_route=%2Fwp%2Fv2%2Fmedia&parent=501060"}],"wp:term":[{"taxonomy":"category","embeddable":true,"href":"https:\/\/diariodominicano.com\/index.php?rest_route=%2Fwp%2Fv2%2Fcategories&post=501060"},{"taxonomy":"post_tag","embeddable":true,"href":"https:\/\/diariodominicano.com\/index.php?rest_route=%2Fwp%2Fv2%2Ftags&post=501060"}],"curies":[{"name":"wp","href":"https:\/\/api.w.org\/{rel}","templated":true}]}}