{"id":50106,"date":"2020-08-29T23:21:33","date_gmt":"2020-08-29T23:21:33","guid":{"rendered":"http:\/\/diariodominicano.ddns.net\/?p=50106"},"modified":"2020-08-29T23:21:33","modified_gmt":"2020-08-29T23:21:33","slug":"el-dia-que-nacio-en-san-pedro-de-macoris-federico-bermudez","status":"publish","type":"post","link":"https:\/\/diariodominicano.com\/?p=50106","title":{"rendered":"El d\u00eda que naci\u00f3 en San Pedro de Macor\u00eds Federico Berm\u00fadez"},"content":{"rendered":"<p><body><\/p>\n<p><img decoding=\"async\" src=\"img3\/federico2.jpg\" \/>  <\/p>\n<p><strong>Diariodominicano.com<\/strong><\/p>\n<p><strong>El d\u00eda que naci\u00f3 en San Pedro de Macor\u00eds Federico Berm\u00fadez <\/strong><\/p>\n<p>Federico Berm\u00fadez estudi\u00f3 derecho, pero dedic\u00f3 la mayor parte de su vida al magisterio. Fue un colaborador de las principales publicaciones petromacorisanas de su tiempo  y de la ciudad de Santo Domingo.<\/p>\n<p><strong>Por HTN<\/strong><\/p>\n<p><strong>Diariodominicano.com<\/strong><\/p>\n<p><strong> <\/strong><\/p>\n<p><strong>      SAN PEDRO DE MACORIS, el  30 de agosto de 1884,<\/strong> naci\u00f3 en San Pedro de Macor\u00eds, Federico  Berm\u00fadez, quien se distingui\u00f3 como poeta, periodista y maestro. Fueron sus padres el abogado y escritor Luis Arturo Berm\u00fadez, quien tuvo a cargo su educaci\u00f3n inicial, y Carmen Ortega. <\/p>\n<\/p>\n<p>    Federico Berm\u00fadez estudi\u00f3 derecho, pero dedic\u00f3 la mayor parte de su vida al magisterio. Fue un colaborador de las principales publicaciones petromacorisanas de su tiempo  y de la ciudad de Santo Domingo.<\/p>\n<\/p>\n<p>De joven escribi\u00f3  versos  y despu\u00e9s colabor\u00f3 en las revistas La Cuna de Am\u00e9rica, Renacimiento, Letras y Minerva de la que tuvo la direcci\u00f3n. En 1903 form\u00f3 parte del ej\u00e9rcito que acompa\u00f1\u00f3 al General Demetrio Rodr\u00edguez cuando comand\u00f3 las tropas Jimenistas que penetraron en Santo Domingo desde la regi\u00f3n Noroeste del pa\u00eds. <\/p>\n<\/p>\n<p>Desempe\u00f1\u00f3 funciones p\u00fablicas de Regidor y Secretario del Ayuntamiento de San Pedro de Macor\u00eds, Secretario de la Intendencia de Educaci\u00f3n de la zona Este de la Rep\u00fablica y Presidente del Ateneo de San Pedro de Macor\u00eds.<\/p>\n<\/p>\n<p>Su poema Los Humildes, es un canto a la clase obrera dominicana y al soldado de las guerras intestinas. Fund\u00f3 con Felipe Mart\u00ednez, la primera escuela primaria en San Pedro de Macor\u00eds. Su novela  Silbato, desarrollada en los campos de ca\u00f1a de az\u00facar y en posesi\u00f3n de sus familiares, nunca alcanz\u00f3 la luz. Su principal gu\u00eda espiritual y maestro literario fue poeta Gast\u00f3n Fernando Deligne, de quien recibi\u00f3 orientaci\u00f3n.  Entre sus obras sobresalen \u00abLos Humildes\u00bb, 1916,  \u00abOro Virgen\u00bb, 1910, \u00abLas liras del silencio\u00bb, 1923. Tambi\u00e9n escribi\u00f3 varias obras de teatro.<\/p>\n<\/p>\n<p>     \tEn el pr\u00f3logo de \u00abLas liras del silencio\u00bb, Jacinto B. Peynado, citado por Margarita Vallejo de Paredes, en su obra \u00abAntolog\u00eda Literaria Dominicana\u00bb,  expresa el criterio: \u00abajeno de pretensiones eruditas, rompe lanzas contra las exigencias acad\u00e9micas, para brotar ingenuamente de su n\u00famen;  no abusa de la literatura efectista, y canta porque s\u00ed, como lo hace su compa\u00f1ero el ruise\u00f1or, las tibiezas del nido y la inquietud de la rama floreciente bajo la azulada inmensidad\u00bb.<\/p>\n<\/p>\n<p>     Joaqu\u00edn Balaguer, en su obra  \u00abHistoria de la Literatura Dominicana\u00bb, sexta edici\u00f3n 1976, considera que Federico Berm\u00fadez, \u00abEs el \u00fanico poeta dominicano que ha dado cabida en su poes\u00eda a los temas de car\u00e1cter social, pero no para deducir de los cuadros pat\u00e9ticos que describe conclusiones tendenciosas, sino para exaltar a las clases sin fortuna, en versos de profunda resonancia humana\u00bb.<\/p>\n<\/p>\n<p>   \tA su juicio, toda la obra de Federico Berm\u00fadez, respira una honda simpat\u00eda por los que sufren, por los que ganan el pan con el sudor de su frente, por las familias humildes y por las clases desamparadas. <\/p>\n<\/p>\n<p>Como ejemplo Joaqu\u00edn Balaguer cita la poes\u00eda \u00abAl crey\u00f3n\u00bb, en la que \u00abdescribe con fuerte patetismo el trabajo de los panaderos, se percibe el latido c\u00f3smico del hombre que sinti\u00f3, como cosa propia, la angustia de los oprimidos y el desamparo de los menesterosos\u00bb.<\/p>\n<\/p>\n<p>     \t\u00abLo que hace m\u00e1s conmovedor este aspecto de la obra de Federico Berm\u00fadez, es que ninguna de sus composiciones se halla informada de esp\u00edritu revolucionario, sino simplemente de un entra\u00f1able sentimiento de solidaridad y de simpat\u00eda hacia las clases trabajadoras\u00bb.<\/p>\n<\/p>\n<p>    \tComo ejemplo cita dos fragmentos del poema \u00abLos Humildes\u00bb:<\/p>\n<\/p>\n<p>      \t\u00abVosotros, los humildes, los del mont\u00f3n salidos, heroicos defensores de nuestra libertad, que en el desfiladero o en la llanura agreste<\/p>\n<p>cumplist\u00e9is la orden brava de vuestro capit\u00e1n.<\/p>\n<\/p>\n<p>      \u00abVosotros que con sangre de vuestras propias venas, por defender la patria manch\u00e1steis la heredad, hall\u00e1steis en la lucha la muerte y el olvido,<\/p>\n<p>la gloria fue, absoluta, de vuestro capit\u00e1n\u00bb.<\/p>\n<\/p>\n<p>   \tAl comentar la obra de Federico Berm\u00fadez, Balaguer  resalta que el poeta de San Pedro de Macor\u00eds, tambi\u00e9n escribi\u00f3 \u00abhermosos cantos de amor y algunos poemas como el titulado \u00abLa flor de la Ca\u00f1a\u00bb, de elevada entonaci\u00f3n y de considerable riqueza  descriptiva\u00bb.<\/p>\n<\/p>\n<p>    Federico Berm\u00fadez naci\u00f3 el 30 de agosto de 1884 y muri\u00f3 en su patria chica, Macor\u00eds del Mar, la tierra de los exquisitos poetas, el 3 de marzo de 1931.<\/p>\n<\/p>\n<\/p>\n<h6> 2020-08-29 23:21:33 <\/h6>\n<p><!--\n<link rel=\"stylesheet\" href=\"css\/bootstrap.min.css\">\n\n\n<ul class=\"pagination\">\n\t    \n\t\n\n<li >\n\t<a href='?page_no=267'>Previous<\/a>\n\t<\/li>\n\n\n       \n    \n\n<li><a href='?page_no=1'>1<\/a><\/li>\n\n\n\n<li><a href='?page_no=2'>2<\/a><\/li>\n\n\n\n<li><a>...<\/a><\/li>\n\n\n\n<li><a href='?page_no=266'>266<\/a><\/li>\n\n\n\n<li><a href='?page_no=267'>267<\/a><\/li>\n\n\n\n<li class='active'><a>268<\/a><\/li>\n\n\n\n<li><a href='?page_no=269'>269<\/a><\/li>\n\n\n\n<li><a href='?page_no=270'>270<\/a><\/li>\n\n\n\n<li><a>...<\/a><\/li>\n\n\n\n<li><a href='?page_no=22911'>22911<\/a><\/li>\n\n\n\n<li><a href='?page_no=22912'>22912<\/a><\/li>\n\n    \n\t\n\n<li >\n\t<a href='?page_no=269'>Next<\/a>\n\t<\/li>\n\n\n    \n\n<li><a href='?page_no=22912'>Last &rsaquo;&rsaquo;<\/a><\/li>\n\n<\/ul>\n\n\n--><br \/>\n<\/body><\/p>\n","protected":false},"excerpt":{"rendered":"<p>Diariodominicano.com El d\u00eda que naci\u00f3 en San Pedro de Macor\u00eds Federico Berm\u00fadez Federico Berm\u00fadez estudi\u00f3 derecho, pero dedic\u00f3 la mayor parte de su vida al magisterio. Fue un colaborador de las principales publicaciones petromacorisanas de su tiempo y de la ciudad de Santo Domingo. Por HTN Diariodominicano.com SAN PEDRO DE MACORIS, el 30 de agosto [&hellip;]<\/p>\n","protected":false},"author":3,"featured_media":0,"comment_status":"open","ping_status":"open","sticky":false,"template":"","format":"standard","meta":{"footnotes":""},"categories":[21],"tags":[],"class_list":["post-50106","post","type-post","status-publish","format-standard","hentry","category-cultura"],"_links":{"self":[{"href":"https:\/\/diariodominicano.com\/index.php?rest_route=\/wp\/v2\/posts\/50106","targetHints":{"allow":["GET"]}}],"collection":[{"href":"https:\/\/diariodominicano.com\/index.php?rest_route=\/wp\/v2\/posts"}],"about":[{"href":"https:\/\/diariodominicano.com\/index.php?rest_route=\/wp\/v2\/types\/post"}],"author":[{"embeddable":true,"href":"https:\/\/diariodominicano.com\/index.php?rest_route=\/wp\/v2\/users\/3"}],"replies":[{"embeddable":true,"href":"https:\/\/diariodominicano.com\/index.php?rest_route=%2Fwp%2Fv2%2Fcomments&post=50106"}],"version-history":[{"count":0,"href":"https:\/\/diariodominicano.com\/index.php?rest_route=\/wp\/v2\/posts\/50106\/revisions"}],"wp:attachment":[{"href":"https:\/\/diariodominicano.com\/index.php?rest_route=%2Fwp%2Fv2%2Fmedia&parent=50106"}],"wp:term":[{"taxonomy":"category","embeddable":true,"href":"https:\/\/diariodominicano.com\/index.php?rest_route=%2Fwp%2Fv2%2Fcategories&post=50106"},{"taxonomy":"post_tag","embeddable":true,"href":"https:\/\/diariodominicano.com\/index.php?rest_route=%2Fwp%2Fv2%2Ftags&post=50106"}],"curies":[{"name":"wp","href":"https:\/\/api.w.org\/{rel}","templated":true}]}}