{"id":501019,"date":"2024-01-16T11:41:54","date_gmt":"2024-01-16T15:41:54","guid":{"rendered":"https:\/\/diariodominicano.com\/?p=501019"},"modified":"2024-01-16T11:41:54","modified_gmt":"2024-01-16T15:41:54","slug":"angelo-jean-baptiste-entrena-equipo-sub-20-masculino-de-futbol-de-haiti-para-participar-en-campeonato-en-islas-san-cristobal-y-nieves","status":"publish","type":"post","link":"https:\/\/diariodominicano.com\/?p=501019","title":{"rendered":"Angelo Jean Baptiste entrena equipo Sub-20 masculino de f\u00fatbol de Hait\u00ed para participar en campeonato en islas San Crist\u00f3bal y Nieves"},"content":{"rendered":"\n<p>diariodominicano.com<\/p>\n\n\n\n<p>Puerto Pr\u00edncipe, 16 ene (Prensa Latina) La preselecci\u00f3n sub-20 de f\u00fatbol masculino de Hait\u00ed comenzar\u00e1 ma\u00f1ana a prepararse de cara el Campeonato de la Confederaci\u00f3n de Norteam\u00e9rica, Centroam\u00e9rica y el Caribe de F\u00fatbol (Concacaf), inform\u00f3 hoy la prensa local.<\/p>\n\n\n\n<p>La lid est\u00e1 prevista a efectuarse en San Crist\u00f3bal y Nieves, del 23 de febrero al 2 de marzo del a\u00f1o en curso. Fueron convocados 300 j\u00f3venes, elegidos 22 y la n\u00f3mina final del pa\u00eds antillano quedar\u00e1 en 21 atletas.<\/p>\n\n\n\n<p>El 11 de enero el director t\u00e9cnico Angelo Jean Baptiste tom\u00f3 las riendas del equipo Sub-20 masculino de f\u00fatbol.<\/p>\n\n\n\n<p>Baptiste guiar\u00e1 a una nueva generaci\u00f3n de jugadores en la lucha por clasificarse para el Mundial y los Juegos Ol\u00edmpicos de Par\u00eds 2024.<\/p>\n\n\n\n<p>En el campeonato de la Concacaf Hait\u00ed est\u00e1 incluido en el grupo E, y se enfrentar\u00e1 a Islas Caim\u00e1n el 23 de febrero, San Crist\u00f3bal y Nieves el 25 y a Puerto Rico el 27.<\/p>\n\n\n\n<p>La principal misi\u00f3n de Baptiste y su equipo es alcanzar la fase final de la Copa Mundial, prevista para 2025.<\/p>\n\n\n\n<p>El elenco caribe\u00f1o deber\u00e1 primero ganar su grupo y luego pasar a la ronda final del campeonato, donde se determinar\u00e1n los cuatro representantes de la Concacaf para el Mundial.<\/p>\n\n\n\n<p>ro\/joe<\/p>\n","protected":false},"excerpt":{"rendered":"<p>diariodominicano.com Puerto Pr\u00edncipe, 16 ene (Prensa Latina) La preselecci\u00f3n sub-20 de f\u00fatbol masculino de Hait\u00ed comenzar\u00e1 ma\u00f1ana a prepararse de cara el Campeonato de la Confederaci\u00f3n de Norteam\u00e9rica, Centroam\u00e9rica y el Caribe de F\u00fatbol (Concacaf), inform\u00f3 hoy la prensa local. La lid est\u00e1 prevista a efectuarse en San Crist\u00f3bal y Nieves, del 23 de febrero [&hellip;]<\/p>\n","protected":false},"author":5,"featured_media":501020,"comment_status":"closed","ping_status":"","sticky":true,"template":"","format":"standard","meta":{"footnotes":""},"categories":[17,112,27],"tags":[],"class_list":["post-501019","post","type-post","status-publish","format-standard","has-post-thumbnail","hentry","category-deportes","category-haiti","category-portada"],"_links":{"self":[{"href":"https:\/\/diariodominicano.com\/index.php?rest_route=\/wp\/v2\/posts\/501019","targetHints":{"allow":["GET"]}}],"collection":[{"href":"https:\/\/diariodominicano.com\/index.php?rest_route=\/wp\/v2\/posts"}],"about":[{"href":"https:\/\/diariodominicano.com\/index.php?rest_route=\/wp\/v2\/types\/post"}],"author":[{"embeddable":true,"href":"https:\/\/diariodominicano.com\/index.php?rest_route=\/wp\/v2\/users\/5"}],"replies":[{"embeddable":true,"href":"https:\/\/diariodominicano.com\/index.php?rest_route=%2Fwp%2Fv2%2Fcomments&post=501019"}],"version-history":[{"count":1,"href":"https:\/\/diariodominicano.com\/index.php?rest_route=\/wp\/v2\/posts\/501019\/revisions"}],"predecessor-version":[{"id":501021,"href":"https:\/\/diariodominicano.com\/index.php?rest_route=\/wp\/v2\/posts\/501019\/revisions\/501021"}],"wp:featuredmedia":[{"embeddable":true,"href":"https:\/\/diariodominicano.com\/index.php?rest_route=\/wp\/v2\/media\/501020"}],"wp:attachment":[{"href":"https:\/\/diariodominicano.com\/index.php?rest_route=%2Fwp%2Fv2%2Fmedia&parent=501019"}],"wp:term":[{"taxonomy":"category","embeddable":true,"href":"https:\/\/diariodominicano.com\/index.php?rest_route=%2Fwp%2Fv2%2Fcategories&post=501019"},{"taxonomy":"post_tag","embeddable":true,"href":"https:\/\/diariodominicano.com\/index.php?rest_route=%2Fwp%2Fv2%2Ftags&post=501019"}],"curies":[{"name":"wp","href":"https:\/\/api.w.org\/{rel}","templated":true}]}}