{"id":500929,"date":"2024-01-16T00:44:39","date_gmt":"2024-01-16T04:44:39","guid":{"rendered":"https:\/\/diariodominicano.com\/?p=500929"},"modified":"2024-01-16T00:44:39","modified_gmt":"2024-01-16T04:44:39","slug":"ocoa-se-lanza-a-las-calles-en-apoyo-a-rescate-rd","status":"publish","type":"post","link":"https:\/\/diariodominicano.com\/?p=500929","title":{"rendered":"Ocoa se lanza a las calles en apoyo a Rescate RD"},"content":{"rendered":"\n<p><em><u>Miguel Vargas dice que el pueblo no tiene con qu\u00e9 comprar \u201clas tres calientes\u201d.<\/u><\/em><\/p>\n\n\n\n<p>&nbsp;San Jos\u00e9 de Ocoa. &#8211; Miles de personas salieron a las calles de San Jos\u00e9 de Ocoa este domingo a respaldar la Alianza Opositora Rescate RD, en un acto multitudinario encabezado por el candidato presidencial del Partido Revolucionario Dominicano (PRD), Miguel Vargas Maldonado.<\/p>\n\n\n\n<figure class=\"wp-block-image size-large\"><img loading=\"lazy\" decoding=\"async\" width=\"1024\" height=\"682\" src=\"https:\/\/diariodominicano.com\/wp-content\/uploads\/2024\/01\/SAN-JOSE-DE-OCOA_ENERO_2024_1-1024x682.jpg\" alt=\"\" class=\"wp-image-500931\" srcset=\"https:\/\/diariodominicano.com\/wp-content\/uploads\/2024\/01\/SAN-JOSE-DE-OCOA_ENERO_2024_1-1024x682.jpg 1024w, https:\/\/diariodominicano.com\/wp-content\/uploads\/2024\/01\/SAN-JOSE-DE-OCOA_ENERO_2024_1-300x200.jpg 300w, https:\/\/diariodominicano.com\/wp-content\/uploads\/2024\/01\/SAN-JOSE-DE-OCOA_ENERO_2024_1-768x512.jpg 768w, https:\/\/diariodominicano.com\/wp-content\/uploads\/2024\/01\/SAN-JOSE-DE-OCOA_ENERO_2024_1-1536x1023.jpg 1536w, https:\/\/diariodominicano.com\/wp-content\/uploads\/2024\/01\/SAN-JOSE-DE-OCOA_ENERO_2024_1-816x544.jpg 816w, https:\/\/diariodominicano.com\/wp-content\/uploads\/2024\/01\/SAN-JOSE-DE-OCOA_ENERO_2024_1.jpg 1600w\" sizes=\"auto, (max-width: 1024px) 100vw, 1024px\" \/><\/figure>\n\n\n\n<p>En el evento, los partidos Fuerza del Pueblo (FP), de La liberaci\u00f3n Dominicana (PLD) y PRD, las tres organizaciones pol\u00edticas mayoritarias de la oposici\u00f3n, proclamaron a Bol\u00edvar D\u00edaz como candidato a alcalde del municipio cabecera de esta provincia para las elecciones de febrero pr\u00f3ximo.<\/p>\n\n\n\n<p>Vargas vaticin\u00f3 la victoria de los contendores municipales de Rescate RD en dicho torneo electoral. Tambi\u00e9n reiter\u00f3 que el pr\u00f3ximo presidente del pa\u00eds ser\u00e1 elegido de entre los tres candidatos que conforman esa coalici\u00f3n.<\/p>\n\n\n\n<p>Manifest\u00f3 que la victoria de la oposici\u00f3n est\u00e1 asegurada, \u201ccon el favor de la mayor\u00eda de los dominicanos, que claman por una redirecci\u00f3n de rumbo ante la ineficiencia del oficialismo, que ha sumido al pa\u00eds en el abandono\u201d.<\/p>\n\n\n\n<figure class=\"wp-block-image size-large\"><img loading=\"lazy\" decoding=\"async\" width=\"1024\" height=\"682\" src=\"https:\/\/diariodominicano.com\/wp-content\/uploads\/2024\/01\/SAN-JOSE-DE-OCOA_ENERO_2024_3-1024x682.jpg\" alt=\"\" class=\"wp-image-500932\" srcset=\"https:\/\/diariodominicano.com\/wp-content\/uploads\/2024\/01\/SAN-JOSE-DE-OCOA_ENERO_2024_3-1024x682.jpg 1024w, https:\/\/diariodominicano.com\/wp-content\/uploads\/2024\/01\/SAN-JOSE-DE-OCOA_ENERO_2024_3-300x200.jpg 300w, https:\/\/diariodominicano.com\/wp-content\/uploads\/2024\/01\/SAN-JOSE-DE-OCOA_ENERO_2024_3-768x512.jpg 768w, https:\/\/diariodominicano.com\/wp-content\/uploads\/2024\/01\/SAN-JOSE-DE-OCOA_ENERO_2024_3-1536x1023.jpg 1536w, https:\/\/diariodominicano.com\/wp-content\/uploads\/2024\/01\/SAN-JOSE-DE-OCOA_ENERO_2024_3-816x544.jpg 816w, https:\/\/diariodominicano.com\/wp-content\/uploads\/2024\/01\/SAN-JOSE-DE-OCOA_ENERO_2024_3.jpg 1600w\" sizes=\"auto, (max-width: 1024px) 100vw, 1024px\" \/><\/figure>\n\n\n\n<p>El candidato presidencial perrede\u00edsta sostuvo que, adem\u00e1s del deterioro de todos los servicios p\u00fablicos, a las familias dominicanas no les alcanza el dinero para comprar las tres comidas del d\u00eda, debido al costo de la canasta b\u00e1sica, cada vez m\u00e1s alto.&nbsp;&nbsp;<\/p>\n\n\n\n<p>\u201cNo solo se les hace dif\u00edcil comprar las tres calientes a los m\u00e1s necesitados, yo dir\u00eda que se les hace imposible\u201d, expres\u00f3.<\/p>\n\n\n\n<p>Vargas indic\u00f3 que la carest\u00eda de los productos alimenticios se ha incrementado dr\u00e1sticamente \u201cdebido a la ineficiencia e indolencia del Gobierno, que ha dejado a su suerte a las familias de escasos recursos y a los productores nacionales\u201d.<\/p>\n\n\n\n<p>Cit\u00f3 el ejemplo de un dirigente local de la comunidad Magueyal, en Azua, quien expres\u00f3 que en esa empobrecida demarcaci\u00f3n \u201cla gente est\u00e1 comiendo el arroz sancochado\u201d a falta de dinero para comprar aceite.<\/p>\n\n\n\n<figure class=\"wp-block-image size-large\"><img loading=\"lazy\" decoding=\"async\" width=\"1024\" height=\"682\" src=\"https:\/\/diariodominicano.com\/wp-content\/uploads\/2024\/01\/SAN-JOSE-DE-OCOA_ENERO_2024_4-1024x682.jpg\" alt=\"\" class=\"wp-image-500933\" srcset=\"https:\/\/diariodominicano.com\/wp-content\/uploads\/2024\/01\/SAN-JOSE-DE-OCOA_ENERO_2024_4-1024x682.jpg 1024w, https:\/\/diariodominicano.com\/wp-content\/uploads\/2024\/01\/SAN-JOSE-DE-OCOA_ENERO_2024_4-300x200.jpg 300w, https:\/\/diariodominicano.com\/wp-content\/uploads\/2024\/01\/SAN-JOSE-DE-OCOA_ENERO_2024_4-768x512.jpg 768w, https:\/\/diariodominicano.com\/wp-content\/uploads\/2024\/01\/SAN-JOSE-DE-OCOA_ENERO_2024_4-1536x1023.jpg 1536w, https:\/\/diariodominicano.com\/wp-content\/uploads\/2024\/01\/SAN-JOSE-DE-OCOA_ENERO_2024_4-816x544.jpg 816w, https:\/\/diariodominicano.com\/wp-content\/uploads\/2024\/01\/SAN-JOSE-DE-OCOA_ENERO_2024_4.jpg 1600w\" sizes=\"auto, (max-width: 1024px) 100vw, 1024px\" \/><\/figure>\n\n\n\n<p>El l\u00edder perrede\u00edsta resalt\u00f3 que en localidades como San Jos\u00e9 de Ocoa la situaci\u00f3n de los productores de alimentos, causada por el abandono gubernamental, se endureci\u00f3 con el impacto del fen\u00f3meno meteorol\u00f3gico de noviembre pasado. El mismo afect\u00f3 la siembra de vegetales a cielo abierto, sin que las autoridades hayan ido en su auxilio.<\/p>\n\n\n\n<p>En el evento participaron los principales l\u00edderes del PLD, PRD y FP en la provincia, junto a los candidatos a senadores, diputados y regidores de los tres partidos integrantes de la Alianza.<\/p>\n\n\n\n<p>Comunicaci\u00f3n Integral Rep Dom<\/p>\n\n\n\n<p><a target=\"_blank\" href=\"mailto:comunicacionintegralrepdom@gmail.com\" rel=\"noreferrer noopener\">comunicacionintegralrepdom@gmail.com<\/a><\/p>\n","protected":false},"excerpt":{"rendered":"<p>Miguel Vargas dice que el pueblo no tiene con qu\u00e9 comprar \u201clas tres calientes\u201d. &nbsp;San Jos\u00e9 de Ocoa. &#8211; Miles de personas salieron a las calles de San Jos\u00e9 de Ocoa este domingo a respaldar la Alianza Opositora Rescate RD, en un acto multitudinario encabezado por el candidato presidencial del Partido Revolucionario Dominicano (PRD), Miguel [&hellip;]<\/p>\n","protected":false},"author":28,"featured_media":500930,"comment_status":"closed","ping_status":"","sticky":false,"template":"","format":"standard","meta":{"footnotes":""},"categories":[22],"tags":[],"class_list":["post-500929","post","type-post","status-publish","format-standard","has-post-thumbnail","hentry","category-politica"],"_links":{"self":[{"href":"https:\/\/diariodominicano.com\/index.php?rest_route=\/wp\/v2\/posts\/500929","targetHints":{"allow":["GET"]}}],"collection":[{"href":"https:\/\/diariodominicano.com\/index.php?rest_route=\/wp\/v2\/posts"}],"about":[{"href":"https:\/\/diariodominicano.com\/index.php?rest_route=\/wp\/v2\/types\/post"}],"author":[{"embeddable":true,"href":"https:\/\/diariodominicano.com\/index.php?rest_route=\/wp\/v2\/users\/28"}],"replies":[{"embeddable":true,"href":"https:\/\/diariodominicano.com\/index.php?rest_route=%2Fwp%2Fv2%2Fcomments&post=500929"}],"version-history":[{"count":1,"href":"https:\/\/diariodominicano.com\/index.php?rest_route=\/wp\/v2\/posts\/500929\/revisions"}],"predecessor-version":[{"id":500934,"href":"https:\/\/diariodominicano.com\/index.php?rest_route=\/wp\/v2\/posts\/500929\/revisions\/500934"}],"wp:featuredmedia":[{"embeddable":true,"href":"https:\/\/diariodominicano.com\/index.php?rest_route=\/wp\/v2\/media\/500930"}],"wp:attachment":[{"href":"https:\/\/diariodominicano.com\/index.php?rest_route=%2Fwp%2Fv2%2Fmedia&parent=500929"}],"wp:term":[{"taxonomy":"category","embeddable":true,"href":"https:\/\/diariodominicano.com\/index.php?rest_route=%2Fwp%2Fv2%2Fcategories&post=500929"},{"taxonomy":"post_tag","embeddable":true,"href":"https:\/\/diariodominicano.com\/index.php?rest_route=%2Fwp%2Fv2%2Ftags&post=500929"}],"curies":[{"name":"wp","href":"https:\/\/api.w.org\/{rel}","templated":true}]}}