{"id":500882,"date":"2024-01-16T00:05:47","date_gmt":"2024-01-16T04:05:47","guid":{"rendered":"https:\/\/diariodominicano.com\/?p=500882"},"modified":"2024-01-16T00:06:59","modified_gmt":"2024-01-16T04:06:59","slug":"el-pld-realiza-cientos-de-actividades-proselitistas-en-todo-el-pais-y-de-capacitacion-en-materia-electoral","status":"publish","type":"post","link":"https:\/\/diariodominicano.com\/?p=500882","title":{"rendered":"El PLD\u00a0realiza cientos de actividades proselitistas en todo el pa\u00eds y de capacitaci\u00f3n en materia electoral"},"content":{"rendered":"\n<p>Mientras el candidato a la Presidencia de la Rep\u00fablica del\u00a0<strong>Partido de la Liberaci\u00f3n Dominicana (PLD),<\/strong>\u00a0Abel Mart\u00ednez, expresaba su respaldo a los candidatos a las alcald\u00edas de Santiago y de los municipios y distritos municipales de la provincia Mar\u00eda Trinidad S\u00e1nchez en el fin de semana, la organizaci\u00f3n pol\u00edtica, en todo el territorio nacional realizaba cientos de actividades de campa\u00f1a o de capacitaci\u00f3n de sus delegados y delegadas en los Colegios Electorales.<\/p>\n\n\n\n<figure class=\"wp-block-image size-large\"><img loading=\"lazy\" decoding=\"async\" width=\"1024\" height=\"600\" src=\"https:\/\/diariodominicano.com\/wp-content\/uploads\/2024\/01\/San-Pedro-de-Macoris-1024x600.jpeg\" alt=\"\" class=\"wp-image-500906\" srcset=\"https:\/\/diariodominicano.com\/wp-content\/uploads\/2024\/01\/San-Pedro-de-Macoris-1024x600.jpeg 1024w, https:\/\/diariodominicano.com\/wp-content\/uploads\/2024\/01\/San-Pedro-de-Macoris-300x176.jpeg 300w, https:\/\/diariodominicano.com\/wp-content\/uploads\/2024\/01\/San-Pedro-de-Macoris-768x450.jpeg 768w, https:\/\/diariodominicano.com\/wp-content\/uploads\/2024\/01\/San-Pedro-de-Macoris-1536x900.jpeg 1536w, https:\/\/diariodominicano.com\/wp-content\/uploads\/2024\/01\/San-Pedro-de-Macoris-816x478.jpeg 816w, https:\/\/diariodominicano.com\/wp-content\/uploads\/2024\/01\/San-Pedro-de-Macoris.jpeg 1600w\" sizes=\"auto, (max-width: 1024px) 100vw, 1024px\" \/><\/figure>\n\n\n\n<p><\/p>\n\n\n\n<p>Los enlaces de la direcci\u00f3n partidaria en municipios y provincias reportaron el desarrollo de dichas actividades acompa\u00f1adas de im\u00e1genes fotogr\u00e1ficas, demostrativas del gran respaldo de los candidatos del PLD y de la alianza opositora Rescate RD.<\/p>\n\n\n\n<p>Es el caso de la provincia Hermanas Mirabal, que report\u00f3 la demostraci\u00f3n de la fortaleza de la alianza opositora con la celebraci\u00f3n, en la comunidad de Las Gu\u00e1sumas en Villa Tapia, de una gran actividad, enviando el mensaje de que unidos constituyen un frente invencible. Aqu\u00ed el PLD, la FP, PRD y OD respaldan la candidatura de Carlos Cepeda a la Alcald\u00eda de Villa Tapia.<\/p>\n\n\n\n<figure class=\"wp-block-image size-large\"><img loading=\"lazy\" decoding=\"async\" width=\"1024\" height=\"683\" src=\"https:\/\/diariodominicano.com\/wp-content\/uploads\/2024\/01\/Las-Terrenas-1024x683.jpeg\" alt=\"\" class=\"wp-image-500908\" srcset=\"https:\/\/diariodominicano.com\/wp-content\/uploads\/2024\/01\/Las-Terrenas-1024x683.jpeg 1024w, https:\/\/diariodominicano.com\/wp-content\/uploads\/2024\/01\/Las-Terrenas-300x200.jpeg 300w, https:\/\/diariodominicano.com\/wp-content\/uploads\/2024\/01\/Las-Terrenas-768x512.jpeg 768w, https:\/\/diariodominicano.com\/wp-content\/uploads\/2024\/01\/Las-Terrenas-816x544.jpeg 816w, https:\/\/diariodominicano.com\/wp-content\/uploads\/2024\/01\/Las-Terrenas.jpeg 1280w\" sizes=\"auto, (max-width: 1024px) 100vw, 1024px\" \/><\/figure>\n\n\n\n<p>Desde Barahona el candidato a alcalde por el Partido de la Liberaci\u00f3n Dominicana (PLD), Carlos Garc\u00eda, sostuvo un encuentro con comunitarios del sector Don Bosco quienes &nbsp;&nbsp;las propuestas con la problem\u00e1tica del sector donde Garc\u00eda, se comprometi\u00f3 con los presentes buscarles soluci\u00f3n con responsabilidad desde que asuma la alcald\u00eda a partir del 24 de abril del 2024.<\/p>\n\n\n\n<p>Tambi\u00e9n desde Vicente Noble se reportaron diversas actividades encabezadas por el candidato a la alcald\u00eda de all\u00ed, Hendri Rivas, en compa\u00f1\u00eda &nbsp;&nbsp;de la Diputada Ruddy Mar\u00eda M\u00e9ndez y la Direcci\u00f3n PLD en el municipio sure\u00f1o.<\/p>\n\n\n\n<p>La provincia El\u00edas Pi\u00f1a report\u00f3 m\u00faltiples actos en todos sus municipios con la activa participaci\u00f3n de la dirigencia municipal del PLD con los candidatos a las elecciones municipales con la participaci\u00f3n de los aliados en la coalici\u00f3n partidaria Rescate RD.<\/p>\n\n\n\n<figure class=\"wp-block-image size-large\"><img loading=\"lazy\" decoding=\"async\" width=\"1024\" height=\"683\" src=\"https:\/\/diariodominicano.com\/wp-content\/uploads\/2024\/01\/Las-Terrenas-1-1024x683.jpeg\" alt=\"\" class=\"wp-image-500909\" srcset=\"https:\/\/diariodominicano.com\/wp-content\/uploads\/2024\/01\/Las-Terrenas-1-1024x683.jpeg 1024w, https:\/\/diariodominicano.com\/wp-content\/uploads\/2024\/01\/Las-Terrenas-1-300x200.jpeg 300w, https:\/\/diariodominicano.com\/wp-content\/uploads\/2024\/01\/Las-Terrenas-1-768x512.jpeg 768w, https:\/\/diariodominicano.com\/wp-content\/uploads\/2024\/01\/Las-Terrenas-1-816x544.jpeg 816w, https:\/\/diariodominicano.com\/wp-content\/uploads\/2024\/01\/Las-Terrenas-1.jpeg 1280w\" sizes=\"auto, (max-width: 1024px) 100vw, 1024px\" \/><\/figure>\n\n\n\n<p>Los Alcarrizos report\u00f3 la continuaci\u00f3n del intenso trabajo del candidato a la Alcald\u00eda Yaco Alberti, con encuentros en los barrios del municipio de la provincia Santo Domingo,<\/p>\n\n\n\n<p>San Crist\u00f3bal en el fin de semana realiz\u00f3 actividades en todos los municipios y distritos municipales de all\u00ed, demostrando la fortaleza y alto nivel de simpat\u00eda de sus candidatos y candidatas.<\/p>\n\n\n\n<p>Desde la Terrenas, Saman\u00e1, se recibi\u00f3 el informe del desarrollo de una marcha caravana encabezada por Randy Esteban, quien afirm\u00f3 que el PLD recuperar\u00e1 el cabildo de all\u00ed.<\/p>\n\n\n\n<p>En San Juan, adem\u00e1s de las actividades proselitistas los Comit\u00e9s Intermedios de El Corbano recibieron las orientaciones de los trabajos electorales y de fidelizaci\u00f3n del voto morado a favor de Lenin de la Rosa.<\/p>\n\n\n\n<p>La ciudad de San Pedro de Macor\u00eds vibr\u00f3 de entusiasmo, alegr\u00eda y unidad durante la marcha del triunfo liderada por Sergio Cede\u00f1o, G\u00e9nesis Paulino, Franklin Pe\u00f1a y los candidatos a regidores y diputados, as\u00ed como las principales figuras de la Alianza Rescate RD. Con un multitudinario respaldo, la alianza demostr\u00f3 su fuerza y compromiso en el camino hacia el cambio que transformar\u00e1 a esta ciudad.<\/p>\n\n\n\n<p>El PLD combin\u00f3 las actividades proselitistas completando tambi\u00e9n los talleres de capacitaci\u00f3n de los delegados y delegadas de los colegios electorales y su participaci\u00f3n en las pruebas de c\u00f3mputo electoral de cara a la celebraci\u00f3n de las elecciones municipales organizadas por la Junta Central Electoral (JCE).<\/p>\n\n\n\n<p><strong>SECRETAR\u00cdA DE COMUNICACIONES<\/strong><\/p>\n\n\n\n<p><strong>15 DE ENERO, 2024.-<\/strong><\/p>\n\n\n\n<p>&nbsp;&nbsp; &nbsp; &nbsp; &nbsp; &nbsp; &nbsp; &nbsp; &nbsp; &nbsp; &nbsp; &nbsp; &nbsp; &nbsp; ________________________________________________________________________________________________________<\/p>\n\n\n\n<p><\/p>\n","protected":false},"excerpt":{"rendered":"<p>Mientras el candidato a la Presidencia de la Rep\u00fablica del\u00a0Partido de la Liberaci\u00f3n Dominicana (PLD),\u00a0Abel Mart\u00ednez, expresaba su respaldo a los candidatos a las alcald\u00edas de Santiago y de los municipios y distritos municipales de la provincia Mar\u00eda Trinidad S\u00e1nchez en el fin de semana, la organizaci\u00f3n pol\u00edtica, en todo el territorio nacional realizaba cientos [&hellip;]<\/p>\n","protected":false},"author":28,"featured_media":500905,"comment_status":"closed","ping_status":"","sticky":false,"template":"","format":"standard","meta":{"footnotes":""},"categories":[36,22,27],"tags":[],"class_list":["post-500882","post","type-post","status-publish","format-standard","has-post-thumbnail","hentry","category-hombresmujeresycosas","category-politica","category-portada"],"_links":{"self":[{"href":"https:\/\/diariodominicano.com\/index.php?rest_route=\/wp\/v2\/posts\/500882","targetHints":{"allow":["GET"]}}],"collection":[{"href":"https:\/\/diariodominicano.com\/index.php?rest_route=\/wp\/v2\/posts"}],"about":[{"href":"https:\/\/diariodominicano.com\/index.php?rest_route=\/wp\/v2\/types\/post"}],"author":[{"embeddable":true,"href":"https:\/\/diariodominicano.com\/index.php?rest_route=\/wp\/v2\/users\/28"}],"replies":[{"embeddable":true,"href":"https:\/\/diariodominicano.com\/index.php?rest_route=%2Fwp%2Fv2%2Fcomments&post=500882"}],"version-history":[{"count":2,"href":"https:\/\/diariodominicano.com\/index.php?rest_route=\/wp\/v2\/posts\/500882\/revisions"}],"predecessor-version":[{"id":500910,"href":"https:\/\/diariodominicano.com\/index.php?rest_route=\/wp\/v2\/posts\/500882\/revisions\/500910"}],"wp:featuredmedia":[{"embeddable":true,"href":"https:\/\/diariodominicano.com\/index.php?rest_route=\/wp\/v2\/media\/500905"}],"wp:attachment":[{"href":"https:\/\/diariodominicano.com\/index.php?rest_route=%2Fwp%2Fv2%2Fmedia&parent=500882"}],"wp:term":[{"taxonomy":"category","embeddable":true,"href":"https:\/\/diariodominicano.com\/index.php?rest_route=%2Fwp%2Fv2%2Fcategories&post=500882"},{"taxonomy":"post_tag","embeddable":true,"href":"https:\/\/diariodominicano.com\/index.php?rest_route=%2Fwp%2Fv2%2Ftags&post=500882"}],"curies":[{"name":"wp","href":"https:\/\/api.w.org\/{rel}","templated":true}]}}