{"id":50084,"date":"2020-08-31T01:20:07","date_gmt":"2020-08-31T01:20:07","guid":{"rendered":"http:\/\/diariodominicano.ddns.net\/?p=50084"},"modified":"2020-08-31T01:20:07","modified_gmt":"2020-08-31T01:20:07","slug":"el-dia-que-el-huracan-david-ocasiono-muertes-y-destrucciones-en-rd","status":"publish","type":"post","link":"https:\/\/diariodominicano.com\/?p=50084","title":{"rendered":"El d\u00eda que el hurac\u00e1n David ocasion\u00f3  muertes y destrucciones en RD"},"content":{"rendered":"<p><body><\/p>\n<p><img decoding=\"async\" src=\"img3\/david31082.jpg\" \/><br \/><img decoding=\"async\" src=\"img3\/guzman09.jpg.jpg\" \/>  <\/p>\n<p><strong>Diariodominicano.com<\/strong><\/p>\n<p><strong>El d\u00eda que el hurac\u00e1n David ocasion\u00f3  muertes y destrucciones<\/strong><\/p>\n<p>M\u00e1s  de 600 mil personas perdieron sus hogares en San Crist\u00f3bal, Ban\u00ed, Azua, el Distrito Nacional, San Pedro de Macor\u00eds, Hig\u00fcey, La Romana, El Seibo y Monte Plata, entre otras comunidades de la geograf\u00eda nacional.<\/p>\n<p><strong>Por H\u00e9ctor Tineo Nolasco<\/strong><\/p>\n<p><strong>Diariodominicano.com<\/strong><\/p>\n<p><strong>SANTO DOMINGO, el  31 de Agosto de 1979<\/strong>, el hurac\u00e1n David y la tormenta Federico ocasionaron la muerte de miles  de personas y da\u00f1os a bienes de  familias,  al sector Agropecuario y a las obras de infraestructuras. El total de v\u00edctimas mortales  qued\u00f3 sin precisar.<\/p>\n<\/p>\n<p>No obstante,  se ha estimado  que el hurac\u00e1n David caus\u00f3 la muerte de dos mil 400 personas, pero otras versiones  indican  que las v\u00edctimas fueron cuatro mil.<\/p>\n<\/p>\n<p>M\u00e1s  de 600 mil personas perdieron sus hogares en San Crist\u00f3bal, Ban\u00ed, Azua, el Distrito Nacional, San Pedro de Macor\u00eds, Hig\u00fcey, La Romana, El Seibo y Monte Plata, entre otras comunidades de la geograf\u00eda nacional.<\/p>\n<\/p>\n<p><strong>En la ocasi\u00f3n el presidente Antonio Guzm\u00e1n Fern\u00e1ndez  declar\u00f3 a Rep\u00fablica Dominicana  en situaci\u00f3n de emergencia y  toque de queda de seis de la tarde a seis de la ma\u00f1ana, con el objetivo de evitar los robos y saqueos.<\/strong><\/p>\n<\/p>\n<p>Guzm\u00e1n Fern\u00e1ndez, con 380 d\u00edas en la Presidencia de la Rep\u00fablica,  dispuso que s\u00f3lo a los militares, y a las personas autorizadas,  se les permitir\u00eda  transitar  durante el horario establecido.<\/p>\n<\/p>\n<p>Guzm\u00e1n decret\u00f3 el  toque de queda de seis de la tarde a seis de la ma\u00f1ana, con el objetivo de evitar los robos y saqueos.<\/p>\n<\/p>\n<p>Con categor\u00eda 5 y  vientos de 240 kil\u00f3metros por hora,  el hurac\u00e1n David destruy\u00f3  m\u00e1s del  70 por ciento del sistema   el\u00e9ctrico y  ocasion\u00f3 da\u00f1os a decenas de acueductos, incluido el  de Santo Domingo y el sistema telef\u00f3nico.<\/p>\n<\/p>\n<p>Tambi\u00e9n destruy\u00f3 gran parte del sistema vial derribando puentes, y borrando carreteras, canales de riego y otras estructuras.   <\/p>\n<\/p>\n<p>El servicio de electricidad fue restablecido un mes despu\u00e9s de las devastaciones  del hurac\u00e1n.<\/p>\n<\/p>\n<p>Tambi\u00e9n  quedaron  muy afectados  muelles de Haina y Santo Domingo por donde entraba y sal\u00eda    el 90 por ciento de las cargas.<\/p>\n<\/p>\n<p>El sector agropecuario perdi\u00f3 gran parte de sus mercados especialmente el de bananos debido a que luego del hurac\u00e1n no ten\u00eda como suplir los embarques.<\/p>\n<\/p>\n<p>El 4 de septiembre, cuatro d\u00edas despu\u00e9s, la tormenta Federico empeor\u00f3 la situaci\u00f3n  con seis d\u00edas  de lluvias, lo que caus\u00f3 inundaciones que terminaron por arrasar gran parte de las plantaciones agr\u00edcolas, y provoc\u00f3 la muerte de miles de reses y aves de corral.<\/p>\n<\/p>\n<p>El fen\u00f3meno se origin\u00f3  en el Atl\u00e1ntico pr\u00f3ximo a las islas de Cabo Verde, el 25 de agosto de 1979. Perdi\u00f3 fuerza  el 8 de septiembre tras  afectar adem\u00e1s de  Rep\u00fablica Dominicana,  a Hait\u00ed,  Cuba,  y varias de las Antillas Menores.<\/p>\n<\/p>\n<p>Los mayores da\u00f1os se sufrieron  entre  San Crist\u00f3bal y la provincia Peravia. En  Sainagu\u00e1, Palenque, Sabana de Palenque, Nizao, Don Gregorio y otros en los que m\u00e1s del 90 por ciento de las viviendas quedaron destruidas.<\/p>\n<\/p>\n<p>Las crecientes de  r\u00edos como el Nizao y Yubazo causaron la muerte de centenares de personas, incluidas familias completas.<\/p>\n<\/p>\n<p>Tras el paso del fen\u00f3meno, el presidente  Guzm\u00e1n Fern\u00e1ndez  orden\u00f3 un plan de reconstrucci\u00f3n de viviendas con  bloques  y concretos para sustituir las de madera.<\/p>\n<\/p>\n<p>Una informaci\u00f3n  oficial estim\u00f3 que  las p\u00e9rdidas en el sector agropecuario superaron los mil millones de d\u00f3lares debido a la destrucci\u00f3n de casi toda la infraestructura productiva en el centro y sur  del territorio nacional. <\/p>\n<\/p>\n<p>La recuperaci\u00f3n requiri\u00f3 de varios a\u00f1os para volver a operar con eficiencia.<\/p>\n<\/p>\n<p>Tambi\u00e9n produjo un aumento de las importaciones para sustituir las \u00e1reas productivas afectadas.<\/p>\n<\/p>\n<p>A causa del fen\u00f3meno la producci\u00f3n de leche y sus derivados cayeron dr\u00e1sticamente.<\/p>\n<\/p>\n<p>El flujo de divisas  disminuy\u00f3 como consecuencia de  la ca\u00edda de las exportaciones de  productos agr\u00edcolas.<\/p>\n<\/p>\n<p>Las p\u00e9rdidas en el sector industrial tambi\u00e9n fueron significativas  porque  gran parte de los parques industriales de Haina y Herrera quedaron con da\u00f1os extraordinarios.<\/p>\n<\/p>\n<p>El servicio de electricidad fue restablecido un mes despu\u00e9s de las destrucciones de David.<\/p>\n<\/p>\n<p>Otra consecuencia negativa fue la  destrucci\u00f3n de los muelles de Haina y Santo Domingo por donde entraba y sal\u00eda   el 90 por ciento de las cargas.<\/p>\n<\/p>\n<p>El sector agropecuario perdi\u00f3 gran parte de sus mercados especialmente el de bananos debido a que luego del hurac\u00e1n no ten\u00eda c\u00f3mo realizar los embarques.<\/p>\n<\/p>\n<\/p>\n<\/p>\n<h6> 2020-08-31 01:20:07 <\/h6>\n<p><!--\n<link rel=\"stylesheet\" href=\"css\/bootstrap.min.css\">\n\n\n<ul class=\"pagination\">\n\t    \n\t\n\n<li >\n\t<a href='?page_no=265'>Previous<\/a>\n\t<\/li>\n\n\n       \n    \n\n<li><a href='?page_no=1'>1<\/a><\/li>\n\n\n\n<li><a href='?page_no=2'>2<\/a><\/li>\n\n\n\n<li><a>...<\/a><\/li>\n\n\n\n<li><a href='?page_no=264'>264<\/a><\/li>\n\n\n\n<li><a href='?page_no=265'>265<\/a><\/li>\n\n\n\n<li class='active'><a>266<\/a><\/li>\n\n\n\n<li><a href='?page_no=267'>267<\/a><\/li>\n\n\n\n<li><a href='?page_no=268'>268<\/a><\/li>\n\n\n\n<li><a>...<\/a><\/li>\n\n\n\n<li><a href='?page_no=22911'>22911<\/a><\/li>\n\n\n\n<li><a href='?page_no=22912'>22912<\/a><\/li>\n\n    \n\t\n\n<li >\n\t<a href='?page_no=267'>Next<\/a>\n\t<\/li>\n\n\n    \n\n<li><a href='?page_no=22912'>Last &rsaquo;&rsaquo;<\/a><\/li>\n\n<\/ul>\n\n\n--><br \/>\n<\/body><\/p>\n","protected":false},"excerpt":{"rendered":"<p>Diariodominicano.com El d\u00eda que el hurac\u00e1n David ocasion\u00f3 muertes y destrucciones M\u00e1s de 600 mil personas perdieron sus hogares en San Crist\u00f3bal, Ban\u00ed, Azua, el Distrito Nacional, San Pedro de Macor\u00eds, Hig\u00fcey, La Romana, El Seibo y Monte Plata, entre otras comunidades de la geograf\u00eda nacional. Por H\u00e9ctor Tineo Nolasco Diariodominicano.com SANTO DOMINGO, el 31 [&hellip;]<\/p>\n","protected":false},"author":3,"featured_media":0,"comment_status":"open","ping_status":"open","sticky":false,"template":"","format":"standard","meta":{"footnotes":""},"categories":[21],"tags":[],"class_list":["post-50084","post","type-post","status-publish","format-standard","hentry","category-cultura"],"_links":{"self":[{"href":"https:\/\/diariodominicano.com\/index.php?rest_route=\/wp\/v2\/posts\/50084","targetHints":{"allow":["GET"]}}],"collection":[{"href":"https:\/\/diariodominicano.com\/index.php?rest_route=\/wp\/v2\/posts"}],"about":[{"href":"https:\/\/diariodominicano.com\/index.php?rest_route=\/wp\/v2\/types\/post"}],"author":[{"embeddable":true,"href":"https:\/\/diariodominicano.com\/index.php?rest_route=\/wp\/v2\/users\/3"}],"replies":[{"embeddable":true,"href":"https:\/\/diariodominicano.com\/index.php?rest_route=%2Fwp%2Fv2%2Fcomments&post=50084"}],"version-history":[{"count":0,"href":"https:\/\/diariodominicano.com\/index.php?rest_route=\/wp\/v2\/posts\/50084\/revisions"}],"wp:attachment":[{"href":"https:\/\/diariodominicano.com\/index.php?rest_route=%2Fwp%2Fv2%2Fmedia&parent=50084"}],"wp:term":[{"taxonomy":"category","embeddable":true,"href":"https:\/\/diariodominicano.com\/index.php?rest_route=%2Fwp%2Fv2%2Fcategories&post=50084"},{"taxonomy":"post_tag","embeddable":true,"href":"https:\/\/diariodominicano.com\/index.php?rest_route=%2Fwp%2Fv2%2Ftags&post=50084"}],"curies":[{"name":"wp","href":"https:\/\/api.w.org\/{rel}","templated":true}]}}