{"id":500792,"date":"2024-01-15T15:49:06","date_gmt":"2024-01-15T19:49:06","guid":{"rendered":"https:\/\/diariodominicano.com\/?p=500792"},"modified":"2024-01-15T15:49:06","modified_gmt":"2024-01-15T19:49:06","slug":"105-anos-aniversario-del-asesinato-de-rosa-luxemburgo-la-aguila-de-la-revolucion","status":"publish","type":"post","link":"https:\/\/diariodominicano.com\/?p=500792","title":{"rendered":"105 A\u00f1os Aniversario del Asesinato de Rosa Luxemburgo la \u00c1guila de la Revoluci\u00f3n"},"content":{"rendered":"\n<p><strong>Por Araceli Aguilar Salgado<\/strong><\/p>\n\n\n\n<p><strong><em>&nbsp;\u201cNo debemos olvidar, empero, que no se hace la historia sin grandeza de esp\u00edritu, sin una elevada moral, sin gestos nobles.\u201d&nbsp;<\/em><\/strong><strong>Rosa Luxemburgo<\/strong><\/p>\n\n\n\n<p>La noche del 15 de enero de 1919 en Berl\u00edn, fue detenida Rosa Luxemburgo: una mujer indefensa con cabellos grises, demacrada y exhausta. Una mujer mayor, que aparentaba mucho m\u00e1s de los 48 a\u00f1os que ten\u00eda.<\/p>\n\n\n\n<figure class=\"wp-block-image size-large\"><img loading=\"lazy\" decoding=\"async\" width=\"1024\" height=\"812\" src=\"https:\/\/diariodominicano.com\/wp-content\/uploads\/2024\/01\/rosa-4-1024x812.jpg\" alt=\"\" class=\"wp-image-500794\" srcset=\"https:\/\/diariodominicano.com\/wp-content\/uploads\/2024\/01\/rosa-4-1024x812.jpg 1024w, https:\/\/diariodominicano.com\/wp-content\/uploads\/2024\/01\/rosa-4-300x238.jpg 300w, https:\/\/diariodominicano.com\/wp-content\/uploads\/2024\/01\/rosa-4-768x609.jpg 768w, https:\/\/diariodominicano.com\/wp-content\/uploads\/2024\/01\/rosa-4-816x647.jpg 816w, https:\/\/diariodominicano.com\/wp-content\/uploads\/2024\/01\/rosa-4.jpg 1429w\" sizes=\"auto, (max-width: 1024px) 100vw, 1024px\" \/><\/figure>\n\n\n\n<p>Uno de los soldados que la rodeaban, le oblig\u00f3 a seguir a empujones, y la multitud burlona y llena de odio que se agolpaba en el vest\u00edbulo del Hotel Eden le salud\u00f3 con insultos. Ella alz\u00f3 su frente ante la multitud y mir\u00f3 a los soldados y a los hu\u00e9spedes del hotel que se mofaban de ella con sus ojos negros y orgullosos. Y aquellos hombres en sus uniformes desiguales, soldados de la nueva unidad de las tropas de asalto, se sintieron ofendidos por la mirada desde\u00f1osa y casi compasiva de Rosa Luxemburgo, \u00abla rosa roja\u00bb, \u00abla jud\u00eda\u00bb.<\/p>\n\n\n\n<p>Le insultaron: \u00abRosita, ah\u00ed viene la vieja puta\u00bb. Ellos odiaban todo lo que esta mujer hab\u00eda representado en Alemania durante dos d\u00e9cadas: la firme creencia en la idea del socialismo, el feminismo, el antimilitarismo y la oposici\u00f3n a la guerra, que ellos hab\u00edan perdido en noviembre de 1918. En los d\u00edas previos los soldados hab\u00edan aplastado el levantamiento de trabajadores en Berl\u00edn. Ahora ellos eran los amos. Y Rosa les hab\u00eda desafiado en su \u00faltimo art\u00edculo:<\/p>\n\n\n\n<p>\u00a1El orden reina en Berl\u00edn! \u00a1Ah! \u00a1Est\u00fapidos e insensatos verdugos! No os dais cuenta de que vuestro orden est\u00e1 levantado sobre arena. La revoluci\u00f3n se erguir\u00e1 ma\u00f1ana con su victoria y el terror asomar\u00e1 en vuestros rostros al o\u00edrle anunciar con todas sus trompetas: \u00a1Yo fui, yo soy, yo ser\u00e9!<\/p>\n\n\n\n<p>La empujaron y golpearon. Rosa se levant\u00f3. Para entonces casi hab\u00edan alcanzado la puerta trasera del hotel. Fuera esperaba un coche lleno de soldados, quienes, seg\u00fan le hab\u00edan comunicado, la conducir\u00edan a la prisi\u00f3n. Pero uno de los soldados se fue hacia ella levantando su arma y le golpe\u00f3 en la cabeza con la culata. Ella cay\u00f3 al suelo. El soldado le propin\u00f3 un segundo golpe en la sien.<\/p>\n\n\n\n<figure class=\"wp-block-image size-full\"><img loading=\"lazy\" decoding=\"async\" width=\"384\" height=\"512\" src=\"https:\/\/diariodominicano.com\/wp-content\/uploads\/2024\/01\/rosa-7.jpg\" alt=\"\" class=\"wp-image-500795\" srcset=\"https:\/\/diariodominicano.com\/wp-content\/uploads\/2024\/01\/rosa-7.jpg 384w, https:\/\/diariodominicano.com\/wp-content\/uploads\/2024\/01\/rosa-7-225x300.jpg 225w\" sizes=\"auto, (max-width: 384px) 100vw, 384px\" \/><\/figure>\n\n\n\n<p>El hombre se llamaba Runge. El rostro de Rosa Luxemburgo chorreaba sangre. Runge obedec\u00eda \u00f3rdenes cuando golpe\u00f3 a Rosa Luxemburgo. Poco antes \u00e9l hab\u00eda derribado a Karl Liebknecht con la culata de su fusil. Tambi\u00e9n a \u00e9l le hab\u00edan arrastrado por el vest\u00edbulo del Hotel Eden.<\/p>\n\n\n\n<p>Los soldados levantaron el cuerpo de Rosa. La sangre brotaba de su boca y nariz. La llevaron al veh\u00edculo. Sentaron a Rosa entre los dos soldados en el asiento de atr\u00e1s. Hac\u00eda poco que el coche hab\u00eda arrancado cuando le dispararon un tiro a quemarropa. Se pudo escuchar en el hotel.<\/p>\n\n\n\n<p>La noche del 15 de enero de 1919 los hombres del cuerpo de asalto asesinaron a Rosa Luxemburgo. Arrojaron su cad\u00e1ver desde un puente al canal. Al d\u00eda siguiente todo Berl\u00edn sab\u00eda ya que la mujer que en los \u00faltimos veinte a\u00f1os hab\u00eda desafiado a todos los poderosos y que hab\u00eda cautivado a los asistentes de innumerables asambleas, estaba muerta. Mientras se buscaba su cad\u00e1ver, un Bertold Brecht de 21 a\u00f1os escrib\u00eda:<\/p>\n\n\n\n<p>\u201cLa Rosa roja ahora tambi\u00e9n ha desaparecido.<\/p>\n\n\n\n<p>D\u00f3nde se encuentra es desconocido.<\/p>\n\n\n\n<p>Porque ella a los pobres la verdad ha dicho<\/p>\n\n\n\n<p>Los ricos del mundo la han extinguido.\u201d<\/p>\n\n\n\n<p>Pocos meses despu\u00e9s, el 31 de mayo de 1919, se encontr\u00f3 el cuerpo de una mujer junto a una esclusa del canal. Se pod\u00eda reconocer los guantes de Rosa Luxemburgo, parte de su vestido, un pendiente de oro. Pero la cara era irreconocible, ya que el cuerpo hac\u00eda tiempo que estaba podrido. Fue identificada y enterrada el 13 de junio.<\/p>\n\n\n\n<p>En el a\u00f1o 1962, 43 a\u00f1os despu\u00e9s de su muerte, el Gobierno Federal alem\u00e1n declar\u00f3 que su asesinato hab\u00eda sido una \u00abejecuci\u00f3n acorde con la ley marcial\u00bb. S\u00f3lo en 1999 una investigaci\u00f3n oficial concluy\u00f3 que las tropas de asalto, que hab\u00edan recibido \u00f3rdenes y dinero de los gobernantes socialdem\u00f3cratas, fueron los autores materiales de su muerte y la de Karl Liebknecht.<\/p>\n\n\n\n<p><strong><em>\u201cPor un mundo donde seamos socialmente iguales, humanamente diferentes y totalmente libres.\u201d Rosa Luxemburgo<\/em><\/strong><\/p>\n\n\n\n<p><strong>Araceli Aguilar Salgado Periodista, Abogada, Ingeniera, Escritora, Analista y comentarista mexicana, del Estado de Guerrero E-mail&nbsp;<\/strong><strong><a href=\"mailto:periodistaaaguilar@gmail.com\" target=\"_blank\" rel=\"noreferrer noopener\">periodistaaaguilar@gmail.com<\/a><\/strong><\/p>\n","protected":false},"excerpt":{"rendered":"<p>Por Araceli Aguilar Salgado &nbsp;\u201cNo debemos olvidar, empero, que no se hace la historia sin grandeza de esp\u00edritu, sin una elevada moral, sin gestos nobles.\u201d&nbsp;Rosa Luxemburgo La noche del 15 de enero de 1919 en Berl\u00edn, fue detenida Rosa Luxemburgo: una mujer indefensa con cabellos grises, demacrada y exhausta. Una mujer mayor, que aparentaba mucho [&hellip;]<\/p>\n","protected":false},"author":28,"featured_media":500793,"comment_status":"closed","ping_status":"","sticky":false,"template":"","format":"standard","meta":{"footnotes":""},"categories":[21,36,26],"tags":[],"class_list":["post-500792","post","type-post","status-publish","format-standard","has-post-thumbnail","hentry","category-cultura","category-hombresmujeresycosas","category-efemerides"],"_links":{"self":[{"href":"https:\/\/diariodominicano.com\/index.php?rest_route=\/wp\/v2\/posts\/500792","targetHints":{"allow":["GET"]}}],"collection":[{"href":"https:\/\/diariodominicano.com\/index.php?rest_route=\/wp\/v2\/posts"}],"about":[{"href":"https:\/\/diariodominicano.com\/index.php?rest_route=\/wp\/v2\/types\/post"}],"author":[{"embeddable":true,"href":"https:\/\/diariodominicano.com\/index.php?rest_route=\/wp\/v2\/users\/28"}],"replies":[{"embeddable":true,"href":"https:\/\/diariodominicano.com\/index.php?rest_route=%2Fwp%2Fv2%2Fcomments&post=500792"}],"version-history":[{"count":1,"href":"https:\/\/diariodominicano.com\/index.php?rest_route=\/wp\/v2\/posts\/500792\/revisions"}],"predecessor-version":[{"id":500796,"href":"https:\/\/diariodominicano.com\/index.php?rest_route=\/wp\/v2\/posts\/500792\/revisions\/500796"}],"wp:featuredmedia":[{"embeddable":true,"href":"https:\/\/diariodominicano.com\/index.php?rest_route=\/wp\/v2\/media\/500793"}],"wp:attachment":[{"href":"https:\/\/diariodominicano.com\/index.php?rest_route=%2Fwp%2Fv2%2Fmedia&parent=500792"}],"wp:term":[{"taxonomy":"category","embeddable":true,"href":"https:\/\/diariodominicano.com\/index.php?rest_route=%2Fwp%2Fv2%2Fcategories&post=500792"},{"taxonomy":"post_tag","embeddable":true,"href":"https:\/\/diariodominicano.com\/index.php?rest_route=%2Fwp%2Fv2%2Ftags&post=500792"}],"curies":[{"name":"wp","href":"https:\/\/api.w.org\/{rel}","templated":true}]}}