{"id":500786,"date":"2024-01-15T15:43:45","date_gmt":"2024-01-15T19:43:45","guid":{"rendered":"https:\/\/diariodominicano.com\/?p=500786"},"modified":"2024-01-15T20:47:54","modified_gmt":"2024-01-16T00:47:54","slug":"95-natalicio-de-m-l-king-jr-lider-y-defensor-de-los-derechos-civiles","status":"publish","type":"post","link":"https:\/\/diariodominicano.com\/?p=500786","title":{"rendered":"95 Natalicio de M. L. King Jr. L\u00edder y Defensor de los derechos civiles"},"content":{"rendered":"\n<p><strong>Por Dr. Am\u00edn Cruz<\/strong><\/p>\n\n\n\n<p><strong><em>\u201cSue\u00f1o que un d\u00eda, en las rojas colinas de Georgia, los hijos de los antiguos esclavos y los hijos de los antiguos due\u00f1os de esclavos, se puedan sentar juntos a la mesa de la hermandad. Sue\u00f1o que un d\u00eda, incluso el estado de Misisip\u00ed, un estado que se sofoca con el calor de la injusticia y de la opresi\u00f3n, se convertir\u00e1 en un oasis de libertad y justicia.\u201d<br>Martin Luther King<\/em><\/strong><\/p>\n\n\n\n<figure class=\"wp-block-image size-full\"><img loading=\"lazy\" decoding=\"async\" width=\"880\" height=\"495\" src=\"https:\/\/diariodominicano.com\/wp-content\/uploads\/2024\/01\/luker-4.jpg\" alt=\"\" class=\"wp-image-500788\" srcset=\"https:\/\/diariodominicano.com\/wp-content\/uploads\/2024\/01\/luker-4.jpg 880w, https:\/\/diariodominicano.com\/wp-content\/uploads\/2024\/01\/luker-4-300x169.jpg 300w, https:\/\/diariodominicano.com\/wp-content\/uploads\/2024\/01\/luker-4-768x432.jpg 768w, https:\/\/diariodominicano.com\/wp-content\/uploads\/2024\/01\/luker-4-816x459.jpg 816w\" sizes=\"auto, (max-width: 880px) 100vw, 880px\" \/><\/figure>\n\n\n\n<p>El reverendo Martin Luther King, Jr. fue una leyenda de los derechos civiles. A mediados de la d\u00e9cada de 1950, el Dr. King lider\u00f3 el movimiento para acabar con la segregaci\u00f3n racial y contrarrestar los prejuicios en Estados Unidos por medio de la protesta pac\u00edfica. Sus discursos, algunos de los m\u00e1s emblem\u00e1ticos del siglo XX, tuvieron un profundo efecto en la conciencia nacional de Estados Unidos. Gracias a su liderazgo, el movimiento por los derechos civiles abri\u00f3 las puertas de la educaci\u00f3n y el empleo que durante mucho tiempo hab\u00edan estado cerradas para la poblaci\u00f3n negra de Estados Unidos.<\/p>\n\n\n\n<p>En 1983, el presidente Ronald Reagan firm\u00f3 un proyecto de ley por el que se creaba un d\u00eda festivo federal en honor al Dr. King por su compromiso con la igualdad de derechos y la justicia para todos. Celebrado por primera vez el 20 de enero de 1986, se llama D\u00eda de Martin Luther King Jr. En enero de 2000, el D\u00eda de Martin Luther King Jr. Se celebr\u00f3&nbsp;oficialmente en los 50 estados&nbsp;de Estados Unidos. El d\u00eda celebra la fecha de nacimiento del activista, 15 de enero de 1929 pero, como muchos festivos en Estados Unidos, no es una fecha fija y&nbsp;se celebra en el tercer lunes de enero.&nbsp;Esto es lo que hay que saber sobre la extraordinaria vida del Dr. King.<\/p>\n\n\n\n<p>Aunque el nombre del Dr. King es conocido en todo el mundo,&nbsp;muchos no saben que naci\u00f3 como Michael King, Jr. en Atlanta, Georgia, el 15 de enero de 1929. Su padre, Michael King, era pastor de la Iglesia Bautista Ebenezer de Atlanta. Durante un viaje a Alemania, King, padre, qued\u00f3 tan impresionado por la historia del l\u00edder de la Reforma Protestante, Mart\u00edn Lutero, que no s\u00f3lo cambi\u00f3 su propio nombre, sino tambi\u00e9n el de Michael, de 5 a\u00f1os.<\/p>\n\n\n\n<p>Su brillantez se hizo notar pronto, ya que a los 15 a\u00f1os&nbsp;fue aceptado en el Morehouse College, una escuela hist\u00f3ricamente negra de Atlanta. En el verano anterior a su \u00faltimo a\u00f1o de universidad, el Dr. King sab\u00eda que estaba destinado a continuar con la profesi\u00f3n familiar del trabajo pastoral y decidi\u00f3 entrar en el ministerio. Se licenci\u00f3 en Morehouse a los 19 a\u00f1os, y luego se matricul\u00f3 en el Seminario Teol\u00f3gico Crozer de Chester (Pensilvania), donde se licenci\u00f3 en Divinidad en 1951. Se doctor\u00f3 en teolog\u00eda sistem\u00e1tica en la Universidad de Boston en 1955.<\/p>\n\n\n\n<figure class=\"wp-block-image size-full\"><img loading=\"lazy\" decoding=\"async\" width=\"799\" height=\"799\" src=\"https:\/\/diariodominicano.com\/wp-content\/uploads\/2024\/01\/luker-5.jpg\" alt=\"\" class=\"wp-image-500790\" srcset=\"https:\/\/diariodominicano.com\/wp-content\/uploads\/2024\/01\/luker-5.jpg 799w, https:\/\/diariodominicano.com\/wp-content\/uploads\/2024\/01\/luker-5-300x300.jpg 300w, https:\/\/diariodominicano.com\/wp-content\/uploads\/2024\/01\/luker-5-150x150.jpg 150w, https:\/\/diariodominicano.com\/wp-content\/uploads\/2024\/01\/luker-5-768x768.jpg 768w, https:\/\/diariodominicano.com\/wp-content\/uploads\/2024\/01\/luker-5-88x88.jpg 88w\" sizes=\"auto, (max-width: 799px) 100vw, 799px\" \/><\/figure>\n\n\n\n<p>El Dr. King se cas\u00f3 con Coretta Scott el 18 de junio de 1953, en el jard\u00edn de la casa de sus padres en su ciudad natal de Heiberger, Alabama.&nbsp;Fueron padres de cuatro hijos: Yolanda King (1955-2007), Martin Luther King III (nacido en 1957), Dexter Scott King (nacido en 1961) y Bernice King (nacida en 1963).<\/p>\n\n\n\n<p>En 1954, cuando ten\u00eda 25 a\u00f1os, el Dr. King se convirti\u00f3 en pastor de la Iglesia Bautista de la Avenida Dexter en Montgomery, Alabama.&nbsp;En marzo de 1955, Claudette Colvin -una alumna negra de 15 a\u00f1os de Montgomery- se neg\u00f3 a ceder su asiento en el autob\u00fas a un hombre blanco, lo que supon\u00eda una violaci\u00f3n de las leyes Jim Crow, leyes locales del sur de Estados Unidos que impon\u00edan la&nbsp;segregaci\u00f3n racial. El Dr. King form\u00f3 parte del comit\u00e9 de la comunidad afroamericana de Birmingham que investig\u00f3 el caso. La secci\u00f3n local de la Asociaci\u00f3n Nacional para el Progreso de las Personas de Color (NAACP) consider\u00f3 brevemente la posibilidad de utilizar el caso de Colvin para desafiar las leyes de segregaci\u00f3n, pero decidi\u00f3 que, al ser tan joven -y haberse quedado embarazada-, su caso atraer\u00eda demasiada atenci\u00f3n negativa.<\/p>\n\n\n\n<p>Nueve meses despu\u00e9s, el 1 de diciembre de 1955, se produjo un incidente similar cuando&nbsp;una costurera llamada Rosa Parks fue detenida&nbsp;por negarse a ceder su asiento en un autob\u00fas urbano. Los dos incidentes condujeron al boicot a los autobuses de Montgomery, instado y planificado por el presidente de la secci\u00f3n de Alabama de la NAACP, E.D. Nixon, y dirigido por el Dr. King. El boicot dur\u00f3 385 d\u00edas.<\/p>\n\n\n\n<p>El papel prominente y abierto del Dr. King en el boicot provoc\u00f3 numerosas amenazas contra su vida, y su casa fue atacada con explosivos. Fue detenido durante la campa\u00f1a, que concluy\u00f3 con la sentencia del Tribunal de Distrito de los Estados Unidos en el caso&nbsp;Browder contra Gayle&nbsp;(en el que Colvin era demandante)&nbsp;que puso fin a la segregaci\u00f3n racial en todos los autobuses p\u00fablicos de Montgomery. El papel del Dr. King en el boicot a los autobuses lo convirti\u00f3 en una figura nacional y en el portavoz m\u00e1s conocido del movimiento por los derechos civiles.<\/p>\n\n\n\n<p>Desde los primeros d\u00edas del boicot de Montgomery,&nbsp;el Dr. King se hab\u00eda referido a menudo al Mahatma Gandhi&nbsp;de la India como \u00abla luz que gu\u00eda nuestra t\u00e9cnica de cambio social no violento\u00bb.<\/p>\n\n\n\n<p>En 1957, el Dr. King, Ralph Abernathy, Fred Shuttlesworth, Joseph Lowery y otros activistas de los derechos civiles fundaron la&nbsp;Conferencia de Liderazgo Cristiano del Sur&nbsp;para aprovechar el poder de organizaci\u00f3n de las iglesias negras para llevar a cabo protestas no violentas con el fin de lograr la reforma de los derechos civiles. El grupo formaba parte de lo que se denominaba \u00abLos cinco grandes\u00bb de las organizaciones de derechos civiles, que inclu\u00edan a la NAACP, la Liga Urbana Nacional, el Comit\u00e9 Coordinador Estudiantil No Violento y el Congreso por la Igualdad Racial.<\/p>\n\n\n\n<p>Gracias a sus conexiones con los Cinco Grandes grupos de derechos civiles, al apoyo abrumador de la Am\u00e9rica negra y al apoyo de destacados benefactores individuales, la habilidad y la eficacia del Dr. King crecieron exponencialmente. Organiz\u00f3 y dirigi\u00f3 marchas por el derecho al voto de los negros, la desegregaci\u00f3n, los derechos laborales y otros derechos civiles b\u00e1sicos.<\/p>\n\n\n\n<p>El 28 de agosto de 1963, la Marcha sobre Washington por el Empleo y la Libertad se convirti\u00f3 en la c\u00faspide de la influencia nacional e internacional del Dr. King. Ante una multitud de 250.000 personas,&nbsp;pronunci\u00f3 el legendario discurso \u00abTengo un sue\u00f1o\u00bb&nbsp;en las escaleras del Lincoln Memorial. Ese discurso, junto con muchos otros que pronunci\u00f3 el Dr. King,&nbsp;ha tenido una influencia duradera en la ret\u00f3rica mundial.<\/p>\n\n\n\n<p>En 1964, King recibi\u00f3 el Premio Nobel de la Paz El 14 de octubre de 1964, Martin Luther King recibi\u00f3 el Premio Nobel de la Paz por su activismo en pro de los derechos civiles y la justicia social. Con 35 a\u00f1os, se convirti\u00f3 en el hombre m\u00e1s joven en recibir este reconocimiento<\/p>\n\n\n\n<p>La mayor\u00eda de los derechos por los que el Dr. King organiz\u00f3 protestas se convirtieron en leyes con la aprobaci\u00f3n de la&nbsp;Ley de Derechos Civiles de 1964&nbsp;y la&nbsp;Ley de Derecho al Voto de 1965.<\/p>\n\n\n\n<p>La oposici\u00f3n del Dr. King a la guerra de Vietnam se convirti\u00f3 en una parte importante de su imagen p\u00fablica. El 4 de abril de 1967 -exactamente un a\u00f1o antes de su muerte- pronunci\u00f3 un discurso titulado \u00abM\u00e1s all\u00e1 de Vietnam\u00bb en la ciudad de Nueva York, en el que propuso el cese de los bombardeos en Vietnam. El Dr. King tambi\u00e9n sugiri\u00f3 que Estados Unidos declarara una tregua con el objetivo de lograr conversaciones de paz, y que fijara una fecha de retirada.<\/p>\n\n\n\n<p>En \u00faltima instancia, el Dr. King se vio impulsado a centrarse en la justicia social y econ\u00f3mica en Estados Unidos. Hab\u00eda viajado a Memphis, Tennessee, a principios de abril de 1968 para ayudar a organizar una huelga de trabajadores sanitarios, y en la noche del 3 de abril&nbsp;pronunci\u00f3 el legendario discurso \u00abHe estado en la cima de la monta\u00f1a\u00bb, en el que compar\u00f3 la huelga con la larga lucha por la libertad humana y la batalla por la justicia econ\u00f3mica, utilizando la par\u00e1bola del buen samaritano del Nuevo Testamento para subrayar la necesidad de que la gente se involucre.<\/p>\n\n\n\n<p>Pero el Dr. King no vivir\u00eda para hacer realidad esa visi\u00f3n. Al d\u00eda siguiente, el 4 de abril de 1968, el Dr. King&nbsp;fue asesinado a tiros en el balc\u00f3n del Motel Lorraine de Memphis por James Earl Ray,&nbsp;un delincuente de poca monta que hab\u00eda escapado el a\u00f1o anterior de una prisi\u00f3n de m\u00e1xima seguridad. Ray fue acusado y condenado por el asesinato y sentenciado a 99 a\u00f1os de prisi\u00f3n el 10 de marzo de 1969. Despu\u00e9s de tres d\u00edas de c\u00e1rcel, Ray afirm\u00f3 que no era culpable y que le hab\u00edan tendido una trampa. Pas\u00f3 el resto de su vida luchando sin \u00e9xito por un juicio, a pesar del apoyo final de algunos miembros de la familia King y del reverendo Jesse Jackson.<\/p>\n\n\n\n<p>Para la mayor\u00eda de los habitantes de Estados Unidos, el lunes 16 de enero es el d\u00eda festivo conocido como el D\u00eda de Martin Luther King (a menudo abreviado como D\u00eda de MLK). Pero si vives en Arkansas, Alabama o Mississippi, entonces es el D\u00eda de Martin Luther King y Robert E. Lee.<\/p>\n\n\n\n<p>Lee&nbsp;fue un general de la Guerra Civil para la Confederaci\u00f3n, un grupo de estados que se separ\u00f3 de Estados Unidos para formar un gobierno en el que,&nbsp;como dec\u00eda el art\u00edculo IV de su constituci\u00f3n, \u00abla instituci\u00f3n de la esclavitud de los negros, tal como existe ahora en los Estados Confederados, ser\u00e1 reconocida y protegida\u00bb.<\/p>\n\n\n\n<p>Casi inmediatamente despu\u00e9s del asesinato de King en 1968, activistas y legisladores empezaron a impulsar un d\u00eda festivo para conmemorar su cumplea\u00f1os el 15 de enero, una lucha que se prolongar\u00eda durante 15 a\u00f1os.<\/p>\n\n\n\n<p>\u00abLo importante es recordar que la reputaci\u00f3n [de King], en general, en el pa\u00eds, ha cambiado\u00bb, dice&nbsp;Lois Horton, profesora em\u00e9rita de historia en la Universidad George Mason. \u00abEl FBI hab\u00eda llevado a cabo una gran campa\u00f1a para desprestigiar y desacreditar todo lo que hac\u00eda durante toda su carrera\u00bb.<\/p>\n\n\n\n<p>El senador Jesse Helms, de Carolina del Norte,&nbsp;hizo campa\u00f1a contra la proclamaci\u00f3n del d\u00eda festivo, argumentando que King era un simpatizante comunista y un marido infiel. Pero personalidades como la esposa de King, Coretta Scott King, y el m\u00fasico Stevie Wonder -que expres\u00f3 su apoyo en su canci\u00f3n \u00abHappy Birthday\u00bb- siguieron presionando para que se le reconociera.<\/p>\n\n\n\n<p>El Congreso aprob\u00f3 finalmente un proyecto de ley en 1983, y el primer D\u00eda Federal de MLK se celebr\u00f3 el tercer lunes de enero de 1986. La mayor\u00eda de los estados adoptaron la festividad en pocos a\u00f1os, pero otros se resistieron. Arizona no reconoci\u00f3 el d\u00eda hasta 1992, despu\u00e9s de perder millones de d\u00f3lares&nbsp;cuando la Super Bowl de la Liga Nacional de F\u00fatbol Americano boicote\u00f3 el estado en se\u00f1al de protesta. El \u00faltimo estado en adoptar la festividad fue New Hampshire en 1999, seg\u00fan The King Center.<\/p>\n\n\n\n<p><strong><em>\u201cTengo un sue\u00f1o, sue\u00f1o que mis cuatro hijos vivan un d\u00eda en una naci\u00f3n donde no sean juzgados por el color de su piel sino por su car\u00e1cter. (\u2026) sue\u00f1o que un d\u00eda en Alabama las ni\u00f1as y los ni\u00f1os negros puedan tomarse de la mano con las ni\u00f1as y los ni\u00f1os blancos como hermanas y hermanos.\u201d Martin Luther King<\/em><\/strong><\/p>\n\n\n\n<p><strong><em>&nbsp;<\/em><\/strong><strong>Dr. Am\u00edn Cruz, CEO, presidente y Fundador del Congreso Hispanoamericano de Prensa, Padre y Embajador de la Prensa latinoamericana, Diplom\u00e1tico ante la ONU, periodista, escritor en USA.<\/strong><\/p>\n","protected":false},"excerpt":{"rendered":"<p>Por Dr. Am\u00edn Cruz \u201cSue\u00f1o que un d\u00eda, en las rojas colinas de Georgia, los hijos de los antiguos esclavos y los hijos de los antiguos due\u00f1os de esclavos, se puedan sentar juntos a la mesa de la hermandad. Sue\u00f1o que un d\u00eda, incluso el estado de Misisip\u00ed, un estado que se sofoca con el [&hellip;]<\/p>\n","protected":false},"author":28,"featured_media":261928,"comment_status":"closed","ping_status":"","sticky":false,"template":"","format":"standard","meta":{"footnotes":""},"categories":[21,36,26,23],"tags":[],"class_list":["post-500786","post","type-post","status-publish","format-standard","has-post-thumbnail","hentry","category-cultura","category-hombresmujeresycosas","category-efemerides","category-internacional"],"_links":{"self":[{"href":"https:\/\/diariodominicano.com\/index.php?rest_route=\/wp\/v2\/posts\/500786","targetHints":{"allow":["GET"]}}],"collection":[{"href":"https:\/\/diariodominicano.com\/index.php?rest_route=\/wp\/v2\/posts"}],"about":[{"href":"https:\/\/diariodominicano.com\/index.php?rest_route=\/wp\/v2\/types\/post"}],"author":[{"embeddable":true,"href":"https:\/\/diariodominicano.com\/index.php?rest_route=\/wp\/v2\/users\/28"}],"replies":[{"embeddable":true,"href":"https:\/\/diariodominicano.com\/index.php?rest_route=%2Fwp%2Fv2%2Fcomments&post=500786"}],"version-history":[{"count":3,"href":"https:\/\/diariodominicano.com\/index.php?rest_route=\/wp\/v2\/posts\/500786\/revisions"}],"predecessor-version":[{"id":500824,"href":"https:\/\/diariodominicano.com\/index.php?rest_route=\/wp\/v2\/posts\/500786\/revisions\/500824"}],"wp:featuredmedia":[{"embeddable":true,"href":"https:\/\/diariodominicano.com\/index.php?rest_route=\/wp\/v2\/media\/261928"}],"wp:attachment":[{"href":"https:\/\/diariodominicano.com\/index.php?rest_route=%2Fwp%2Fv2%2Fmedia&parent=500786"}],"wp:term":[{"taxonomy":"category","embeddable":true,"href":"https:\/\/diariodominicano.com\/index.php?rest_route=%2Fwp%2Fv2%2Fcategories&post=500786"},{"taxonomy":"post_tag","embeddable":true,"href":"https:\/\/diariodominicano.com\/index.php?rest_route=%2Fwp%2Fv2%2Ftags&post=500786"}],"curies":[{"name":"wp","href":"https:\/\/api.w.org\/{rel}","templated":true}]}}