{"id":50073,"date":"2020-08-31T15:28:52","date_gmt":"2020-08-31T15:28:52","guid":{"rendered":"http:\/\/diariodominicano.ddns.net\/?p=50073"},"modified":"2020-08-31T15:28:52","modified_gmt":"2020-08-31T15:28:52","slug":"ministro-de-educacion-superior-llama-a-rectores-de-universidades-a-trabajar-en-consenso-para-impulsar-la-docencia-virtual","status":"publish","type":"post","link":"https:\/\/diariodominicano.com\/?p=50073","title":{"rendered":"Ministro de Educaci\u00f3n Superior llama a rectores de universidades a trabajar en consenso para impulsar la docencia virtual"},"content":{"rendered":"<p><body><\/p>\n<p><img decoding=\"async\" src=\"img3\/UNICARIBEy Mescyt31-8-20.JPG\" \/>  <\/p>\n<p><strong>diariodominicano.com<\/strong><\/p>\n<p><strong><span class=\"text1noticias\"> <\/span><\/strong><\/p>\n<p><strong><span class=\"text1noticias\">Santo Domingo, R. D., 31 de agosto, 2020.- <\/span><\/strong><span class=\"text1noticias\">El ministro de Educaci\u00f3n Superior, Ciencia y Tecnolog\u00eda (MESYT),doctor Franklin Garc\u00eda Ferm\u00edn, exhort\u00f3 este lunes a todas las autoridades involucradas en el sector universitario, a trabajar en consenso para virtualizar sus actividades, durante un encuentro con el rector de la Universidad del Caribe (UNICARIBE), Jos\u00e9 Alejandro Aybar.  <\/span><\/p>\n<\/p>\n<p><span class=\"text1noticias\">Garc\u00eda Ferm\u00edn afirm\u00f3 que el gobierno del presidente, Luis Abinader tiene iniciativas a favor de las universidades, ante el reto que representa la virtualidad en  la docencia y las actividades administrativas durante la pandemia.<\/span><\/p>\n<\/p>\n<p><span class=\"text1noticias\"> Garc\u00eda Ferm\u00edn tambi\u00e9n anunci\u00f3 un  recorrido por las universidades con sede en Santo Domingo, Santiago, Duarte y S\u00e1nchez Ram\u00edrez, adem\u00e1s de agotar una agenda con la Asociaci\u00f3n Dominicana de Rectores de Universidades (ADRU). <\/span><\/p>\n<\/p>\n<p><span class=\"text1noticias\">Mientras que el rector de UNICARIBE, Jos\u00e9 Alejandro Aybar, present\u00f3 las iniciativas que ha desplegado el centro educativo para tener un sistema totalmente virtual desde el pasado 16 de marzo, en colaboraci\u00f3n con universidades de Estados Unidos. Tambi\u00e9n anunci\u00f3 la creaci\u00f3n de una mesa de ayudas virtuales, h\u00e1biles para estudiantes y docentes. <\/span><\/p>\n<\/p>\n<p><span class=\"text1noticias\"> Aybar explic\u00f3 que gracias a la inversi\u00f3n e iniciativas tempranas realizadas en UNICARIBE, para preparaci\u00f3n de su plataforma y la capacitaci\u00f3n de los docentes, se ha podido continuar con el curso normal de la docencia, adem\u00e1s de prestar los desaf\u00edos que ha enfrentado esa casa de estudios, ante el embate del COVID-19. <\/span><\/p>\n<\/p>\n<p><span class=\"text1noticias\">En el encuentro realizado en la sede de UNICARIBE, tambi\u00e9n participaron la vicepresidenta del Consejo Superior de esa universidad, Shahily Pimentel, la doctora, Milagros Yost; miembro del Consejo Consultivo, el doctor Rafael N\u00fa\u00f1ez Morales;  Vicerrector Acad\u00e9mico y el general de brigada, Valerio Garc\u00eda,  Director del Centro de An\u00e1lisis y de Estudios Internacionales.<\/span><\/p>\n<p><span class=\"text1noticias\"> <\/span><\/p>\n<\/p>\n<p><span class=\"text1noticias\">Fente: Yamil Drullard<\/span><\/p>\n<h6> 2020-08-31 15:28:52 <\/h6>\n<p><!--\n<link rel=\"stylesheet\" href=\"css\/bootstrap.min.css\">\n\n\n<ul class=\"pagination\">\n\t    \n\t\n\n<li >\n\t<a href='?page_no=264'>Previous<\/a>\n\t<\/li>\n\n\n       \n    \n\n<li><a href='?page_no=1'>1<\/a><\/li>\n\n\n\n<li><a href='?page_no=2'>2<\/a><\/li>\n\n\n\n<li><a>...<\/a><\/li>\n\n\n\n<li><a href='?page_no=263'>263<\/a><\/li>\n\n\n\n<li><a href='?page_no=264'>264<\/a><\/li>\n\n\n\n<li class='active'><a>265<\/a><\/li>\n\n\n\n<li><a href='?page_no=266'>266<\/a><\/li>\n\n\n\n<li><a href='?page_no=267'>267<\/a><\/li>\n\n\n\n<li><a>...<\/a><\/li>\n\n\n\n<li><a href='?page_no=22911'>22911<\/a><\/li>\n\n\n\n<li><a href='?page_no=22912'>22912<\/a><\/li>\n\n    \n\t\n\n<li >\n\t<a href='?page_no=266'>Next<\/a>\n\t<\/li>\n\n\n    \n\n<li><a href='?page_no=22912'>Last &rsaquo;&rsaquo;<\/a><\/li>\n\n<\/ul>\n\n\n--><br \/>\n<\/body><\/p>\n","protected":false},"excerpt":{"rendered":"<p>diariodominicano.com Santo Domingo, R. D., 31 de agosto, 2020.- El ministro de Educaci\u00f3n Superior, Ciencia y Tecnolog\u00eda (MESYT),doctor Franklin Garc\u00eda Ferm\u00edn, exhort\u00f3 este lunes a todas las autoridades involucradas en el sector universitario, a trabajar en consenso para virtualizar sus actividades, durante un encuentro con el rector de la Universidad del Caribe (UNICARIBE), Jos\u00e9 Alejandro [&hellip;]<\/p>\n","protected":false},"author":3,"featured_media":0,"comment_status":"open","ping_status":"open","sticky":false,"template":"","format":"standard","meta":{"footnotes":""},"categories":[21],"tags":[],"class_list":["post-50073","post","type-post","status-publish","format-standard","hentry","category-cultura"],"_links":{"self":[{"href":"https:\/\/diariodominicano.com\/index.php?rest_route=\/wp\/v2\/posts\/50073","targetHints":{"allow":["GET"]}}],"collection":[{"href":"https:\/\/diariodominicano.com\/index.php?rest_route=\/wp\/v2\/posts"}],"about":[{"href":"https:\/\/diariodominicano.com\/index.php?rest_route=\/wp\/v2\/types\/post"}],"author":[{"embeddable":true,"href":"https:\/\/diariodominicano.com\/index.php?rest_route=\/wp\/v2\/users\/3"}],"replies":[{"embeddable":true,"href":"https:\/\/diariodominicano.com\/index.php?rest_route=%2Fwp%2Fv2%2Fcomments&post=50073"}],"version-history":[{"count":0,"href":"https:\/\/diariodominicano.com\/index.php?rest_route=\/wp\/v2\/posts\/50073\/revisions"}],"wp:attachment":[{"href":"https:\/\/diariodominicano.com\/index.php?rest_route=%2Fwp%2Fv2%2Fmedia&parent=50073"}],"wp:term":[{"taxonomy":"category","embeddable":true,"href":"https:\/\/diariodominicano.com\/index.php?rest_route=%2Fwp%2Fv2%2Fcategories&post=50073"},{"taxonomy":"post_tag","embeddable":true,"href":"https:\/\/diariodominicano.com\/index.php?rest_route=%2Fwp%2Fv2%2Ftags&post=50073"}],"curies":[{"name":"wp","href":"https:\/\/api.w.org\/{rel}","templated":true}]}}