{"id":500700,"date":"2024-01-15T09:25:11","date_gmt":"2024-01-15T13:25:11","guid":{"rendered":"https:\/\/diariodominicano.com\/?p=500700"},"modified":"2024-01-15T09:25:11","modified_gmt":"2024-01-15T13:25:11","slug":"eeuu-celebra-legado-de-martin-luther-king","status":"publish","type":"post","link":"https:\/\/diariodominicano.com\/?p=500700","title":{"rendered":"EEUU celebra legado de Martin Luther King"},"content":{"rendered":"\n<p>diariodominicano.com<\/p>\n\n\n\n<p>Washington, 15 ene (Prensa Latina) Estados Unidos vive hoy su feriado federal dedicado al natalicio del l\u00edder de los derechos civiles Martin Luther King Jr., que anualmente rinde tributo a su legado el tercer lunes de enero.<\/p>\n\n\n\n<p>Pero este 2024 la fiesta coincide con el cumplea\u00f1os real de King -el 15 de enero de 1929-, as\u00ed que arribar\u00eda a sus 95 a\u00f1os.<\/p>\n\n\n\n<p>Luther King Jr. fue un ministro y activista bautista estadounidense que se convirti\u00f3 en el vocero y l\u00edder m\u00e1s visible del movimiento de derechos civiles desde 1955 hasta su asesinato el 4 de abril de 1968.<\/p>\n\n\n\n<p>En su discurso m\u00e1s famoso \u201cTengo un sue\u00f1o\u201d, que trascendi\u00f3 fronteras y le vali\u00f3 un gran reconocimiento y respeto a nivel internacional, expres\u00f3 el deseo de que sus \u00abcuatro hijos vivan un d\u00eda en una naci\u00f3n donde no sean juzgados por el color de su piel\u00bb. Aunque el 28 de agosto de 1963 delante del monumento a Abraham Lincoln en Washington DC, durante una hist\u00f3rica manifestaci\u00f3n de m\u00e1s de 200 mil personas, afirm\u00f3 que no estar\u00edan satisfechos hasta que \u00abla justicia ruede como el agua y la rectitud como una poderosa corriente\u00bb.<\/p>\n\n\n\n<p>jf\/dfm<\/p>\n","protected":false},"excerpt":{"rendered":"<p>diariodominicano.com Washington, 15 ene (Prensa Latina) Estados Unidos vive hoy su feriado federal dedicado al natalicio del l\u00edder de los derechos civiles Martin Luther King Jr., que anualmente rinde tributo a su legado el tercer lunes de enero. Pero este 2024 la fiesta coincide con el cumplea\u00f1os real de King -el 15 de enero de [&hellip;]<\/p>\n","protected":false},"author":5,"featured_media":500701,"comment_status":"closed","ping_status":"","sticky":true,"template":"","format":"standard","meta":{"footnotes":""},"categories":[26,23,27],"tags":[],"class_list":["post-500700","post","type-post","status-publish","format-standard","has-post-thumbnail","hentry","category-efemerides","category-internacional","category-portada"],"_links":{"self":[{"href":"https:\/\/diariodominicano.com\/index.php?rest_route=\/wp\/v2\/posts\/500700","targetHints":{"allow":["GET"]}}],"collection":[{"href":"https:\/\/diariodominicano.com\/index.php?rest_route=\/wp\/v2\/posts"}],"about":[{"href":"https:\/\/diariodominicano.com\/index.php?rest_route=\/wp\/v2\/types\/post"}],"author":[{"embeddable":true,"href":"https:\/\/diariodominicano.com\/index.php?rest_route=\/wp\/v2\/users\/5"}],"replies":[{"embeddable":true,"href":"https:\/\/diariodominicano.com\/index.php?rest_route=%2Fwp%2Fv2%2Fcomments&post=500700"}],"version-history":[{"count":1,"href":"https:\/\/diariodominicano.com\/index.php?rest_route=\/wp\/v2\/posts\/500700\/revisions"}],"predecessor-version":[{"id":500702,"href":"https:\/\/diariodominicano.com\/index.php?rest_route=\/wp\/v2\/posts\/500700\/revisions\/500702"}],"wp:featuredmedia":[{"embeddable":true,"href":"https:\/\/diariodominicano.com\/index.php?rest_route=\/wp\/v2\/media\/500701"}],"wp:attachment":[{"href":"https:\/\/diariodominicano.com\/index.php?rest_route=%2Fwp%2Fv2%2Fmedia&parent=500700"}],"wp:term":[{"taxonomy":"category","embeddable":true,"href":"https:\/\/diariodominicano.com\/index.php?rest_route=%2Fwp%2Fv2%2Fcategories&post=500700"},{"taxonomy":"post_tag","embeddable":true,"href":"https:\/\/diariodominicano.com\/index.php?rest_route=%2Fwp%2Fv2%2Ftags&post=500700"}],"curies":[{"name":"wp","href":"https:\/\/api.w.org\/{rel}","templated":true}]}}