{"id":500656,"date":"2024-01-15T09:49:20","date_gmt":"2024-01-15T13:49:20","guid":{"rendered":"https:\/\/diariodominicano.com\/?p=500656"},"modified":"2024-01-15T09:49:20","modified_gmt":"2024-01-15T13:49:20","slug":"la-coordinacion-de-la-juventud-fp-sale-en-busca-de-votos-para-leonel-fernandez","status":"publish","type":"post","link":"https:\/\/diariodominicano.com\/?p=500656","title":{"rendered":"La coordinaci\u00f3n de la juventud FP sale en busca de votos para Leonel Fern\u00e1ndez"},"content":{"rendered":"\n<p>Vamos a recorrer toda la geograf\u00eda nacional en busca del voto joven para Leonel Fern\u00e1ndez.<\/p>\n\n\n\n<p>Santo Domingo, RD.- El Coordinador de Campa\u00f1a de la Juventud del partido Fuerza del Pueblo (FP), Luis Graveley asegur\u00f3 este lunes, que visitar\u00e1n todos los rincones de la Rep\u00fablica Dominicana, en busca de los votos de j\u00f3venes seguidores del presidente de esa organizaci\u00f3n pol\u00edtica y l\u00edder de la oposici\u00f3n dominicana el Dr. Leonel Fern\u00e1ndez.<\/p>\n\n\n\n<p>Graveley, sostuvo que en todas las provincias existen obras realizadas por el tres veces presidente y que en su mayor\u00eda fueron pensadas para los j\u00f3venes, siendo estas la mejor muestra del compromiso de Leonel con la juventud.<\/p>\n\n\n\n<p>\u201cVamos a recorrer toda la geograf\u00eda nacional en busca del voto joven para Leonel Fern\u00e1ndez. El fin de semana estuvimos visitando las provincias de la regi\u00f3n norte y el nordeste del pa\u00eds\u201d, detall\u00f3 el joven lider <\/p>\n\n\n\n<figure class=\"wp-block-gallery has-nested-images columns-default is-cropped wp-block-gallery-1 is-layout-flex wp-block-gallery-is-layout-flex\">\n<figure class=\"wp-block-image size-large\"><img loading=\"lazy\" decoding=\"async\" width=\"1024\" height=\"1018\" data-id=\"500721\" src=\"https:\/\/diariodominicano.com\/wp-content\/uploads\/2024\/01\/La-coordinacion-la-juventud-FP-sale-busca-de-votos-para-Leonel-Fernandez-1024x1018.jpeg\" alt=\"\" class=\"wp-image-500721\" srcset=\"https:\/\/diariodominicano.com\/wp-content\/uploads\/2024\/01\/La-coordinacion-la-juventud-FP-sale-busca-de-votos-para-Leonel-Fernandez-1024x1018.jpeg 1024w, https:\/\/diariodominicano.com\/wp-content\/uploads\/2024\/01\/La-coordinacion-la-juventud-FP-sale-busca-de-votos-para-Leonel-Fernandez-300x298.jpeg 300w, https:\/\/diariodominicano.com\/wp-content\/uploads\/2024\/01\/La-coordinacion-la-juventud-FP-sale-busca-de-votos-para-Leonel-Fernandez-150x150.jpeg 150w, https:\/\/diariodominicano.com\/wp-content\/uploads\/2024\/01\/La-coordinacion-la-juventud-FP-sale-busca-de-votos-para-Leonel-Fernandez-768x763.jpeg 768w, https:\/\/diariodominicano.com\/wp-content\/uploads\/2024\/01\/La-coordinacion-la-juventud-FP-sale-busca-de-votos-para-Leonel-Fernandez-88x88.jpeg 88w, https:\/\/diariodominicano.com\/wp-content\/uploads\/2024\/01\/La-coordinacion-la-juventud-FP-sale-busca-de-votos-para-Leonel-Fernandez-816x811.jpeg 816w, https:\/\/diariodominicano.com\/wp-content\/uploads\/2024\/01\/La-coordinacion-la-juventud-FP-sale-busca-de-votos-para-Leonel-Fernandez.jpeg 1334w\" sizes=\"auto, (max-width: 1024px) 100vw, 1024px\" \/><\/figure>\n\n\n\n<figure class=\"wp-block-image size-large\"><img loading=\"lazy\" decoding=\"async\" width=\"1024\" height=\"691\" data-id=\"500720\" src=\"https:\/\/diariodominicano.com\/wp-content\/uploads\/2024\/01\/La-coordinacion-la-juventud-FP-sale-en-busca-de-votos-para-Leonel-Fernandez-1024x691.jpeg\" alt=\"\" class=\"wp-image-500720\" srcset=\"https:\/\/diariodominicano.com\/wp-content\/uploads\/2024\/01\/La-coordinacion-la-juventud-FP-sale-en-busca-de-votos-para-Leonel-Fernandez-1024x691.jpeg 1024w, https:\/\/diariodominicano.com\/wp-content\/uploads\/2024\/01\/La-coordinacion-la-juventud-FP-sale-en-busca-de-votos-para-Leonel-Fernandez-300x202.jpeg 300w, https:\/\/diariodominicano.com\/wp-content\/uploads\/2024\/01\/La-coordinacion-la-juventud-FP-sale-en-busca-de-votos-para-Leonel-Fernandez-768x518.jpeg 768w, https:\/\/diariodominicano.com\/wp-content\/uploads\/2024\/01\/La-coordinacion-la-juventud-FP-sale-en-busca-de-votos-para-Leonel-Fernandez-816x550.jpeg 816w, https:\/\/diariodominicano.com\/wp-content\/uploads\/2024\/01\/La-coordinacion-la-juventud-FP-sale-en-busca-de-votos-para-Leonel-Fernandez.jpeg 1066w\" sizes=\"auto, (max-width: 1024px) 100vw, 1024px\" \/><\/figure>\n\n\n\n<figure class=\"wp-block-image size-large\"><img loading=\"lazy\" decoding=\"async\" width=\"1024\" height=\"1024\" data-id=\"500719\" src=\"https:\/\/diariodominicano.com\/wp-content\/uploads\/2024\/01\/La-coordinacion-de-la-juventud-FP-sale-en-busca-de-votos-Leonel-Fernandez-1024x1024.jpeg\" alt=\"\" class=\"wp-image-500719\" srcset=\"https:\/\/diariodominicano.com\/wp-content\/uploads\/2024\/01\/La-coordinacion-de-la-juventud-FP-sale-en-busca-de-votos-Leonel-Fernandez-1024x1024.jpeg 1024w, https:\/\/diariodominicano.com\/wp-content\/uploads\/2024\/01\/La-coordinacion-de-la-juventud-FP-sale-en-busca-de-votos-Leonel-Fernandez-300x300.jpeg 300w, https:\/\/diariodominicano.com\/wp-content\/uploads\/2024\/01\/La-coordinacion-de-la-juventud-FP-sale-en-busca-de-votos-Leonel-Fernandez-150x150.jpeg 150w, https:\/\/diariodominicano.com\/wp-content\/uploads\/2024\/01\/La-coordinacion-de-la-juventud-FP-sale-en-busca-de-votos-Leonel-Fernandez-768x768.jpeg 768w, https:\/\/diariodominicano.com\/wp-content\/uploads\/2024\/01\/La-coordinacion-de-la-juventud-FP-sale-en-busca-de-votos-Leonel-Fernandez-88x88.jpeg 88w, https:\/\/diariodominicano.com\/wp-content\/uploads\/2024\/01\/La-coordinacion-de-la-juventud-FP-sale-en-busca-de-votos-Leonel-Fernandez-816x816.jpeg 816w, https:\/\/diariodominicano.com\/wp-content\/uploads\/2024\/01\/La-coordinacion-de-la-juventud-FP-sale-en-busca-de-votos-Leonel-Fernandez.jpeg 1066w\" sizes=\"auto, (max-width: 1024px) 100vw, 1024px\" \/><\/figure>\n\n\n\n<figure class=\"wp-block-image size-large\"><img loading=\"lazy\" decoding=\"async\" width=\"1024\" height=\"813\" data-id=\"500718\" src=\"https:\/\/diariodominicano.com\/wp-content\/uploads\/2024\/01\/La-coordinacion-de-la-juventud-FP-sale-en-busca-de-votos-para-Leonel-Fernandez-1024x813.jpeg\" alt=\"\" class=\"wp-image-500718\" srcset=\"https:\/\/diariodominicano.com\/wp-content\/uploads\/2024\/01\/La-coordinacion-de-la-juventud-FP-sale-en-busca-de-votos-para-Leonel-Fernandez-1024x813.jpeg 1024w, https:\/\/diariodominicano.com\/wp-content\/uploads\/2024\/01\/La-coordinacion-de-la-juventud-FP-sale-en-busca-de-votos-para-Leonel-Fernandez-300x238.jpeg 300w, https:\/\/diariodominicano.com\/wp-content\/uploads\/2024\/01\/La-coordinacion-de-la-juventud-FP-sale-en-busca-de-votos-para-Leonel-Fernandez-768x609.jpeg 768w, https:\/\/diariodominicano.com\/wp-content\/uploads\/2024\/01\/La-coordinacion-de-la-juventud-FP-sale-en-busca-de-votos-para-Leonel-Fernandez-816x648.jpeg 816w, https:\/\/diariodominicano.com\/wp-content\/uploads\/2024\/01\/La-coordinacion-de-la-juventud-FP-sale-en-busca-de-votos-para-Leonel-Fernandez.jpeg 1080w\" sizes=\"auto, (max-width: 1024px) 100vw, 1024px\" \/><\/figure>\n\n\n\n<figure class=\"wp-block-image size-large\"><img loading=\"lazy\" decoding=\"async\" width=\"1024\" height=\"683\" data-id=\"500717\" src=\"https:\/\/diariodominicano.com\/wp-content\/uploads\/2024\/01\/La-coordinacion-de-la-juventud-FP-1024x683.jpeg\" alt=\"\" class=\"wp-image-500717\" srcset=\"https:\/\/diariodominicano.com\/wp-content\/uploads\/2024\/01\/La-coordinacion-de-la-juventud-FP-1024x683.jpeg 1024w, https:\/\/diariodominicano.com\/wp-content\/uploads\/2024\/01\/La-coordinacion-de-la-juventud-FP-300x200.jpeg 300w, https:\/\/diariodominicano.com\/wp-content\/uploads\/2024\/01\/La-coordinacion-de-la-juventud-FP-768x512.jpeg 768w, https:\/\/diariodominicano.com\/wp-content\/uploads\/2024\/01\/La-coordinacion-de-la-juventud-FP-816x544.jpeg 816w, https:\/\/diariodominicano.com\/wp-content\/uploads\/2024\/01\/La-coordinacion-de-la-juventud-FP.jpeg 1080w\" sizes=\"auto, (max-width: 1024px) 100vw, 1024px\" \/><\/figure>\n<\/figure>\n\n\n\n<p>El tambi\u00e9n miembro de la Direcci\u00f3n Central de la Fuerza del Pueblo, revel\u00f3 que a finales del mes de enero realizar\u00e1n una gran actividad en conmemoraci\u00f3n al D\u00eda Nacional de la Juventud, en la que participar\u00e1n todos los j\u00f3venes de la estructura y el sector externo de este partido.<\/p>\n\n\n\n<p>\u201cYa hemos sostenido un gran encuentro con la juventud del gran Santo Domingo y el Distrito Nacional; esto lo estaremos haciendo en todas las provincias del pa\u00eds, teniendo acercamiento con los j\u00f3venes y con los candidatos que representan la juventud en las diferentes demarcaciones, con miras a un gran evento que sostendremos a final de mes\u201d, expres\u00f3 Graveley.<\/p>\n","protected":false},"excerpt":{"rendered":"<p>Vamos a recorrer toda la geograf\u00eda nacional en busca del voto joven para Leonel Fern\u00e1ndez. Santo Domingo, RD.- El Coordinador de Campa\u00f1a de la Juventud del partido Fuerza del Pueblo (FP), Luis Graveley asegur\u00f3 este lunes, que visitar\u00e1n todos los rincones de la Rep\u00fablica Dominicana, en busca de los votos de j\u00f3venes seguidores del presidente [&hellip;]<\/p>\n","protected":false},"author":7,"featured_media":500717,"comment_status":"closed","ping_status":"","sticky":true,"template":"","format":"standard","meta":{"footnotes":""},"categories":[22,27],"tags":[],"class_list":["post-500656","post","type-post","status-publish","format-standard","has-post-thumbnail","hentry","category-politica","category-portada"],"_links":{"self":[{"href":"https:\/\/diariodominicano.com\/index.php?rest_route=\/wp\/v2\/posts\/500656","targetHints":{"allow":["GET"]}}],"collection":[{"href":"https:\/\/diariodominicano.com\/index.php?rest_route=\/wp\/v2\/posts"}],"about":[{"href":"https:\/\/diariodominicano.com\/index.php?rest_route=\/wp\/v2\/types\/post"}],"author":[{"embeddable":true,"href":"https:\/\/diariodominicano.com\/index.php?rest_route=\/wp\/v2\/users\/7"}],"replies":[{"embeddable":true,"href":"https:\/\/diariodominicano.com\/index.php?rest_route=%2Fwp%2Fv2%2Fcomments&post=500656"}],"version-history":[{"count":1,"href":"https:\/\/diariodominicano.com\/index.php?rest_route=\/wp\/v2\/posts\/500656\/revisions"}],"predecessor-version":[{"id":500722,"href":"https:\/\/diariodominicano.com\/index.php?rest_route=\/wp\/v2\/posts\/500656\/revisions\/500722"}],"wp:featuredmedia":[{"embeddable":true,"href":"https:\/\/diariodominicano.com\/index.php?rest_route=\/wp\/v2\/media\/500717"}],"wp:attachment":[{"href":"https:\/\/diariodominicano.com\/index.php?rest_route=%2Fwp%2Fv2%2Fmedia&parent=500656"}],"wp:term":[{"taxonomy":"category","embeddable":true,"href":"https:\/\/diariodominicano.com\/index.php?rest_route=%2Fwp%2Fv2%2Fcategories&post=500656"},{"taxonomy":"post_tag","embeddable":true,"href":"https:\/\/diariodominicano.com\/index.php?rest_route=%2Fwp%2Fv2%2Ftags&post=500656"}],"curies":[{"name":"wp","href":"https:\/\/api.w.org\/{rel}","templated":true}]}}