{"id":500654,"date":"2024-01-15T02:59:10","date_gmt":"2024-01-15T06:59:10","guid":{"rendered":"https:\/\/diariodominicano.com\/?p=500654"},"modified":"2024-01-15T02:59:10","modified_gmt":"2024-01-15T06:59:10","slug":"adompretur-celebra-la-llegada-del-2024-junto-a-su-membresia","status":"publish","type":"post","link":"https:\/\/diariodominicano.com\/?p=500654","title":{"rendered":"\u00a0\u00a0Adompretur celebra la llegada del 2024 junto a su membres\u00eda"},"content":{"rendered":"\n<p><em>Como es tradici\u00f3n, Adompretur se reencontr\u00f3 con los periodistas de turismo agrupados en la instituci\u00f3n, quienes compartieron en un ambiente de alegr\u00eda y cordialidad. La presidente Yenny Polanco Lovera augur\u00f3 muchos \u00e9xitos para este a\u00f1o.<\/em><\/p>\n\n\n\n<p><strong>Santo Domingo<\/strong>.-&nbsp; La Asociaci\u00f3n Dominicana de Prensa Tur\u00edstica (Adompretur) celebr\u00f3 su tradicional agasajo del a\u00f1o 2024, agradeci\u00e9ndole a su membres\u00eda el apoyo brindado durante el pasado 2023 que fue de grandes logros para el turismo.<\/p>\n\n\n\n<p>Este encuentro de socializaci\u00f3n para dar la bienvenida al 2024 transcurri\u00f3 en un ambiente de cordialidad, fraternidad y cercan\u00eda, es decir, que se convirti\u00f3 en un momento que sirvi\u00f3 para estrechar los lazos de amistad entre periodistas y vinculados al sector tur\u00edstico <\/p>\n\n\n\n<figure class=\"wp-block-gallery has-nested-images columns-default is-cropped wp-block-gallery-1 is-layout-flex wp-block-gallery-is-layout-flex\">\n<figure class=\"wp-block-image size-large\"><img loading=\"lazy\" decoding=\"async\" width=\"577\" height=\"1024\" data-id=\"500679\" src=\"https:\/\/diariodominicano.com\/wp-content\/uploads\/2024\/01\/Liliana-Cepeda-Yenny-Polanco-Lovera-y-Amada-Herrera-577x1024.jpg\" alt=\"\" class=\"wp-image-500679\" srcset=\"https:\/\/diariodominicano.com\/wp-content\/uploads\/2024\/01\/Liliana-Cepeda-Yenny-Polanco-Lovera-y-Amada-Herrera-577x1024.jpg 577w, https:\/\/diariodominicano.com\/wp-content\/uploads\/2024\/01\/Liliana-Cepeda-Yenny-Polanco-Lovera-y-Amada-Herrera-169x300.jpg 169w, https:\/\/diariodominicano.com\/wp-content\/uploads\/2024\/01\/Liliana-Cepeda-Yenny-Polanco-Lovera-y-Amada-Herrera-768x1364.jpg 768w, https:\/\/diariodominicano.com\/wp-content\/uploads\/2024\/01\/Liliana-Cepeda-Yenny-Polanco-Lovera-y-Amada-Herrera-865x1536.jpg 865w, https:\/\/diariodominicano.com\/wp-content\/uploads\/2024\/01\/Liliana-Cepeda-Yenny-Polanco-Lovera-y-Amada-Herrera-816x1449.jpg 816w, https:\/\/diariodominicano.com\/wp-content\/uploads\/2024\/01\/Liliana-Cepeda-Yenny-Polanco-Lovera-y-Amada-Herrera.jpg 1080w\" sizes=\"auto, (max-width: 577px) 100vw, 577px\" \/><\/figure>\n\n\n\n<figure class=\"wp-block-image size-large\"><img loading=\"lazy\" decoding=\"async\" width=\"1024\" height=\"960\" data-id=\"500678\" src=\"https:\/\/diariodominicano.com\/wp-content\/uploads\/2024\/01\/Marivell-Contreras-y-Jose-Rafael-Sosa-1024x960.jpg\" alt=\"\" class=\"wp-image-500678\" srcset=\"https:\/\/diariodominicano.com\/wp-content\/uploads\/2024\/01\/Marivell-Contreras-y-Jose-Rafael-Sosa-1024x960.jpg 1024w, https:\/\/diariodominicano.com\/wp-content\/uploads\/2024\/01\/Marivell-Contreras-y-Jose-Rafael-Sosa-300x281.jpg 300w, https:\/\/diariodominicano.com\/wp-content\/uploads\/2024\/01\/Marivell-Contreras-y-Jose-Rafael-Sosa-768x720.jpg 768w, https:\/\/diariodominicano.com\/wp-content\/uploads\/2024\/01\/Marivell-Contreras-y-Jose-Rafael-Sosa-816x765.jpg 816w, https:\/\/diariodominicano.com\/wp-content\/uploads\/2024\/01\/Marivell-Contreras-y-Jose-Rafael-Sosa.jpg 1080w\" sizes=\"auto, (max-width: 1024px) 100vw, 1024px\" \/><\/figure>\n\n\n\n<figure class=\"wp-block-image size-large\"><img loading=\"lazy\" decoding=\"async\" width=\"849\" height=\"632\" data-id=\"500677\" src=\"https:\/\/diariodominicano.com\/wp-content\/uploads\/2024\/01\/Mayra-De-Pena-Cristina-Rosario-Salvador-Batista-Miguel-Tomas-Perez-y-Carmen-Breton.jpg\" alt=\"\" class=\"wp-image-500677\" srcset=\"https:\/\/diariodominicano.com\/wp-content\/uploads\/2024\/01\/Mayra-De-Pena-Cristina-Rosario-Salvador-Batista-Miguel-Tomas-Perez-y-Carmen-Breton.jpg 849w, https:\/\/diariodominicano.com\/wp-content\/uploads\/2024\/01\/Mayra-De-Pena-Cristina-Rosario-Salvador-Batista-Miguel-Tomas-Perez-y-Carmen-Breton-300x223.jpg 300w, https:\/\/diariodominicano.com\/wp-content\/uploads\/2024\/01\/Mayra-De-Pena-Cristina-Rosario-Salvador-Batista-Miguel-Tomas-Perez-y-Carmen-Breton-768x572.jpg 768w, https:\/\/diariodominicano.com\/wp-content\/uploads\/2024\/01\/Mayra-De-Pena-Cristina-Rosario-Salvador-Batista-Miguel-Tomas-Perez-y-Carmen-Breton-816x607.jpg 816w\" sizes=\"auto, (max-width: 849px) 100vw, 849px\" \/><\/figure>\n\n\n\n<figure class=\"wp-block-image size-large\"><img loading=\"lazy\" decoding=\"async\" width=\"967\" height=\"677\" data-id=\"500676\" src=\"https:\/\/diariodominicano.com\/wp-content\/uploads\/2024\/01\/Mayra-De-Pena-Cristina-Rosario-Yenny-Polanco-Lovera-Marivell-Maria-Mercedes-y-Carmen-Breton.jpg\" alt=\"\" class=\"wp-image-500676\" srcset=\"https:\/\/diariodominicano.com\/wp-content\/uploads\/2024\/01\/Mayra-De-Pena-Cristina-Rosario-Yenny-Polanco-Lovera-Marivell-Maria-Mercedes-y-Carmen-Breton.jpg 967w, https:\/\/diariodominicano.com\/wp-content\/uploads\/2024\/01\/Mayra-De-Pena-Cristina-Rosario-Yenny-Polanco-Lovera-Marivell-Maria-Mercedes-y-Carmen-Breton-300x210.jpg 300w, https:\/\/diariodominicano.com\/wp-content\/uploads\/2024\/01\/Mayra-De-Pena-Cristina-Rosario-Yenny-Polanco-Lovera-Marivell-Maria-Mercedes-y-Carmen-Breton-768x538.jpg 768w, https:\/\/diariodominicano.com\/wp-content\/uploads\/2024\/01\/Mayra-De-Pena-Cristina-Rosario-Yenny-Polanco-Lovera-Marivell-Maria-Mercedes-y-Carmen-Breton-816x571.jpg 816w\" sizes=\"auto, (max-width: 967px) 100vw, 967px\" \/><\/figure>\n\n\n\n<figure class=\"wp-block-image size-large\"><img loading=\"lazy\" decoding=\"async\" width=\"1024\" height=\"576\" data-id=\"500675\" src=\"https:\/\/diariodominicano.com\/wp-content\/uploads\/2024\/01\/Olivo-de-Leon-Barnadis-Gonzalez-Elsa-Pena-Nadal-Luis-Jose-Chavez-Yenny-Polanco-Lovera-Mayra-De-Pena-y-Aurelio-Henriquez-1024x576.jpg\" alt=\"\" class=\"wp-image-500675\" srcset=\"https:\/\/diariodominicano.com\/wp-content\/uploads\/2024\/01\/Olivo-de-Leon-Barnadis-Gonzalez-Elsa-Pena-Nadal-Luis-Jose-Chavez-Yenny-Polanco-Lovera-Mayra-De-Pena-y-Aurelio-Henriquez-1024x576.jpg 1024w, https:\/\/diariodominicano.com\/wp-content\/uploads\/2024\/01\/Olivo-de-Leon-Barnadis-Gonzalez-Elsa-Pena-Nadal-Luis-Jose-Chavez-Yenny-Polanco-Lovera-Mayra-De-Pena-y-Aurelio-Henriquez-300x169.jpg 300w, https:\/\/diariodominicano.com\/wp-content\/uploads\/2024\/01\/Olivo-de-Leon-Barnadis-Gonzalez-Elsa-Pena-Nadal-Luis-Jose-Chavez-Yenny-Polanco-Lovera-Mayra-De-Pena-y-Aurelio-Henriquez-768x432.jpg 768w, https:\/\/diariodominicano.com\/wp-content\/uploads\/2024\/01\/Olivo-de-Leon-Barnadis-Gonzalez-Elsa-Pena-Nadal-Luis-Jose-Chavez-Yenny-Polanco-Lovera-Mayra-De-Pena-y-Aurelio-Henriquez-816x459.jpg 816w, https:\/\/diariodominicano.com\/wp-content\/uploads\/2024\/01\/Olivo-de-Leon-Barnadis-Gonzalez-Elsa-Pena-Nadal-Luis-Jose-Chavez-Yenny-Polanco-Lovera-Mayra-De-Pena-y-Aurelio-Henriquez.jpg 1280w\" sizes=\"auto, (max-width: 1024px) 100vw, 1024px\" \/><\/figure>\n\n\n\n<figure class=\"wp-block-image size-large\"><img loading=\"lazy\" decoding=\"async\" width=\"1024\" height=\"576\" data-id=\"500682\" src=\"https:\/\/diariodominicano.com\/wp-content\/uploads\/2024\/01\/Junta-directiva-de-Adompetur-en-el-agasajo-2024-1024x576.jpg\" alt=\"\" class=\"wp-image-500682\" srcset=\"https:\/\/diariodominicano.com\/wp-content\/uploads\/2024\/01\/Junta-directiva-de-Adompetur-en-el-agasajo-2024-1024x576.jpg 1024w, https:\/\/diariodominicano.com\/wp-content\/uploads\/2024\/01\/Junta-directiva-de-Adompetur-en-el-agasajo-2024-300x169.jpg 300w, https:\/\/diariodominicano.com\/wp-content\/uploads\/2024\/01\/Junta-directiva-de-Adompetur-en-el-agasajo-2024-768x432.jpg 768w, https:\/\/diariodominicano.com\/wp-content\/uploads\/2024\/01\/Junta-directiva-de-Adompetur-en-el-agasajo-2024-816x459.jpg 816w, https:\/\/diariodominicano.com\/wp-content\/uploads\/2024\/01\/Junta-directiva-de-Adompetur-en-el-agasajo-2024.jpg 1080w\" sizes=\"auto, (max-width: 1024px) 100vw, 1024px\" \/><\/figure>\n\n\n\n<figure class=\"wp-block-image size-large\"><img loading=\"lazy\" decoding=\"async\" width=\"1015\" height=\"603\" data-id=\"500681\" src=\"https:\/\/diariodominicano.com\/wp-content\/uploads\/2024\/01\/Dania-Goris-Osvaldo-Soriano-Yenny-Polanco-Lovera-Luis-Jose-Chavez-y-Elsa-Pena-Nadal.jpg\" alt=\"\" class=\"wp-image-500681\" srcset=\"https:\/\/diariodominicano.com\/wp-content\/uploads\/2024\/01\/Dania-Goris-Osvaldo-Soriano-Yenny-Polanco-Lovera-Luis-Jose-Chavez-y-Elsa-Pena-Nadal.jpg 1015w, https:\/\/diariodominicano.com\/wp-content\/uploads\/2024\/01\/Dania-Goris-Osvaldo-Soriano-Yenny-Polanco-Lovera-Luis-Jose-Chavez-y-Elsa-Pena-Nadal-300x178.jpg 300w, https:\/\/diariodominicano.com\/wp-content\/uploads\/2024\/01\/Dania-Goris-Osvaldo-Soriano-Yenny-Polanco-Lovera-Luis-Jose-Chavez-y-Elsa-Pena-Nadal-768x456.jpg 768w, https:\/\/diariodominicano.com\/wp-content\/uploads\/2024\/01\/Dania-Goris-Osvaldo-Soriano-Yenny-Polanco-Lovera-Luis-Jose-Chavez-y-Elsa-Pena-Nadal-816x485.jpg 816w\" sizes=\"auto, (max-width: 1015px) 100vw, 1015px\" \/><\/figure>\n\n\n\n<figure class=\"wp-block-image size-large\"><img loading=\"lazy\" decoding=\"async\" width=\"576\" height=\"1024\" data-id=\"500680\" src=\"https:\/\/diariodominicano.com\/wp-content\/uploads\/2024\/01\/Emilio-Beltre-Cristal-Acevedo-y-Salvador-Batista-576x1024.jpg\" alt=\"\" class=\"wp-image-500680\" srcset=\"https:\/\/diariodominicano.com\/wp-content\/uploads\/2024\/01\/Emilio-Beltre-Cristal-Acevedo-y-Salvador-Batista-576x1024.jpg 576w, https:\/\/diariodominicano.com\/wp-content\/uploads\/2024\/01\/Emilio-Beltre-Cristal-Acevedo-y-Salvador-Batista-169x300.jpg 169w, https:\/\/diariodominicano.com\/wp-content\/uploads\/2024\/01\/Emilio-Beltre-Cristal-Acevedo-y-Salvador-Batista.jpg 720w\" sizes=\"auto, (max-width: 576px) 100vw, 576px\" \/><\/figure>\n<\/figure>\n\n\n\n<p>Yenny Polanco Lovera, presidenta de Adompretur, encabez\u00f3 el festejo que se efectu\u00f3 en el Club Para\u00edso, donde los comunicadores y sus invitados compartieron en un ambiente de diversi\u00f3n, adem\u00e1s de participar en las rifas de interesantes premios ofrecidos por los patrocinadores.<\/p>\n\n\n\n<p>En su discurso expres\u00f3 que este encuentro de inicio de a\u00f1o se ha convertido en la m\u00e1s importante en la actividad de intercambio y socializaci\u00f3n de los periodistas organizados en esa instituci\u00f3n. Adem\u00e1s, aprovech\u00f3 el escenario para anunciar la firma de colaboraci\u00f3n con el Club Para\u00edso, mediante el cual ofrecer\u00e1 facilidades a su membres\u00eda.<\/p>\n\n\n\n<p>Asimismo, destac\u00f3 la recuperaci\u00f3n del sector tur\u00edstico que ha tenido el pa\u00eds tras la pandemia, logrando alcanzar en 2023 la llegada de 10 millones de visitantes. \u201cAdompretur junto a otras instituciones hemos asumido la tarea de mostrar al mundo todo lo que nuestro pa\u00eds les ofrece a quienes vivimos aqu\u00ed y a quienes nos visitan. Sigamos apoyando nuestro turismo con nuestro trabajo period\u00edstico \u00e9tico y responsable\u201d, afirm\u00f3 Lovera.<\/p>\n\n\n\n<p>La presidente de Adompretur agreg\u00f3 que \u201cel encuentro de enero es la uni\u00f3n de nuestras esperanzas, la renovaci\u00f3n de nuestras aspiraciones para colaborar de la mejor manera con el fortalecimiento de nuestro turismo\u201d.<\/p>\n\n\n\n<p>La fiesta -que tuvo el color blanco en su tem\u00e1tica o c\u00f3digo de vestimenta-, fue el gran encuentro de una familia de profesionales que se han trazado con seriedad los objetivos que persigue la principal industria econ\u00f3mica y social de Rep\u00fablica Dominicana.<\/p>\n\n\n\n<p>Dicha celebraci\u00f3n fue amenizada por la orquesta San Judas Tadeo de la Polic\u00eda Nacional, que puso a cantar y a bailar a todos los presentes a ritmo de nuestro merengue.&nbsp;<\/p>\n\n\n\n<p>Junto a la presidente Yenny Polanco Lovera, estuvieron presentes los directivos Salvador Batista, vicepresidente; Cristian Mota, secretario general; Mayra De Pe\u00f1a, directora de Finanzas; Carmen Bret\u00f3n, directora de Comunicaci\u00f3n y Relaciones P\u00fablicas; Jos\u00e9 Alberto Selmo, director de Relaciones Institucionales; Juan de Dios Valent\u00edn, director de Asuntos Regionales; Amelia Reyes, directora de Capacitaci\u00f3n; Jos\u00e9 Ram\u00f3n Torres, director de Cultura y Turismo; y Cristina Rosario, directora de Eventos.<\/p>\n\n\n\n<p><strong>Patrocinadores<\/strong><\/p>\n\n\n\n<p>Los patrocinadores del agasajo fueron Adompretur, Club Para\u00edso, la Orquesta San Judas Tadeo de la Polic\u00eda Nacional, Hotel Catalonia Santo Domingo, Asonahores, Lopesan Costa B\u00e1varo, Hoteles Inclusive Collection, Comedores Econ\u00f3micos, Organizaci\u00f3n Mundial de Periodismo Tur\u00edstico (OMTP), restaurante La Chiver\u00eda en Yaguate, San Crist\u00f3bal, Industrias San Miguel, Cervecer\u00eda Nacional Dominicana, Cristina N\u00fa\u00f1ez, Artesana Dominicana, Tripulantes VIP, Lifestyle Holidays Hotels and Resorts, Grupo Sarma, Helados Bon, Star Products, Baldom y Levapan.<\/p>\n\n\n\n<p>sonrie210@yahoo.es <\/p>\n","protected":false},"excerpt":{"rendered":"<p>Como es tradici\u00f3n, Adompretur se reencontr\u00f3 con los periodistas de turismo agrupados en la instituci\u00f3n, quienes compartieron en un ambiente de alegr\u00eda y cordialidad. La presidente Yenny Polanco Lovera augur\u00f3 muchos \u00e9xitos para este a\u00f1o. Santo Domingo.-&nbsp; La Asociaci\u00f3n Dominicana de Prensa Tur\u00edstica (Adompretur) celebr\u00f3 su tradicional agasajo del a\u00f1o 2024, agradeci\u00e9ndole a su membres\u00eda [&hellip;]<\/p>\n","protected":false},"author":7,"featured_media":0,"comment_status":"closed","ping_status":"","sticky":true,"template":"","format":"standard","meta":{"footnotes":""},"categories":[25,27],"tags":[],"class_list":["post-500654","post","type-post","status-publish","format-standard","hentry","category-gente","category-portada"],"_links":{"self":[{"href":"https:\/\/diariodominicano.com\/index.php?rest_route=\/wp\/v2\/posts\/500654","targetHints":{"allow":["GET"]}}],"collection":[{"href":"https:\/\/diariodominicano.com\/index.php?rest_route=\/wp\/v2\/posts"}],"about":[{"href":"https:\/\/diariodominicano.com\/index.php?rest_route=\/wp\/v2\/types\/post"}],"author":[{"embeddable":true,"href":"https:\/\/diariodominicano.com\/index.php?rest_route=\/wp\/v2\/users\/7"}],"replies":[{"embeddable":true,"href":"https:\/\/diariodominicano.com\/index.php?rest_route=%2Fwp%2Fv2%2Fcomments&post=500654"}],"version-history":[{"count":1,"href":"https:\/\/diariodominicano.com\/index.php?rest_route=\/wp\/v2\/posts\/500654\/revisions"}],"predecessor-version":[{"id":500698,"href":"https:\/\/diariodominicano.com\/index.php?rest_route=\/wp\/v2\/posts\/500654\/revisions\/500698"}],"wp:attachment":[{"href":"https:\/\/diariodominicano.com\/index.php?rest_route=%2Fwp%2Fv2%2Fmedia&parent=500654"}],"wp:term":[{"taxonomy":"category","embeddable":true,"href":"https:\/\/diariodominicano.com\/index.php?rest_route=%2Fwp%2Fv2%2Fcategories&post=500654"},{"taxonomy":"post_tag","embeddable":true,"href":"https:\/\/diariodominicano.com\/index.php?rest_route=%2Fwp%2Fv2%2Ftags&post=500654"}],"curies":[{"name":"wp","href":"https:\/\/api.w.org\/{rel}","templated":true}]}}