{"id":500630,"date":"2024-01-14T23:57:46","date_gmt":"2024-01-15T03:57:46","guid":{"rendered":"https:\/\/diariodominicano.com\/?p=500630"},"modified":"2024-01-15T00:02:46","modified_gmt":"2024-01-15T04:02:46","slug":"leonel-asegura-que-abinader-y-su-gobierno-todo-lo-manipula","status":"publish","type":"post","link":"https:\/\/diariodominicano.com\/?p=500630","title":{"rendered":"Leonel asegura que Abinader y su gobierno \u201ctodo lo manipula\u201d"},"content":{"rendered":"\n<p>Dice: fue \u00e9l que le dio gabela a Abinader y, ahora empezar\u00e1 a sentir lo que es la Coalici\u00f3n Opositora<\/p>\n\n\n\n<p>Santo Domingo, RD.- El l\u00edder de la oposici\u00f3n pol\u00edtica dominicana, Leonel Fern\u00e1ndez, critic\u00f3 los intentos de manipulaci\u00f3n del gobierno y su candidato presidencial, Luis Abinader, de cara a los procesos electorales de febrero y mayo del presente a\u00f1o 2024.<\/p>\n\n\n\n<p><\/p>\n\n\n\n<p>Fern\u00e1ndez dijo que las encuestas dadas a conocer por sectores vinculados al presente gobierno, quieren vender la percepci\u00f3n de que est\u00e1n arriba, siendo otra la realidad.<\/p>\n\n\n\n<p>En el gobierno de Luis Abinader y el PRM falsean datos, hablan de 10 millones de turistas, cuando en realidad la mayor\u00eda son, \u201cvisitantes nacionales, residentes en el exterior y, cruceristas, los cuales no tienen la categor\u00eda de turistas\u201d, precis\u00f3 Fern\u00e1ndez.&nbsp;<\/p>\n\n\n\n<p>El l\u00edder pol\u00edtico opositor y aspirante a dirigir los destinos del pa\u00eds en las pr\u00f3ximas elecciones del mes de mayo, dijo que, \u201ctodo en este gobierno es una falacia, mentiras y abultamiento\u201d.&nbsp;<\/p>\n\n\n\n<p>Leonel Fern\u00e1ndez catalog\u00f3 el a\u00f1o 2023 como el peor de las \u00faltimas d\u00e9cadas, en materia econ\u00f3mica, el crecimiento fue pr\u00e1cticamente nulo.&nbsp;<\/p>\n\n\n\n<p>El aspirante presidencial postulado&nbsp; por la alianza opositora GANAREMOS, integrado por los partidos Fuerza del Pueblo (FP), Bloque Institucional Social Dem\u00f3crata (BIS), Quisqueyano Dem\u00f3crata Cristiano (PQDC), Democr\u00e1tico Institucional (PDI) y, una gran cantidad de movimientos pol\u00edticos con estructuras en todo el territorio nacional y el exterior, critic\u00f3 la decisi\u00f3n del Tribunal Superior Electoral (TSE), en lo relativo a las elecciones del Colegio de Abogados de la Rep\u00fablica Dominicana (CARD).<\/p>\n\n\n\n<p>\u201cEl TSE no tiene jurisdicci\u00f3n en asuntos gremiales, no puede intervenir en las elecciones del Colegio de Abogados, esas son atribuciones del Tribunal Superior Administrativo, la decisi\u00f3n tomada viola la jurisdicci\u00f3n correspondiente\u201d, afirm\u00f3 Fern\u00e1ndez.<\/p>\n\n\n\n<p>\u201cLa Alianza Opositora venci\u00f3 en el Colegio de Abogados y el gobierno quiere desconocerlo, a trav\u00e9s del TSE, muestra de que est\u00e1n temerosos de lo que ocurrir\u00e1 en las elecciones\u201d, acot\u00f3 el aspirante presidencial.<\/p>\n\n\n\n<p>\u201cLa firma encuestadora Greemberg dice que el 47 por ciento de la gente apoya la oposici\u00f3n pol\u00edtica y, 44 por ciento respalda al gobierno y, eso qued\u00f3 expresado en las elecciones del Colegio de Abogados\u201d, se\u00f1al\u00f3 Fern\u00e1ndez. Dijo adem\u00e1s que, \u201clo ocurrido en el Colegio profesional ha roto la percepci\u00f3n de triunfo que quiere vender el gobierno\u201d.&nbsp;<\/p>\n\n\n\n<p>En otro aspecto de su intervenci\u00f3n, Fern\u00e1ndez dijo que las manifestaciones de apoyo en todas las actividades que realiza la entidad pol\u00edtica que preside refleja que, \u201cel pueblo se siente traicionado por la propuesta&nbsp; de cambio, lo del cambio lo entendido (la gente) como retroceso en todos los \u00e1mbitos\u201d.&nbsp;<\/p>\n\n\n\n<p>El responsable de dirigir los destinos del pa\u00eds en tres ocasiones dijo, \u201csentir la oleada de multitudes que salen a victoriar en los recorridos por el pa\u00eds en apoyo a los candidatos municipales, lo que tambi\u00e9n se reflejar\u00e1 en mayo\u201d.<\/p>\n\n\n\n<p>Fern\u00e1ndez, al referirse a lo que dijo el presidente y candidato Luis Abinader, de que hab\u00eda dado gabela a la oposici\u00f3n, se\u00f1al\u00f3 lo siguiente: \u201cel presidente de la Rep\u00fablica ha dicho recientemente que nos ha dado gabela a nosotros y, que ahora vamos a ver lo que ser\u00e1 tomar las calles y, nosotros le decimos: presidente, le hemos dado gabela durante 3 a\u00f1os y medio, durante 3 a\u00f1os y medio usted ha estado solo en la cancha\u201d.<\/p>\n\n\n\n<p>\u201cAhora empiece a sentir lo que es la coalici\u00f3n GANAREMOS en una marcha indetenible hacia el Palacio Nacional\u201d, agreg\u00f3 el experimentado pol\u00edtico, de manera enf\u00e1tica.<\/p>\n\n\n\n<p>La tarde de este domingo, Leonel Fern\u00e1ndez encabezar\u00e1 una marcha caravana en respaldo de los candidatos municipales del municipio de La Vega.<\/p>\n\n\n\n<p>Secretar\u00eda de Comunicaciones<\/p>\n\n\n\n<p>Fuerza del Pueblo<\/p>\n\n\n\n<figure class=\"wp-block-table\"><table><tbody><tr><td><img decoding=\"async\" src=\"https:\/\/lh3.googleusercontent.com\/a\/ACg8ocLIPyuH7PdNINtE46chswpjz56qQr6_UtWFoozYEvcUNuvw=s40-p\"><\/td><td><\/td><\/tr><\/tbody><\/table><\/figure>\n","protected":false},"excerpt":{"rendered":"<p>Dice: fue \u00e9l que le dio gabela a Abinader y, ahora empezar\u00e1 a sentir lo que es la Coalici\u00f3n Opositora Santo Domingo, RD.- El l\u00edder de la oposici\u00f3n pol\u00edtica dominicana, Leonel Fern\u00e1ndez, critic\u00f3 los intentos de manipulaci\u00f3n del gobierno y su candidato presidencial, Luis Abinader, de cara a los procesos electorales de febrero y mayo [&hellip;]<\/p>\n","protected":false},"author":28,"featured_media":500633,"comment_status":"closed","ping_status":"","sticky":true,"template":"","format":"standard","meta":{"footnotes":""},"categories":[22,27],"tags":[],"class_list":["post-500630","post","type-post","status-publish","format-standard","has-post-thumbnail","hentry","category-politica","category-portada"],"_links":{"self":[{"href":"https:\/\/diariodominicano.com\/index.php?rest_route=\/wp\/v2\/posts\/500630","targetHints":{"allow":["GET"]}}],"collection":[{"href":"https:\/\/diariodominicano.com\/index.php?rest_route=\/wp\/v2\/posts"}],"about":[{"href":"https:\/\/diariodominicano.com\/index.php?rest_route=\/wp\/v2\/types\/post"}],"author":[{"embeddable":true,"href":"https:\/\/diariodominicano.com\/index.php?rest_route=\/wp\/v2\/users\/28"}],"replies":[{"embeddable":true,"href":"https:\/\/diariodominicano.com\/index.php?rest_route=%2Fwp%2Fv2%2Fcomments&post=500630"}],"version-history":[{"count":5,"href":"https:\/\/diariodominicano.com\/index.php?rest_route=\/wp\/v2\/posts\/500630\/revisions"}],"predecessor-version":[{"id":500636,"href":"https:\/\/diariodominicano.com\/index.php?rest_route=\/wp\/v2\/posts\/500630\/revisions\/500636"}],"wp:featuredmedia":[{"embeddable":true,"href":"https:\/\/diariodominicano.com\/index.php?rest_route=\/wp\/v2\/media\/500633"}],"wp:attachment":[{"href":"https:\/\/diariodominicano.com\/index.php?rest_route=%2Fwp%2Fv2%2Fmedia&parent=500630"}],"wp:term":[{"taxonomy":"category","embeddable":true,"href":"https:\/\/diariodominicano.com\/index.php?rest_route=%2Fwp%2Fv2%2Fcategories&post=500630"},{"taxonomy":"post_tag","embeddable":true,"href":"https:\/\/diariodominicano.com\/index.php?rest_route=%2Fwp%2Fv2%2Ftags&post=500630"}],"curies":[{"name":"wp","href":"https:\/\/api.w.org\/{rel}","templated":true}]}}