{"id":500609,"date":"2024-01-14T23:17:33","date_gmt":"2024-01-15T03:17:33","guid":{"rendered":"https:\/\/diariodominicano.com\/?p=500609"},"modified":"2024-01-15T14:14:22","modified_gmt":"2024-01-15T18:14:22","slug":"500609","status":"publish","type":"post","link":"https:\/\/diariodominicano.com\/?p=500609","title":{"rendered":"Alianza Pa\u00eds proclama a Luis Abinader su candidato presidencial"},"content":{"rendered":"\n<p><strong>SANTO DOMINGO, RD<\/strong>.-El doctor\u00a0<strong>Guillermo Moreno<\/strong>, presidente del partido\u00a0<strong><a href=\"http:\/\/lavozdelprm.org\/?action=user_content_redirect&amp;uuid=04c6486890a89ead3b9e7675ebc6834891859c649bb8cb42675d29520b0f5107&amp;blog_id=111349804&amp;post_id=145683&amp;user_id=0&amp;subs_id=216699600&amp;signature=516c6d59eaaede77b48b19ce6e9c3ef7&amp;email_name=new-post&amp;user_email=diariord@gmail.com&amp;encoded_url=aHR0cHM6Ly90d2l0dGVyLmNvbS9BbGlhbnphUGFpc1JEP3JlZl9zcmM9dHdzcmMlNUVnb29nbGUlN0N0d2NhbXAlNUVzZXJwJTdDdHdnciU1RWF1dGhvcg=\" target=\"_blank\" rel=\"noreferrer noopener\">Alianza Pa\u00eds<\/a><\/strong>, proclam\u00f3 este domingo a\u00a0<strong>Luis Abinader<\/strong>\u00a0como su\u00a0<strong>candidato presidencial<\/strong>\u00a0para las elecciones que se celebrar\u00e1n el pr\u00f3ximo mes  mayo de 2024 en curso.<\/p>\n\n\n\n<p>Moreno, quien es el candidato a la senadur\u00eda del Distrito Nacional por el Partido Revolucionario Moderno (<strong>PRM<\/strong>), tom\u00f3 el juramento a<a href=\"http:\/\/lavozdelprm.org\/?action=user_content_redirect&amp;uuid=3cd2ed248fe1d4a45f6ac8e594285ca39aa0ba3db0e9d3c0a6ddaa9f45bd0ee0&amp;blog_id=111349804&amp;post_id=145683&amp;user_id=0&amp;subs_id=216699600&amp;signature=587f6c589c252a838551084d56298c07&amp;email_name=new-post&amp;user_email=diariord@gmail.com&amp;encoded_url=aHR0cHM6Ly9jZG4uY29tLmRvL25hY2lvbmFsZXMvcG9saXRpY2EvYWJpbmFkZXItcmVjb3JyZS1wcm92aW5jaWEtZGUtYXp1YS1lbi1hcG95by1jYW5kaWRhdG9zLW11bmljaXBhbGVzLw=\" target=\"_blank\" rel=\"noreferrer noopener\">&nbsp;Abinader<\/a>, quien prometi\u00f3 trabajar con los&nbsp;<strong>valores<\/strong>&nbsp;que han caracterizado a&nbsp;<strong>Alianza Pa\u00eds<\/strong>&nbsp;y van en contra de la&nbsp;<strong>corrupci\u00f3n<\/strong>&nbsp;y la impunidad.<\/p>\n\n\n\n<p>Tras ser juramentado como\u00a0<strong>candidato presidencial<\/strong>, Abinader dijo que su nominaci\u00f3n presidencial en\u00a0<strong>Alianza Pa\u00eds<\/strong>\u00a0pone sobre sus hombros \u00abuna gran\u00a0<strong>responsabilidad<\/strong>\u00ab, ya que el partido que dirige Moreno nunca ha llevado a otro aspirante que no pertenezca a la misma organizaci\u00f3n.<\/p>\n\n\n\n<p><strong>Abinader: acepto \u201ccon compromiso y honor, de hacer y continuar haciendo un Gobierno honesto como siempre lo ha querido Alianza Pa\u00eds\u201d.<\/strong><\/p>\n\n\n\n<p>\u201cCon mucho orgullo me presento como el candidato a la presidencia de la Rep\u00fablica escogido por el partido Alianza Pa\u00eds. Es un orgullo, pero tambi\u00e9n una gran responsabilidad. Nuestras fuerzas pol\u00edticas se unen en un objetivo com\u00fan: trabajar por el bien de los dominicanos\u201d, dijo el mandatario en el acto celebrado en el Pabell\u00f3n de Voleibol, del Centro Ol\u00edmpico Juan Pablo Duarte.<\/p>\n\n\n\n<p>Abinader dijo que  acept\u00f3 \u201ccon compromiso y honor, hacer y continuar haciendo un Gobierno honesto como siempre lo ha querido Alianza Pa\u00eds\u201d.<\/p>\n\n\n\n<p>Asegur\u00f3 que Alianza Pa\u00eds nunca hab\u00eda apoyado a otro candidato que no fuera de su partido.<\/p>\n\n\n\n<p>\u201cHasta hoy, porque hay un Gobierno que ha estado dispuesto a luchar contra la corrupci\u00f3n y la impunidad\u201d, declar\u00f3 Abinader, recibiendo la ovaci\u00f3n de sus simpatizantes que gritaban \u201ccuatro a\u00f1os m\u00e1s\u201d con tambores y trompetas.<\/p>\n\n\n\n<p>El presidente Abinader llam\u00f3 a los dominicanos a ser parte de la \u201cprofundizaci\u00f3n del cambio\u201d, apoyando al candidato a senador por el Distrito Nacional, Guillermo Moreno.<\/p>\n\n\n\n<figure class=\"wp-block-image\"><img decoding=\"async\" src=\"https:\/\/listindiario.com\/files\/composite_image\/files\/fp\/uploads\/2024\/01\/14\/65a42cd5b4ec6.r_d.1502-695.jpeg\" alt=\"Este domingo el presidente de la Rep\u00fablica, Luis Aninader, fue proclamado como el candidato presidencial del partido Alianza Pa\u00eds para las pr\u00f3ximas elecciones.\"\/><figcaption class=\"wp-element-caption\">Alianza Pa\u00eds proclam\u00f3 oficialmente a Luis Abinader como candidato presidencial<\/figcaption><\/figure>\n\n\n\n<p>\u201cTengo que confesarles que muchos me han dicho que Guillermo Moreno ser\u00eda un senador muy independiente. Eso es exactamente lo que quiero, no que nadie defienda lo indefendible, quiero un senador que defienda el inter\u00e9s nacional\u201d.<\/p>\n\n\n\n<p>Abinader pidi\u00f3 a los presentes que apoyen la alianza  para \u201cseguir construyendo un Gobierno en el que prime la transparencia, la responsabilidad y la participaci\u00f3n ciudadana. Un Gobierno en el que cada dominicano tenga la oportunidad de prosperar y alcanzar sus sue\u00f1os\u201d.<\/p>\n\n\n\n<h2 class=\"wp-block-heading\" id=\"m_2283985503759947080h-prm-y-alianza-pais-unido-por-etica-y-la-decencia\">PRM y&nbsp;<strong>Alianza Pa\u00eds<\/strong>&nbsp; unido por \u00ab<strong>\u00e9tica<\/strong>&nbsp;y la&nbsp;<strong>decencia<\/strong>\u00ab<\/h2>\n\n\n\n<blockquote class=\"wp-block-quote is-layout-flow wp-block-quote-is-layout-flow\">\n<p>\u00abHoy, m\u00e1s que nunca, necesitamos l\u00edderes que sean capaces de construir y formar consenso a favor de la naci\u00f3n, que dejen de un lado las&nbsp;<strong>diferencias partidarias<\/strong>&nbsp;para llevar bienestar a la poblaci\u00f3n\u00bb, dijo  Abinader ante los  participaron en  el acto.<\/p>\n\n\n\n<p>En la actividad que se llev\u00f3 a cabo en el pabell\u00f3n de voleibol del Centro Ol\u00edmpico Juan Pablo Duarte, Abinader resalt\u00f3 la lucha que ha encabezado el partido&nbsp;<strong>Alianza Pa\u00eds<\/strong>&nbsp;contra la&nbsp;<strong>corrupci\u00f3n<\/strong>&nbsp;administrativa y revel\u00f3 que esa fue una de sus principales motivaciones para postularse como candidato por el partido que lidera Moreno.<\/p>\n\n\n\n<p>Expres\u00f3 que la \u00ab<strong>\u00e9tica<\/strong>\u00a0y la\u00a0<strong>decencia<\/strong>\u00bb son\u00a0<strong>valores<\/strong>\u00a0fundamentales en el\u00a0<strong>PRM<\/strong>\u00a0que tambi\u00e9n enarbola\u00a0<strong>Alianza Pa\u00eds<\/strong>, por lo que espera que el pacto beneficie a la poblaci\u00f3n y elimine la\u00a0<strong>desigualdad social<\/strong>. (Prensa PRM)<\/p>\n<\/blockquote>\n\n\n\n<p><strong>Guillermo Moreno: acuerdo para \u201csellar como acero la alianza electoral entre el PRM y AlPais<\/strong><\/p>\n\n\n\n<p>El presidente del Partido Alianza Pa\u00eds, asegur\u00f3 que se trataba de un acto de ratificaci\u00f3n para \u201csellar como acero, la<strong>\u00a0alianza electoral<\/strong>\u00a0entre el\u00a0<strong>PRM<\/strong>\u00a0y\u00a0<strong>AlPa\u00eds<\/strong>\u201d.<\/p>\n\n\n\n<p>Dijo a los presentes  \u201ccuatro a\u00f1os m\u00e1s para Luis Abinader\u201d, que \u201cva al Senado a legislar en serio\u201d.<\/p>\n\n\n\n<p>\u201cVoy a legislar en serio. A fiscalizar en serio, para que de verdad haya una real divisi\u00f3n de poderes. A representar en serio a una ciudadan\u00eda que muchas veces no tiene voz ni representaci\u00f3n\u201d, manifest\u00f3 Moreno.<\/p>\n\n\n\n<p><strong>Guillermo Moreno<\/strong>&nbsp;reconoci\u00f3 en el acto la labor realizada por la actual senadora del Distrito Nacional,<strong>&nbsp;<a href=\"https:\/\/listindiario.com\/la-republica\/politica\/20231222\/faride-raful-anuncia-decision-estrategica-prm-sera-candidata-senadora-dn_788143.html\" rel=\"noreferrer noopener\" target=\"_blank\">Faride Raful<\/a><\/strong>.<\/p>\n\n\n\n<figure class=\"wp-block-image\"><img decoding=\"async\" src=\"https:\/\/listindiario.com\/files\/composite_image\/files\/fp\/uploads\/2024\/01\/14\/65a41397a1176.r_d.975-539.jpeg\" alt=\"La ma\u00f1ana de este domingo, fue proclamado el presidente del Partido Alianza Pa\u00eds, Guillermo Moreno, como candidato a la senadur\u00eda por el Distrito Nacional por el Partido Revolucionario Moderno (PRM).\"\/><figcaption class=\"wp-element-caption\">\u201cVoy al Senado a legislar en serio\u201d, seg\u00fan Guillermo Moreno luego de ser proclamado candidato a senador del DN<\/figcaption><\/figure>\n\n\n\n<p>Afirm\u00f3  que<strong>\u00a0Alianza Pa\u00eds<\/strong>\u00a0decidi\u00f3 apoyar al presidente Luis Abinader, \u201cpor sus m\u00e1s de tres a\u00f1os de gesti\u00f3n, en los cuales, como pocas veces en nuestra historia, un presidente se ha comprometido con la\u00a0<strong>transparencia<\/strong>, con la honestidad y con la institucionalidad democr\u00e1tica. Y esas no son palabras, sino hechos que est\u00e1n ah\u00ed en la conciencia del pueblo dominicano\u201d.<\/p>\n\n\n\n<p>Dijo:  \u201cLes puedo asegurar que el partido Estado, ahora convertido en una serpiente de dos cabezas, que sometieron a su\u00a0<strong>control el Congreso<\/strong>\u00a0y la<strong>\u00a0Suprema Corte de Justicia<\/strong>, esos no volver\u00e1n. Los que se asociaron a Odebrecht para cometer los m\u00e1s burdos actos de corrupci\u00f3n, esos no volver\u00e1n. Los que se montaron en los Tucanos, los de la Sun Land, los que hicieron fundaciones en base a comisiones de los contratistas del Estado, esos no volver\u00e1n\u201d.<\/p>\n\n\n\n<p><\/p>\n","protected":false},"excerpt":{"rendered":"<p>SANTO DOMINGO, RD.-El doctor\u00a0Guillermo Moreno, presidente del partido\u00a0Alianza Pa\u00eds, proclam\u00f3 este domingo a\u00a0Luis Abinader\u00a0como su\u00a0candidato presidencial\u00a0para las elecciones que se celebrar\u00e1n el pr\u00f3ximo mes mayo de 2024 en curso. Moreno, quien es el candidato a la senadur\u00eda del Distrito Nacional por el Partido Revolucionario Moderno (PRM), tom\u00f3 el juramento a&nbsp;Abinader, quien prometi\u00f3 trabajar con los&nbsp;valores&nbsp;que [&hellip;]<\/p>\n","protected":false},"author":28,"featured_media":500610,"comment_status":"closed","ping_status":"","sticky":true,"template":"","format":"standard","meta":{"footnotes":""},"categories":[22,27],"tags":[],"class_list":["post-500609","post","type-post","status-publish","format-standard","has-post-thumbnail","hentry","category-politica","category-portada"],"_links":{"self":[{"href":"https:\/\/diariodominicano.com\/index.php?rest_route=\/wp\/v2\/posts\/500609","targetHints":{"allow":["GET"]}}],"collection":[{"href":"https:\/\/diariodominicano.com\/index.php?rest_route=\/wp\/v2\/posts"}],"about":[{"href":"https:\/\/diariodominicano.com\/index.php?rest_route=\/wp\/v2\/types\/post"}],"author":[{"embeddable":true,"href":"https:\/\/diariodominicano.com\/index.php?rest_route=\/wp\/v2\/users\/28"}],"replies":[{"embeddable":true,"href":"https:\/\/diariodominicano.com\/index.php?rest_route=%2Fwp%2Fv2%2Fcomments&post=500609"}],"version-history":[{"count":6,"href":"https:\/\/diariodominicano.com\/index.php?rest_route=\/wp\/v2\/posts\/500609\/revisions"}],"predecessor-version":[{"id":500772,"href":"https:\/\/diariodominicano.com\/index.php?rest_route=\/wp\/v2\/posts\/500609\/revisions\/500772"}],"wp:featuredmedia":[{"embeddable":true,"href":"https:\/\/diariodominicano.com\/index.php?rest_route=\/wp\/v2\/media\/500610"}],"wp:attachment":[{"href":"https:\/\/diariodominicano.com\/index.php?rest_route=%2Fwp%2Fv2%2Fmedia&parent=500609"}],"wp:term":[{"taxonomy":"category","embeddable":true,"href":"https:\/\/diariodominicano.com\/index.php?rest_route=%2Fwp%2Fv2%2Fcategories&post=500609"},{"taxonomy":"post_tag","embeddable":true,"href":"https:\/\/diariodominicano.com\/index.php?rest_route=%2Fwp%2Fv2%2Ftags&post=500609"}],"curies":[{"name":"wp","href":"https:\/\/api.w.org\/{rel}","templated":true}]}}