{"id":500601,"date":"2024-01-14T23:01:05","date_gmt":"2024-01-15T03:01:05","guid":{"rendered":"https:\/\/diariodominicano.com\/?p=500601"},"modified":"2024-01-14T23:02:17","modified_gmt":"2024-01-15T03:02:17","slug":"leonel-fernandez-encabeza-actividad-alianza-opositora-ganaremos","status":"publish","type":"post","link":"https:\/\/diariodominicano.com\/?p=500601","title":{"rendered":"Leonel Fern\u00e1ndez encabeza actividad alianza opositora GANAREMOS"},"content":{"rendered":"\n<p>Santo Domingo, RD.-  El candidato presidencial de la coalici\u00f3n de partidos pol\u00edticos de oposici\u00f3n de  la Gran Alianza Nacional por la Renovaci\u00f3n Econ\u00f3mica y Social (GANAREMOS), Leonel Fern\u00e1ndez, encabez\u00f3 la ma\u00f1ana de este domingo el  acto de juramentaci\u00f3n de los equipos sectoriales de la unidad partidaria y, de movimientos pol\u00edticos que lo postula como candidato presidencial.\u00a0<\/p>\n\n\n\n<figure class=\"wp-block-image size-large\"><img loading=\"lazy\" decoding=\"async\" width=\"1024\" height=\"683\" src=\"https:\/\/diariodominicano.com\/wp-content\/uploads\/2024\/01\/IMG-20240114-WA0231-1024x683.jpg\" alt=\"\" class=\"wp-image-500604\" srcset=\"https:\/\/diariodominicano.com\/wp-content\/uploads\/2024\/01\/IMG-20240114-WA0231-1024x683.jpg 1024w, https:\/\/diariodominicano.com\/wp-content\/uploads\/2024\/01\/IMG-20240114-WA0231-300x200.jpg 300w, https:\/\/diariodominicano.com\/wp-content\/uploads\/2024\/01\/IMG-20240114-WA0231-768x512.jpg 768w, https:\/\/diariodominicano.com\/wp-content\/uploads\/2024\/01\/IMG-20240114-WA0231-1536x1025.jpg 1536w, https:\/\/diariodominicano.com\/wp-content\/uploads\/2024\/01\/IMG-20240114-WA0231-2048x1367.jpg 2048w, https:\/\/diariodominicano.com\/wp-content\/uploads\/2024\/01\/IMG-20240114-WA0231-816x545.jpg 816w\" sizes=\"auto, (max-width: 1024px) 100vw, 1024px\" \/><\/figure>\n\n\n\n<p>Los partidos pol\u00edticos Fuerza del Pueblo (FP), Bloque Institucional Social Dem\u00f3crata (BIS), Quisqueyano Dem\u00f3crata Cristiano (PQDC), Democr\u00e1tico Institucional (PDI) y, una gran cantidad de movimientos pol\u00edticos con estructuras en todo el territorio nacional y el exterior, integran la plataforma pol\u00edtica GANAREMOS, los cuales aunaron esfuerzos para la presentaci\u00f3n de candidaturas municipales y congresuales, as\u00ed como tambi\u00e9n con objetivo de llevar a la presidencia de la Rep\u00fablica a Leonel Fern\u00e1ndez en los comicios presidenciales del mes de mayo.&nbsp;<\/p>\n\n\n\n<figure class=\"wp-block-image size-large\"><img loading=\"lazy\" decoding=\"async\" width=\"1024\" height=\"683\" src=\"https:\/\/diariodominicano.com\/wp-content\/uploads\/2024\/01\/IMG-20240114-WA0225-1024x683.jpg\" alt=\"\" class=\"wp-image-500607\" srcset=\"https:\/\/diariodominicano.com\/wp-content\/uploads\/2024\/01\/IMG-20240114-WA0225-1024x683.jpg 1024w, https:\/\/diariodominicano.com\/wp-content\/uploads\/2024\/01\/IMG-20240114-WA0225-300x200.jpg 300w, https:\/\/diariodominicano.com\/wp-content\/uploads\/2024\/01\/IMG-20240114-WA0225-768x512.jpg 768w, https:\/\/diariodominicano.com\/wp-content\/uploads\/2024\/01\/IMG-20240114-WA0225-1536x1025.jpg 1536w, https:\/\/diariodominicano.com\/wp-content\/uploads\/2024\/01\/IMG-20240114-WA0225-2048x1367.jpg 2048w, https:\/\/diariodominicano.com\/wp-content\/uploads\/2024\/01\/IMG-20240114-WA0225-816x545.jpg 816w\" sizes=\"auto, (max-width: 1024px) 100vw, 1024px\" \/><\/figure>\n\n\n\n<p>El acto celebrado en el hotel Jaragua se caracteriz\u00f3 por la participaci\u00f3n entusiasta de una gran cantidad de personas, presentaciones de artistas urbanos, entre estos el merenguero El Jeffry.<\/p>\n\n\n\n<p>El presidente y diputado de PQDC, El\u00edas Wessin Ch\u00e1vez pronunci\u00f3 las palabras de bienvenida, en las que precis\u00f3: \u201ccoronaremos el triunfo de los candidatos municipales de la alianza, garantizando el triunfo de Leonel Fern\u00e1ndez en las elecciones de mayo\u201d.<\/p>\n\n\n\n<p>Ch\u00e1vez enumer\u00f3 7 ejes fundamentales en los cuales se sustenta la alianza GANAREMOS, estos son:<\/p>\n\n\n\n<p>Salvar la salud financiera de Rep\u00fablica Dominicana; enarbolar una pol\u00edtica exterior seria y responsable; implementar un modelo econ\u00f3mico que garantice la estabilidad financiera; revisar el sistema educativo; fortalecer las FFAA; rescatar el patrimonio cultural y; enarbolar un gobierno de principios y \u00e9tico.\u00a0<\/p>\n\n\n\n<p>An\u00edbal Garc\u00eda Duverg\u00e9, en representaci\u00f3n de los pe\u00f1agomistas, catalog\u00f3 a Leonel Fern\u00e1ndez como el heredero de los postulados del extinto l\u00edder pol\u00edtico Jos\u00e9 Francisco Pe\u00f1a G\u00f3mez, a pesar de ser adversario en las elecciones del 1996.<\/p>\n\n\n\n<p>Ismael Reyes Cruz, presidente del PDI, resalt\u00f3 la, \u201cresponsabilidad reservada a Leonel Fern\u00e1ndez por la historia, de regresar al Palacio Nacional para reorganizar la vida econ\u00f3mica y social de la Rep\u00fablica Dominicana\u201d.&nbsp;<\/p>\n\n\n\n<p>Reyes Cruz se\u00f1al\u00f3 tambi\u00e9n que: \u201cla improvisaci\u00f3n e ineptitud se han apoderado del poder\u201d. En ese mismo orden, resalt\u00f3 la obras viales de Leonel Fern\u00e1ndez, las cuales enlazan la capital dominicana con todo el pa\u00eds, \u201cla construcci\u00f3n del metro de Santo Domingo es la obra cumbre de Fern\u00e1ndez\u201d, afirm\u00f3 Reyes.<\/p>\n\n\n\n<p>Secretar\u00eda de Comunicaciones<\/p>\n\n\n\n<p>Fuerza del Pueblo<\/p>\n\n\n\n<figure class=\"wp-block-table\"><table><tbody><tr><td><img decoding=\"async\" src=\"https:\/\/lh3.googleusercontent.com\/a\/ACg8ocLIPyuH7PdNINtE46chswpjz56qQr6_UtWFoozYEvcUNuvw=s40-p\"><\/td><td><\/td><\/tr><\/tbody><\/table><figcaption class=\"wp-element-caption\">Leonel Ganaremos <\/figcaption><\/figure>\n","protected":false},"excerpt":{"rendered":"<p>Santo Domingo, RD.- El candidato presidencial de la coalici\u00f3n de partidos pol\u00edticos de oposici\u00f3n de la Gran Alianza Nacional por la Renovaci\u00f3n Econ\u00f3mica y Social (GANAREMOS), Leonel Fern\u00e1ndez, encabez\u00f3 la ma\u00f1ana de este domingo el acto de juramentaci\u00f3n de los equipos sectoriales de la unidad partidaria y, de movimientos pol\u00edticos que lo postula como candidato [&hellip;]<\/p>\n","protected":false},"author":28,"featured_media":500602,"comment_status":"closed","ping_status":"","sticky":true,"template":"","format":"standard","meta":{"footnotes":""},"categories":[22,27],"tags":[],"class_list":["post-500601","post","type-post","status-publish","format-standard","has-post-thumbnail","hentry","category-politica","category-portada"],"_links":{"self":[{"href":"https:\/\/diariodominicano.com\/index.php?rest_route=\/wp\/v2\/posts\/500601","targetHints":{"allow":["GET"]}}],"collection":[{"href":"https:\/\/diariodominicano.com\/index.php?rest_route=\/wp\/v2\/posts"}],"about":[{"href":"https:\/\/diariodominicano.com\/index.php?rest_route=\/wp\/v2\/types\/post"}],"author":[{"embeddable":true,"href":"https:\/\/diariodominicano.com\/index.php?rest_route=\/wp\/v2\/users\/28"}],"replies":[{"embeddable":true,"href":"https:\/\/diariodominicano.com\/index.php?rest_route=%2Fwp%2Fv2%2Fcomments&post=500601"}],"version-history":[{"count":3,"href":"https:\/\/diariodominicano.com\/index.php?rest_route=\/wp\/v2\/posts\/500601\/revisions"}],"predecessor-version":[{"id":500608,"href":"https:\/\/diariodominicano.com\/index.php?rest_route=\/wp\/v2\/posts\/500601\/revisions\/500608"}],"wp:featuredmedia":[{"embeddable":true,"href":"https:\/\/diariodominicano.com\/index.php?rest_route=\/wp\/v2\/media\/500602"}],"wp:attachment":[{"href":"https:\/\/diariodominicano.com\/index.php?rest_route=%2Fwp%2Fv2%2Fmedia&parent=500601"}],"wp:term":[{"taxonomy":"category","embeddable":true,"href":"https:\/\/diariodominicano.com\/index.php?rest_route=%2Fwp%2Fv2%2Fcategories&post=500601"},{"taxonomy":"post_tag","embeddable":true,"href":"https:\/\/diariodominicano.com\/index.php?rest_route=%2Fwp%2Fv2%2Ftags&post=500601"}],"curies":[{"name":"wp","href":"https:\/\/api.w.org\/{rel}","templated":true}]}}