{"id":500523,"date":"2024-01-13T23:49:34","date_gmt":"2024-01-14T03:49:34","guid":{"rendered":"https:\/\/diariodominicano.com\/?p=500523"},"modified":"2024-01-13T23:55:13","modified_gmt":"2024-01-14T03:55:13","slug":"miguel-vargas-gobierno-retomo-dialogo-con-haiti-dejando-fuera-canal-en-el-masacre","status":"publish","type":"post","link":"https:\/\/diariodominicano.com\/?p=500523","title":{"rendered":"Miguel Vargas: \u201cGobierno retom\u00f3 di\u00e1logo con Hait\u00ed dejando fuera canal en el Masacre\u201d"},"content":{"rendered":"\n<p><p class=\"MsoNormal\" style=\"margin: 0in 0in 8pt; color: rgb(34, 34, 34); white-space-collapse: collapse; background-color: rgb(255, 255, 255); line-height: 15.6933px; font-size: 11pt; font-family: Calibri, sans-serif;\"><span style=\"font-family: Arial, sans-serif;\"><\/span><b><span style=\"font-size: 12pt; line-height: 17.12px; font-family: Arial, sans-serif; background-image: initial; background-position: initial; background-size: initial; background-repeat: initial; background-origin: initial; background-clip: initial;\">El presidente del PRD se refiri\u00f3 al tema al proclamar candidatos de Rescate RD en El\u00edas Pi\u00f1a.<\/span><\/b><\/p><\/p>\n\n\n\n<figure class=\"wp-block-image size-large\"><img loading=\"lazy\" decoding=\"async\" width=\"1024\" height=\"682\" src=\"https:\/\/diariodominicano.com\/wp-content\/uploads\/2024\/01\/PHOTO-2024-01-13-22-00-36_2-1024x682.jpg\" alt=\"\" class=\"wp-image-500525\" srcset=\"https:\/\/diariodominicano.com\/wp-content\/uploads\/2024\/01\/PHOTO-2024-01-13-22-00-36_2-1024x682.jpg 1024w, https:\/\/diariodominicano.com\/wp-content\/uploads\/2024\/01\/PHOTO-2024-01-13-22-00-36_2-300x200.jpg 300w, https:\/\/diariodominicano.com\/wp-content\/uploads\/2024\/01\/PHOTO-2024-01-13-22-00-36_2-768x511.jpg 768w, https:\/\/diariodominicano.com\/wp-content\/uploads\/2024\/01\/PHOTO-2024-01-13-22-00-36_2-816x543.jpg 816w, https:\/\/diariodominicano.com\/wp-content\/uploads\/2024\/01\/PHOTO-2024-01-13-22-00-36_2.jpg 1280w\" sizes=\"auto, (max-width: 1024px) 100vw, 1024px\" \/><\/figure>\n\n\n\n<p><p class=\"MsoNormal\" style=\"margin: 0in 0in 8pt; color: rgb(34, 34, 34); white-space-collapse: collapse; background-color: rgb(255, 255, 255); line-height: 15.6933px; font-size: 11pt; font-family: Calibri, sans-serif;\"><b><span style=\"font-size: 12pt; line-height: 17.12px; font-family: Arial, sans-serif;\"><\/span><\/b><b><span style=\"font-size: 14pt; line-height: 19.9733px; font-family: Arial, sans-serif; background-image: initial; background-position: initial; background-size: initial; background-repeat: initial; background-origin: initial; background-clip: initial;\">El\u00edas Pi\u00f1a<\/span><\/b><span style=\"font-family: Arial, sans-serif; background-image: initial; background-position: initial; background-size: initial; background-repeat: initial; background-origin: initial; background-clip: initial;\">, RD<\/span><span style=\"font-family: Arial, sans-serif; background-image: initial; background-position: initial; background-size: initial; background-repeat: initial; background-origin: initial; background-clip: initial;\">. &#8211;\u00a0<\/span><span style=\"font-size: 14pt; line-height: 19.9733px; font-family: Arial, sans-serif; background-image: initial; background-position: initial; background-size: initial; background-repeat: initial; background-origin: initial; background-clip: initial;\">El candidato presidencial del Partido Revolucionario Dominicano (PRD), Miguel Vargas Maldonado, critic\u00f3 este s\u00e1bado que el Gobierno dominicano dejara de lado el tema de la construcci\u00f3n arbitraria del canal sobre el r\u00edo Masacre, al reanudar el di\u00e1logo con Hait\u00ed en el seno de la Organizaci\u00f3n de Estados Americanos (OEA).<\/span><span style=\"font-size: 14pt; line-height: 19.9733px; font-family: Arial, sans-serif;\"><span style=\"background-image: initial; background-position: initial; background-size: initial; background-repeat: initial; background-origin: initial; background-clip: initial;\">Vargas expres\u00f3 que el oficialismo ha ejecutado una pol\u00edtica exterior incoherente y desacertada, sobre todo, en lo concerniente con el vecino pa\u00eds.<\/span><\/span><\/p><\/p>\n\n\n\n<p><p class=\"MsoNormal\" style=\"margin: 0in 0in 8pt; color: rgb(34, 34, 34); white-space-collapse: collapse; background-color: rgb(255, 255, 255); line-height: 15.6933px; font-size: 11pt; font-family: Calibri, sans-serif;\"><span style=\"font-size: 14pt; line-height: 19.9733px; font-family: Arial, sans-serif;\"><span style=\"background-image: initial; background-position: initial; background-size: initial; background-repeat: initial; background-origin: initial; background-clip: initial;\">Record\u00f3 que Hait\u00ed es el principal socio comercial de esta naci\u00f3n, por encima de Estados Unidos, en cuanto a la inclinaci\u00f3n de la balanza de exportaci\u00f3n e importaci\u00f3n en favor de Rep\u00fablica Dominicana.<\/span><span style=\"background-image: initial; background-position: initial; background-size: initial; background-repeat: initial; background-origin: initial; background-clip: initial;\">\u201cHa habido un mal manejo, ah\u00ed no ha primado el di\u00e1logo de alto nivel ni la prudencia en cuanto a las confrontaciones. En cambio, han estado yendo hacia adelante y detr\u00e1s. Ya estaban reunidos en la OEA, realizando un di\u00e1logo y dejando todo sin efecto. Ya con el canal no hay problema, este es un gobierno que improvisa\u201d, expres\u00f3.<\/span><\/span><\/p><\/p>\n\n\n\n<p><\/p>\n\n\n\n<figure class=\"wp-block-image size-large\"><img loading=\"lazy\" decoding=\"async\" width=\"1024\" height=\"682\" src=\"https:\/\/diariodominicano.com\/wp-content\/uploads\/2024\/01\/PHOTO-2024-01-13-22-00-36_1-1024x682.jpg\" alt=\"\" class=\"wp-image-500528\" srcset=\"https:\/\/diariodominicano.com\/wp-content\/uploads\/2024\/01\/PHOTO-2024-01-13-22-00-36_1-1024x682.jpg 1024w, https:\/\/diariodominicano.com\/wp-content\/uploads\/2024\/01\/PHOTO-2024-01-13-22-00-36_1-300x200.jpg 300w, https:\/\/diariodominicano.com\/wp-content\/uploads\/2024\/01\/PHOTO-2024-01-13-22-00-36_1-768x511.jpg 768w, https:\/\/diariodominicano.com\/wp-content\/uploads\/2024\/01\/PHOTO-2024-01-13-22-00-36_1-816x543.jpg 816w, https:\/\/diariodominicano.com\/wp-content\/uploads\/2024\/01\/PHOTO-2024-01-13-22-00-36_1.jpg 1280w\" sizes=\"auto, (max-width: 1024px) 100vw, 1024px\" \/><\/figure>\n\n\n\n<p><p class=\"MsoNormal\" style=\"margin: 0in 0in 8pt; color: rgb(34, 34, 34); white-space-collapse: collapse; background-color: rgb(255, 255, 255); line-height: 15.6933px; font-size: 11pt; font-family: Calibri, sans-serif;\"><span style=\"background-image: initial; background-position: initial; background-size: initial; background-repeat: initial; background-origin: initial; background-clip: initial;\">El candidato presidencial y exministro de Relaciones Exteriores remarc\u00f3 que el mal manejo de la pol\u00edtica exterior con Hait\u00ed, que deriv\u00f3 en el cierre de la zona lim\u00edtrofe y la disminuci\u00f3n de la actividad comercial en dicha \u00e1rea, a quienes m\u00e1s ha afectado es a los dominicanos.<\/span><span style=\"background-image: initial; background-position: initial; background-size: initial; background-repeat: initial; background-origin: initial; background-clip: initial;\">\u201cQuienes padecieron ese cierre no fueron los haitianos, sino nuestros productores nacionales en estas provincias fronterizas, pues es su escenario y modus vivendi\u201d, expres\u00f3 el exdiplom\u00e1tico.<\/span><\/p><\/p>\n\n\n\n<p><p class=\"MsoNormal\" style=\"margin: 0in 0in 8pt; color: rgb(34, 34, 34); white-space-collapse: collapse; background-color: rgb(255, 255, 255); line-height: 15.6933px; font-size: 11pt; font-family: Calibri, sans-serif;\"><span style=\"background-image: initial; background-position: initial; background-size: initial; background-repeat: initial; background-origin: initial; background-clip: initial;\">Apoyo a candidatos de Rescate RD<\/span><span style=\"background-image: initial; background-position: initial; background-size: initial; background-repeat: initial; background-origin: initial; background-clip: initial;\">El presidente del PRD habl\u00f3 en esos t\u00e9rminos durante un acto multitudinario en apoyo a los candidatos de la Alianza Opositora Rescate RD. All\u00ed estuvo junto a Adriano S\u00e1nchez Roa (del Partido de la Liberaci\u00f3n Dominicana-PLD-), quien busca la senadur\u00eda de El\u00edas Pi\u00f1a. Igualmente, Luis Minier, para alcalde de Comendador, as\u00ed como los dem\u00e1s candidatos a diputados, regidores, directores y vocales de distritos municipales en dicha demarcaci\u00f3n.<\/span><\/p><\/p>\n\n\n\n<p><p class=\"MsoNormal\" style=\"margin: 0in 0in 8pt; color: rgb(34, 34, 34); white-space-collapse: collapse; background-color: rgb(255, 255, 255); line-height: 15.6933px; font-size: 11pt; font-family: Calibri, sans-serif;\"><span style=\"background-image: initial; background-position: initial; background-size: initial; background-repeat: initial; background-origin: initial; background-clip: initial;\">En ese orden, recibieron respaldo: Hip\u00f3lito \u201cPolo\u201d Valenzuela, alcalde y candidato por Pedro Santana (PRD).<\/span><\/p><\/p>\n\n\n\n<p><p class=\"MsoNormal\" style=\"margin: 0in 0in 8pt; color: rgb(34, 34, 34); white-space-collapse: collapse; background-color: rgb(255, 255, 255); line-height: 15.6933px; font-size: 11pt; font-family: Calibri, sans-serif;\"><span style=\"background-image: initial; background-position: initial; background-size: initial; background-repeat: initial; background-origin: initial; background-clip: initial;\"> Asimismo, Yomi Castillo (PLD), quien compite para ser la alcaldesa del municipio El Llano; Feliciano Suero (PRD), para director de Sabana Larga, y Aneudy Rosario \u201cEnyi\u201d (PLD), quien busca ser director de Guayabo. Adem\u00e1s, los tambi\u00e9n candidatos Donaciano de la Cruz (FP), para alcalde de Hondo Valle; Manuel Alc\u00e1ntara \u201cChapo\u201d (FP), para alcalde de B\u00e1nica; Julissa Cedano (PRD), para directora de Sabana Cruz, y Papi Vicente, director de Rancho La Guardia (PRD). <\/span><\/p><\/p>\n\n\n\n<p><p class=\"MsoNormal\" style=\"margin: 0in 0in 8pt; color: rgb(34, 34, 34); white-space-collapse: collapse; background-color: rgb(255, 255, 255); line-height: 15.6933px; font-size: 11pt; font-family: Calibri, sans-serif;\"><span style=\"background-image: initial; background-position: initial; background-size: initial; background-repeat: initial; background-origin: initial; background-clip: initial;\">Del mismo modo, recibieron apoyo para ser electos diputados Agne Contreras (PRD) y Juan Alberto Aquino Pep\u00edn (PLD).<\/span><span style=\"background-image: initial; background-position: initial; background-size: initial; background-repeat: initial; background-origin: initial; background-clip: initial;\">Miguel Vargas llam\u00f3 a elegir en febrero pr\u00f3ximo a los candidatos de Rescate RD a trav\u00e9s de la casilla n\u00famero 4 del PRD. Afirm\u00f3 que la coalici\u00f3n opositora obtendr\u00e1 la mayor\u00eda de votos, para redirigir el rumbo de la Rep\u00fablica Dominicana, como tanto se necesita.<\/span><\/p><\/p>\n\n\n\n<p>Alexis Roa<\/p>\n\n\n\n<p><a target=\"_blank\" href=\"mailto:alexisrpdncd1@gmail.com\" rel=\"noreferrer noopener\">alexisrpdncd1@gmail.com<\/a><\/p>\n\n\n\n<p><p class=\"MsoNormal\" style=\"margin: 0in 0in 8pt; color: rgb(34, 34, 34); white-space-collapse: collapse; background-color: rgb(255, 255, 255); line-height: 15.6933px; font-size: 11pt; font-family: Calibri, sans-serif;\"><span style=\"font-size: 14pt; line-height: 19.9733px;\"><\/span><\/p><p class=\"MsoNormal\" style=\"margin: 0in 0in 8pt; color: rgb(34, 34, 34); white-space-collapse: collapse; background-color: rgb(255, 255, 255); line-height: 15.6933px; font-size: 11pt; font-family: Calibri, sans-serif;\"><b><span style=\"font-size: 14pt; line-height: 19.9733px;\">\u00a0<\/span><\/b><\/p><p class=\"MsoNormal\" style=\"margin: 0in 0in 8pt; color: rgb(34, 34, 34); white-space-collapse: collapse; background-color: rgb(255, 255, 255); line-height: 15.6933px; font-size: 11pt; font-family: Calibri, sans-serif;\">\u00a0<\/p><\/p>\n","protected":false},"excerpt":{"rendered":"<p>El presidente del PRD se refiri\u00f3 al tema al proclamar candidatos de Rescate RD en El\u00edas Pi\u00f1a. El\u00edas Pi\u00f1a, RD. &#8211;\u00a0El candidato presidencial del Partido Revolucionario Dominicano (PRD), Miguel Vargas Maldonado, critic\u00f3 este s\u00e1bado que el Gobierno dominicano dejara de lado el tema de la construcci\u00f3n arbitraria del canal sobre el r\u00edo Masacre, al reanudar [&hellip;]<\/p>\n","protected":false},"author":28,"featured_media":500524,"comment_status":"closed","ping_status":"","sticky":true,"template":"","format":"standard","meta":{"footnotes":""},"categories":[22,27],"tags":[],"class_list":["post-500523","post","type-post","status-publish","format-standard","has-post-thumbnail","hentry","category-politica","category-portada"],"_links":{"self":[{"href":"https:\/\/diariodominicano.com\/index.php?rest_route=\/wp\/v2\/posts\/500523","targetHints":{"allow":["GET"]}}],"collection":[{"href":"https:\/\/diariodominicano.com\/index.php?rest_route=\/wp\/v2\/posts"}],"about":[{"href":"https:\/\/diariodominicano.com\/index.php?rest_route=\/wp\/v2\/types\/post"}],"author":[{"embeddable":true,"href":"https:\/\/diariodominicano.com\/index.php?rest_route=\/wp\/v2\/users\/28"}],"replies":[{"embeddable":true,"href":"https:\/\/diariodominicano.com\/index.php?rest_route=%2Fwp%2Fv2%2Fcomments&post=500523"}],"version-history":[{"count":4,"href":"https:\/\/diariodominicano.com\/index.php?rest_route=\/wp\/v2\/posts\/500523\/revisions"}],"predecessor-version":[{"id":500531,"href":"https:\/\/diariodominicano.com\/index.php?rest_route=\/wp\/v2\/posts\/500523\/revisions\/500531"}],"wp:featuredmedia":[{"embeddable":true,"href":"https:\/\/diariodominicano.com\/index.php?rest_route=\/wp\/v2\/media\/500524"}],"wp:attachment":[{"href":"https:\/\/diariodominicano.com\/index.php?rest_route=%2Fwp%2Fv2%2Fmedia&parent=500523"}],"wp:term":[{"taxonomy":"category","embeddable":true,"href":"https:\/\/diariodominicano.com\/index.php?rest_route=%2Fwp%2Fv2%2Fcategories&post=500523"},{"taxonomy":"post_tag","embeddable":true,"href":"https:\/\/diariodominicano.com\/index.php?rest_route=%2Fwp%2Fv2%2Ftags&post=500523"}],"curies":[{"name":"wp","href":"https:\/\/api.w.org\/{rel}","templated":true}]}}