{"id":50051,"date":"2020-09-01T00:54:11","date_gmt":"2020-09-01T00:54:11","guid":{"rendered":"http:\/\/diariodominicano.ddns.net\/?p=50051"},"modified":"2020-09-01T00:54:11","modified_gmt":"2020-09-01T00:54:11","slug":"restauradores-forman-junta-de-guerra-bajo-el-mando-de-gaspar-polanco","status":"publish","type":"post","link":"https:\/\/diariodominicano.com\/?p=50051","title":{"rendered":"Restauradores forman junta de guerra bajo el mando de Gaspar Polanco"},"content":{"rendered":"<p><body><\/p>\n<p><img decoding=\"async\" src=\"img3\/Gaspar-Polanco-B.jpg\" \/>  <\/p>\n<p><strong>Diariodominicano.com<\/strong><\/p>\n<p><strong>Restauradores debilitan el Ej\u00e9rcito espa\u00f1ol; forman  junta de guerra bajo el mando de Gaspar Polanco <\/strong><\/p>\n<p><strong>            SANTIAGO, el  1 de septiembre de 1863,<\/strong> durante la Guerra de la Restauraci\u00f3n, fuerzas dominicanas comandadas por el coronel Jos\u00e9 Antonio  -Pepillo- Salcedo, atacaron la guarnici\u00f3n espa\u00f1ola acantonada en  El Castillo, Santiago.<\/p>\n<\/p>\n<p>    El coronel Pepillo Salcedo inici\u00f3  el ataque con varias descargas de fusiler\u00eda y cuando se encontraban cerca del objetivo, dispuso un asalto al machete que  cre\u00f3 p\u00e1nico entre los soldados de Espa\u00f1a, quienes al sentir la derrota huyeron del lugar y se replegaron  al Fuerte de San Luis, \u00abdejando abandonado todo un bot\u00edn militar\u00bb.<\/p>\n<\/p>\n<p>   Los espa\u00f1oles quedaron sitiados en la Fortaleza San Luis, lo que permiti\u00f3 a los restauradores organizarse del mejor modo posible. Se form\u00f3 una Junta de Guerra y fue nombrado como jefe Gaspar Polanco, por ser el comandante de m\u00e1s antig\u00fcedad.<\/p>\n<\/p>\n<p>    Entre sus primeras medidas mand\u00f3 a una comisi\u00f3n a buscar municiones a la vecina Rep\u00fablica de Hait\u00ed; design\u00f3 al general Jos\u00e9 Cabrera para que se trasladara a San Jos\u00e9 de las Matas a ayudar al general Bartolo Mej\u00eda a reunir a la gente de la com\u00fan y nombr\u00f3 al general Gregorio Luper\u00f3n, jefe de las fuerzas que atacaban con cierta frecuencia a las tropas espa\u00f1olas  concentradas en el Fuerte o Fortaleza San Luis.<\/p>\n<\/p>\n<p>    El General Benito Monci\u00f3n fue nombrado jefe de El Castillo, donde los restauradores colocaron dos piezas de artiller\u00eda tra\u00eddas de Moca.<\/p>\n<\/p>\n<p>    Asimismo, entre otras designaciones el general Jos\u00e9 Antonio Salcedo, fue encargado de recorrer las secciones de La Com\u00fan de Santiago, en solicitud de ganado y provisiones  para el sustento de las tropas restauradoras.<\/p>\n<\/p>\n<p>    En el \u00abManual de Historia Militar Dominicana\u00bb, se indica que en la toma de El Castillo,  \u00bb hubo cinco bajas por los dominicanos, cuatro muertos y un herido; y por los espa\u00f1oles hubo cuantiosas bajas y 4 prisioneros\u00bb.<\/p>\n<\/p>\n<p>    El mismo d\u00eda 1 de septiembre de 1863, el General Manuel Dur\u00e1n proclam\u00f3 la Restauraci\u00f3n en Jarabacoa, y el comandante Juan Nouesit march\u00f3 sobre Puerto Plata.<\/p>\n<\/p>\n<p>   En ese momento ya el general Gregorio Lora  ten\u00eda la direcci\u00f3n del movimiento restaurador en Puerto Plata.<\/p>\n<\/p>\n<p>   A su vez en La Vega, el mando pas\u00f3 al control de los coroneles Miguel Abreu y Dionisio  Troncoso, lo que permiti\u00f3 interrumpir la comunicaci\u00f3n del Ej\u00e9rcito Anexionista entre Santiago y Santo Domingo.<\/p>\n<\/p>\n<p>   En San Francisco de Macor\u00eds, tomaron la ciudad las fuerzas de los comandantes  Cayetano de la Cruz, Manuel Mar\u00eda Castillo y Olegario Tenares.<\/p>\n<\/p>\n<p>   En Cotu\u00ed, los dominicanos que tomaron la comunidad eran comandados por los coroneles Basilio Gavil\u00e1n y Esteban Adames; en Yamas\u00e1, por el coronel Eusebio Manzueta, y en Moca, por el coronel Santiago Sosa  y de los comandantes  Pedro y Juan de Jes\u00fas Salcedo.<\/p>\n<\/p>\n<p>   En Puerto Plata,  al enterarse el general  Juan Suero y el Coronel Manuel Cappa, de los acontecimientos de Santiago, donde los espa\u00f1oles fueron derrotados, decidieron organizar una columna compuesta de mil 800 hombres para ir en auxilio de las tropas espa\u00f1olas que se encontraban sitiada en el Fuerte de San Luis.<\/p>\n<\/p>\n<p>    Sin embargo, no lograron su objetivo, porque al llegar  a Hojas Anchas, cerca de Bajabonico, el 1 de septiembre de 1863, \u00abun pu\u00f1ado de patriotas al mando de Juan Nouesit, estableci\u00f3 una emboscada que caus\u00f3 grandes bajas en el enemigo, oblig\u00e1ndolo a replegarse a Puerto Plata\u00bb.<\/p>\n<\/p>\n<p>   El informe militar precisa que al terminar el combate, el Coronel Juan Nouesit (Lafit)  dispuso que la zona de Las Hojas Anchas, quedara al mando del teniente Juan Bautista Laour.<\/p>\n<\/p>\n<p>   Luego Nouesit viaj\u00f3 a la ciudad de Santiago, en busca de municiones.<\/p>\n<h6> 2020-09-01 00:54:11 <\/h6>\n<p><!--\n<link rel=\"stylesheet\" href=\"css\/bootstrap.min.css\">\n\n\n<ul class=\"pagination\">\n\t    \n\t\n\n<li >\n\t<a href='?page_no=262'>Previous<\/a>\n\t<\/li>\n\n\n       \n    \n\n<li><a href='?page_no=1'>1<\/a><\/li>\n\n\n\n<li><a href='?page_no=2'>2<\/a><\/li>\n\n\n\n<li><a>...<\/a><\/li>\n\n\n\n<li><a href='?page_no=261'>261<\/a><\/li>\n\n\n\n<li><a href='?page_no=262'>262<\/a><\/li>\n\n\n\n<li class='active'><a>263<\/a><\/li>\n\n\n\n<li><a href='?page_no=264'>264<\/a><\/li>\n\n\n\n<li><a href='?page_no=265'>265<\/a><\/li>\n\n\n\n<li><a>...<\/a><\/li>\n\n\n\n<li><a href='?page_no=22911'>22911<\/a><\/li>\n\n\n\n<li><a href='?page_no=22912'>22912<\/a><\/li>\n\n    \n\t\n\n<li >\n\t<a href='?page_no=264'>Next<\/a>\n\t<\/li>\n\n\n    \n\n<li><a href='?page_no=22912'>Last &rsaquo;&rsaquo;<\/a><\/li>\n\n<\/ul>\n\n\n--><br \/>\n<\/body><\/p>\n","protected":false},"excerpt":{"rendered":"<p>Diariodominicano.com Restauradores debilitan el Ej\u00e9rcito espa\u00f1ol; forman junta de guerra bajo el mando de Gaspar Polanco SANTIAGO, el 1 de septiembre de 1863, durante la Guerra de la Restauraci\u00f3n, fuerzas dominicanas comandadas por el coronel Jos\u00e9 Antonio -Pepillo- Salcedo, atacaron la guarnici\u00f3n espa\u00f1ola acantonada en El Castillo, Santiago. El coronel Pepillo Salcedo inici\u00f3 el ataque [&hellip;]<\/p>\n","protected":false},"author":3,"featured_media":0,"comment_status":"open","ping_status":"open","sticky":false,"template":"","format":"standard","meta":{"footnotes":""},"categories":[21],"tags":[],"class_list":["post-50051","post","type-post","status-publish","format-standard","hentry","category-cultura"],"_links":{"self":[{"href":"https:\/\/diariodominicano.com\/index.php?rest_route=\/wp\/v2\/posts\/50051","targetHints":{"allow":["GET"]}}],"collection":[{"href":"https:\/\/diariodominicano.com\/index.php?rest_route=\/wp\/v2\/posts"}],"about":[{"href":"https:\/\/diariodominicano.com\/index.php?rest_route=\/wp\/v2\/types\/post"}],"author":[{"embeddable":true,"href":"https:\/\/diariodominicano.com\/index.php?rest_route=\/wp\/v2\/users\/3"}],"replies":[{"embeddable":true,"href":"https:\/\/diariodominicano.com\/index.php?rest_route=%2Fwp%2Fv2%2Fcomments&post=50051"}],"version-history":[{"count":0,"href":"https:\/\/diariodominicano.com\/index.php?rest_route=\/wp\/v2\/posts\/50051\/revisions"}],"wp:attachment":[{"href":"https:\/\/diariodominicano.com\/index.php?rest_route=%2Fwp%2Fv2%2Fmedia&parent=50051"}],"wp:term":[{"taxonomy":"category","embeddable":true,"href":"https:\/\/diariodominicano.com\/index.php?rest_route=%2Fwp%2Fv2%2Fcategories&post=50051"},{"taxonomy":"post_tag","embeddable":true,"href":"https:\/\/diariodominicano.com\/index.php?rest_route=%2Fwp%2Fv2%2Ftags&post=50051"}],"curies":[{"name":"wp","href":"https:\/\/api.w.org\/{rel}","templated":true}]}}