{"id":500486,"date":"2024-01-13T22:20:15","date_gmt":"2024-01-14T02:20:15","guid":{"rendered":"https:\/\/diariodominicano.com\/?p=500486"},"modified":"2024-01-13T22:32:20","modified_gmt":"2024-01-14T02:32:20","slug":"abinader-da-marcha-atras-otra-vez-tras-presentar-proyecto-sin-sentido-de-racionalidad-asegura-leonel","status":"publish","type":"post","link":"https:\/\/diariodominicano.com\/?p=500486","title":{"rendered":"Abinader da marcha atr\u00e1s otra vez, tras presentar proyecto sin \u201csentido de racionalidad\u201d, asegura Leonel (+ fotos)"},"content":{"rendered":"\n<p>Leonel Fern\u00e1ndez encabez\u00f3 acto de presentaci\u00f3n de candidatos municipales en Constanza, Jarabacoa y La Vega<\/p>\n\n\n\n<figure class=\"wp-block-image size-large\"><img loading=\"lazy\" decoding=\"async\" width=\"1024\" height=\"768\" src=\"https:\/\/diariodominicano.com\/wp-content\/uploads\/2024\/01\/IMG-20240112-WA0205-1024x768.jpg\" alt=\"\" class=\"wp-image-500489\" srcset=\"https:\/\/diariodominicano.com\/wp-content\/uploads\/2024\/01\/IMG-20240112-WA0205-1024x768.jpg 1024w, https:\/\/diariodominicano.com\/wp-content\/uploads\/2024\/01\/IMG-20240112-WA0205-300x225.jpg 300w, https:\/\/diariodominicano.com\/wp-content\/uploads\/2024\/01\/IMG-20240112-WA0205-768x576.jpg 768w, https:\/\/diariodominicano.com\/wp-content\/uploads\/2024\/01\/IMG-20240112-WA0205-1536x1152.jpg 1536w, https:\/\/diariodominicano.com\/wp-content\/uploads\/2024\/01\/IMG-20240112-WA0205-816x612.jpg 816w, https:\/\/diariodominicano.com\/wp-content\/uploads\/2024\/01\/IMG-20240112-WA0205.jpg 1600w\" sizes=\"auto, (max-width: 1024px) 100vw, 1024px\" \/><\/figure>\n\n\n\n<p>Constanza, La Vega, 12 de enero de 2024.- El candidato presidencial del partido Fuerza del Pueblo (FP), Leonel Fern\u00e1ndez, afirm\u00f3 el viernes  que el gobierno de Abinader decidi\u00f3 retirar el proyecto de ley \u201cTasa Cero\u201d para importaciones de productos alimenticios terminados, en detrimento de los productores agropecuarios nacionales impulsado por los reclamos realizados por la Fuerza del Pueblo y organizaciones de productores agropecuarios.\u00a0<\/p>\n\n\n\n<p>En el acto de presentaci\u00f3n de los candidatos de distritos municipales de Tireo, Fern\u00e1ndez dijo que el gobierno de Luis Abinader intent\u00f3 ahora, por la v\u00eda del Congreso Nacional, poner en marcha un proyecto similar al del pasado a\u00f1o, el cual represent\u00f3 un duro golpe para los productores nacionales, haciendo quebrar sus peque\u00f1as granjas av\u00edcolas y porcinas. \u00abAhora quer\u00edan hacer lo mismo, privilegiar a productores extranjeros comprando sus productos y llevando a la quiebra a los productores locales\u00bb, especific\u00f3 el l\u00edder pol\u00edtico.<\/p>\n\n\n\n<figure class=\"wp-block-image size-large\"><img loading=\"lazy\" decoding=\"async\" width=\"1024\" height=\"684\" src=\"https:\/\/diariodominicano.com\/wp-content\/uploads\/2024\/01\/IMG-20240112-WA0202-1024x684.jpg\" alt=\"\" class=\"wp-image-500492\" srcset=\"https:\/\/diariodominicano.com\/wp-content\/uploads\/2024\/01\/IMG-20240112-WA0202-1024x684.jpg 1024w, https:\/\/diariodominicano.com\/wp-content\/uploads\/2024\/01\/IMG-20240112-WA0202-300x200.jpg 300w, https:\/\/diariodominicano.com\/wp-content\/uploads\/2024\/01\/IMG-20240112-WA0202-768x513.jpg 768w, https:\/\/diariodominicano.com\/wp-content\/uploads\/2024\/01\/IMG-20240112-WA0202-1536x1025.jpg 1536w, https:\/\/diariodominicano.com\/wp-content\/uploads\/2024\/01\/IMG-20240112-WA0202-816x545.jpg 816w, https:\/\/diariodominicano.com\/wp-content\/uploads\/2024\/01\/IMG-20240112-WA0202.jpg 1600w\" sizes=\"auto, (max-width: 1024px) 100vw, 1024px\" \/><\/figure>\n\n\n\n<figure class=\"wp-block-image size-large\"><img loading=\"lazy\" decoding=\"async\" width=\"1024\" height=\"684\" src=\"https:\/\/diariodominicano.com\/wp-content\/uploads\/2024\/01\/IMG-20240112-WA0203-1024x684.jpg\" alt=\"\" class=\"wp-image-500494\" srcset=\"https:\/\/diariodominicano.com\/wp-content\/uploads\/2024\/01\/IMG-20240112-WA0203-1024x684.jpg 1024w, https:\/\/diariodominicano.com\/wp-content\/uploads\/2024\/01\/IMG-20240112-WA0203-300x200.jpg 300w, https:\/\/diariodominicano.com\/wp-content\/uploads\/2024\/01\/IMG-20240112-WA0203-768x513.jpg 768w, https:\/\/diariodominicano.com\/wp-content\/uploads\/2024\/01\/IMG-20240112-WA0203-1536x1025.jpg 1536w, https:\/\/diariodominicano.com\/wp-content\/uploads\/2024\/01\/IMG-20240112-WA0203-816x545.jpg 816w, https:\/\/diariodominicano.com\/wp-content\/uploads\/2024\/01\/IMG-20240112-WA0203.jpg 1600w\" sizes=\"auto, (max-width: 1024px) 100vw, 1024px\" \/><\/figure>\n\n\n\n<p>\u201cLos primeros en oponerse a este proyecto de ley, \u201cTasa Cero\u201d, fuimos nosotros, en la Fuerza del Pueblo, entendiendo que esta acci\u00f3n perjudicar\u00eda grandemente nuestros productores\u201d, precis\u00f3 el candidato presidencial opositor.&nbsp;<\/p>\n\n\n\n<p>\u201cCuando se someti\u00f3 el proyecto de ley de Tasa Cero, nosotros dijimos que este gobierno hab\u00eda perdido todo el sentido de&nbsp; racionalidad\u201d, sigui\u00f3 exponiendo Fern\u00e1ndez.<\/p>\n\n\n\n<p>El l\u00edder de la oposici\u00f3n pol\u00edtica critic\u00f3 adem\u00e1s las desproporcionadas importaciones de ajo, papa y cebolla, en detrimento de los productores de Constanza, y las zonas aleda\u00f1as. Asegur\u00f3 que estas duplican la producci\u00f3n local y, advierte al gobierno que esto no va a tolerar el pueblo, acompa\u00f1ado del partido que encabeza.&nbsp;<\/p>\n\n\n\n<figure class=\"wp-block-image size-large\"><img loading=\"lazy\" decoding=\"async\" width=\"1024\" height=\"683\" src=\"https:\/\/diariodominicano.com\/wp-content\/uploads\/2024\/01\/IMG-20240112-WA0199-1-1024x683.jpg\" alt=\"\" class=\"wp-image-500495\" srcset=\"https:\/\/diariodominicano.com\/wp-content\/uploads\/2024\/01\/IMG-20240112-WA0199-1-1024x683.jpg 1024w, https:\/\/diariodominicano.com\/wp-content\/uploads\/2024\/01\/IMG-20240112-WA0199-1-300x200.jpg 300w, https:\/\/diariodominicano.com\/wp-content\/uploads\/2024\/01\/IMG-20240112-WA0199-1-768x512.jpg 768w, https:\/\/diariodominicano.com\/wp-content\/uploads\/2024\/01\/IMG-20240112-WA0199-1-1536x1025.jpg 1536w, https:\/\/diariodominicano.com\/wp-content\/uploads\/2024\/01\/IMG-20240112-WA0199-1-2048x1367.jpg 2048w, https:\/\/diariodominicano.com\/wp-content\/uploads\/2024\/01\/IMG-20240112-WA0199-1-816x545.jpg 816w\" sizes=\"auto, (max-width: 1024px) 100vw, 1024px\" \/><\/figure>\n\n\n\n<p>Recorrido<\/p>\n\n\n\n<p>Fern\u00e1ndez inici\u00f3 el viernes los actos de presentaci\u00f3n de los candidatos a directores de las diferentes jurisdicciones pol\u00edticas, en el distrito municipal de Tireo al Medio, del municipio de Constanza.<\/p>\n\n\n\n<p>Paul Am\u00edn Pi\u00f1a B\u00e1ez es el candidato de la Fuerza del Pueblo en este distrito municipal, ingeniero agr\u00f3nomo que goza de gran simpat\u00eda en la poblaci\u00f3n y que, consolida sus aspiraciones al recibir el apoyo de<\/p>\n\n\n\n<p>decenas de dirigentes del gobernante PRM y otras entidades pol\u00edticas.&nbsp;<\/p>\n\n\n\n<p>En tanto que, el candidato a director, en el distrito municipal de Sabina es Emilio Corcino, el candidato a la alcald\u00eda por el municipio de Constanza es Crescencio Feliz (Ni\u00f1o Culata) y, en Jarabacoa corresponde la candidatura a la profesora Norma Rosado.<\/p>\n\n\n\n<p>Secretar\u00eda de Comunicaciones<\/p>\n\n\n\n<p>Fuerza del Pueblo<\/p>\n","protected":false},"excerpt":{"rendered":"<p>Leonel Fern\u00e1ndez encabez\u00f3 acto de presentaci\u00f3n de candidatos municipales en Constanza, Jarabacoa y La Vega Constanza, La Vega, 12 de enero de 2024.- El candidato presidencial del partido Fuerza del Pueblo (FP), Leonel Fern\u00e1ndez, afirm\u00f3 el viernes que el gobierno de Abinader decidi\u00f3 retirar el proyecto de ley \u201cTasa Cero\u201d para importaciones de productos alimenticios [&hellip;]<\/p>\n","protected":false},"author":28,"featured_media":500487,"comment_status":"closed","ping_status":"","sticky":true,"template":"","format":"standard","meta":{"footnotes":""},"categories":[22,27],"tags":[],"class_list":["post-500486","post","type-post","status-publish","format-standard","has-post-thumbnail","hentry","category-politica","category-portada"],"_links":{"self":[{"href":"https:\/\/diariodominicano.com\/index.php?rest_route=\/wp\/v2\/posts\/500486","targetHints":{"allow":["GET"]}}],"collection":[{"href":"https:\/\/diariodominicano.com\/index.php?rest_route=\/wp\/v2\/posts"}],"about":[{"href":"https:\/\/diariodominicano.com\/index.php?rest_route=\/wp\/v2\/types\/post"}],"author":[{"embeddable":true,"href":"https:\/\/diariodominicano.com\/index.php?rest_route=\/wp\/v2\/users\/28"}],"replies":[{"embeddable":true,"href":"https:\/\/diariodominicano.com\/index.php?rest_route=%2Fwp%2Fv2%2Fcomments&post=500486"}],"version-history":[{"count":6,"href":"https:\/\/diariodominicano.com\/index.php?rest_route=\/wp\/v2\/posts\/500486\/revisions"}],"predecessor-version":[{"id":500497,"href":"https:\/\/diariodominicano.com\/index.php?rest_route=\/wp\/v2\/posts\/500486\/revisions\/500497"}],"wp:featuredmedia":[{"embeddable":true,"href":"https:\/\/diariodominicano.com\/index.php?rest_route=\/wp\/v2\/media\/500487"}],"wp:attachment":[{"href":"https:\/\/diariodominicano.com\/index.php?rest_route=%2Fwp%2Fv2%2Fmedia&parent=500486"}],"wp:term":[{"taxonomy":"category","embeddable":true,"href":"https:\/\/diariodominicano.com\/index.php?rest_route=%2Fwp%2Fv2%2Fcategories&post=500486"},{"taxonomy":"post_tag","embeddable":true,"href":"https:\/\/diariodominicano.com\/index.php?rest_route=%2Fwp%2Fv2%2Ftags&post=500486"}],"curies":[{"name":"wp","href":"https:\/\/api.w.org\/{rel}","templated":true}]}}