{"id":500465,"date":"2024-01-13T20:10:57","date_gmt":"2024-01-14T00:10:57","guid":{"rendered":"https:\/\/diariodominicano.com\/?p=500465"},"modified":"2024-01-13T20:10:57","modified_gmt":"2024-01-14T00:10:57","slug":"las-proyecciones-economicas-para-los-anos-que-vienen-no-son-nada-halaguenas","status":"publish","type":"post","link":"https:\/\/diariodominicano.com\/?p=500465","title":{"rendered":"Las proyecciones econ\u00f3micas para los a\u00f1os que vienen no son nada halag\u00fce\u00f1as"},"content":{"rendered":"\n<p>Entre 2014 y 2023 en Am\u00e9rica Latina y el Caribe se ha vivido otra d\u00e9cada perdida, destaca Tem\u00edstocles Mont\u00e1s, vicepresidente del PLD <\/p>\n\n\n\n<p>La volatilidad de los precios de las materias primas y el pobre desempe\u00f1o del comercio mundial atenta contra las econom\u00edas de la regi\u00f3n,&nbsp;&nbsp;advirti\u00f3 Tem\u00edstocles Mont\u00e1s, vicepresidente del Partido de la Liberaci\u00f3n Dominicana (PLD), tras afirmar que entre 2014 y 2023 en Am\u00e9rica Latina y el Caribe se ha vivido otra d\u00e9cada perdida.<\/p>\n\n\n\n<p>Mont\u00e1s hace alusi\u00f3n a la d\u00e9cada de los 80 del siglo pasado, que se describi\u00f3 como d\u00e9cada perdida, termino que se populariz\u00f3, describiendo el estancamiento econ\u00f3mico y social que afect\u00f3 a la regi\u00f3n, dejando un impacto duradero en la historia y desarrollo de la mayor\u00eda de los pa\u00edses.<\/p>\n\n\n\n<p>\u201cEsa crisis, considerada como la m\u00e1s seria en la historia de Am\u00e9rica Latina, condujo a la implementaci\u00f3n de pol\u00edticas de ajuste estructural impuestas por el Fondo Monetario Internacional y el Banco Mundial, con el prop\u00f3sito de estabilizar las econom\u00edas y garantizar el pago de la deuda. Las consecuencias de esas pol\u00edticas fueron desastrosas para la mayor\u00eda de la poblaci\u00f3n\u201d, dice&nbsp;&nbsp;Tem\u00edstocles Mont\u00e1s en el art\u00edculo titulado D\u00e9cada perdida, versi\u00f3n 2.0, publicado en el peri\u00f3dico Hoy y en Vanguardia del Pueblo.<\/p>\n\n\n\n<p>Explica que en el caso de Rep\u00fablica Dominicana la d\u00e9cada perdida se expres\u00f3 en un bajo crecimiento de la econom\u00eda, apenas 2.4%, lo que signific\u00f3 crecimiento cero, dado que el crecimiento promedio de la poblaci\u00f3n fue 2.4%. Por esa raz\u00f3n, la producci\u00f3n de bienes y servicios del pa\u00eds en 1990 fue pr\u00e1cticamente inferior a la de 1981. En 1980, la deuda del sector p\u00fablico no financiero represent\u00f3 el 14.9% del PIB; para 1990 se hab\u00eda encaramado al 83.7% del PIB. Esa situaci\u00f3n forz\u00f3 a la adopci\u00f3n de una serie de medidas, incluida la renegociaci\u00f3n de la deuda externa. \u201cEn t\u00e9rminos sociales, todo se deterior\u00f3 y la pobreza lleg\u00f3 a niveles nunca vistos\u201d, apunt\u00f3.<\/p>\n\n\n\n<p>Explica el ex Ministro de Econom\u00eda que en la actualidad \u201cla regi\u00f3n latinoamericana mostr\u00f3 un desempe\u00f1o inferior al de los a\u00f1os ochenta en t\u00e9rminos de crecimiento: apenas 1%, peor que 1.5% de los a\u00f1os 80s. Esto, explicado por el pobre desempe\u00f1o de Argentina, que durante esos a\u00f1os tuvo un crecimiento negativo (-0.04%); de Brasil, -0.6%; Ecuador, con -0.7%; Jamaica, -0.8%; y Venezuela, -10.7%. Tambi\u00e9n, M\u00e9xico, con -1.5%; Chile, -1.9%; y Uruguay, -1.3 por ciento\u201d.<\/p>\n\n\n\n<p>Lo descrito lleva al economista y dirigente pol\u00edtico a afirmar que la situaci\u00f3n en la regi\u00f3n sigue siendo preocupante y que las proyecciones econ\u00f3micas para los a\u00f1os que vienen en la regi\u00f3n son nada halag\u00fce\u00f1as.<\/p>\n\n\n\n<p><strong>SECRETARIA COMUNICACIONES<\/strong><\/p>\n","protected":false},"excerpt":{"rendered":"<p>Entre 2014 y 2023 en Am\u00e9rica Latina y el Caribe se ha vivido otra d\u00e9cada perdida, destaca Tem\u00edstocles Mont\u00e1s, vicepresidente del PLD La volatilidad de los precios de las materias primas y el pobre desempe\u00f1o del comercio mundial atenta contra las econom\u00edas de la regi\u00f3n,&nbsp;&nbsp;advirti\u00f3 Tem\u00edstocles Mont\u00e1s, vicepresidente del Partido de la Liberaci\u00f3n Dominicana (PLD), [&hellip;]<\/p>\n","protected":false},"author":7,"featured_media":500476,"comment_status":"closed","ping_status":"","sticky":true,"template":"","format":"standard","meta":{"footnotes":""},"categories":[22,27],"tags":[],"class_list":["post-500465","post","type-post","status-publish","format-standard","has-post-thumbnail","hentry","category-politica","category-portada"],"_links":{"self":[{"href":"https:\/\/diariodominicano.com\/index.php?rest_route=\/wp\/v2\/posts\/500465","targetHints":{"allow":["GET"]}}],"collection":[{"href":"https:\/\/diariodominicano.com\/index.php?rest_route=\/wp\/v2\/posts"}],"about":[{"href":"https:\/\/diariodominicano.com\/index.php?rest_route=\/wp\/v2\/types\/post"}],"author":[{"embeddable":true,"href":"https:\/\/diariodominicano.com\/index.php?rest_route=\/wp\/v2\/users\/7"}],"replies":[{"embeddable":true,"href":"https:\/\/diariodominicano.com\/index.php?rest_route=%2Fwp%2Fv2%2Fcomments&post=500465"}],"version-history":[{"count":1,"href":"https:\/\/diariodominicano.com\/index.php?rest_route=\/wp\/v2\/posts\/500465\/revisions"}],"predecessor-version":[{"id":500479,"href":"https:\/\/diariodominicano.com\/index.php?rest_route=\/wp\/v2\/posts\/500465\/revisions\/500479"}],"wp:featuredmedia":[{"embeddable":true,"href":"https:\/\/diariodominicano.com\/index.php?rest_route=\/wp\/v2\/media\/500476"}],"wp:attachment":[{"href":"https:\/\/diariodominicano.com\/index.php?rest_route=%2Fwp%2Fv2%2Fmedia&parent=500465"}],"wp:term":[{"taxonomy":"category","embeddable":true,"href":"https:\/\/diariodominicano.com\/index.php?rest_route=%2Fwp%2Fv2%2Fcategories&post=500465"},{"taxonomy":"post_tag","embeddable":true,"href":"https:\/\/diariodominicano.com\/index.php?rest_route=%2Fwp%2Fv2%2Ftags&post=500465"}],"curies":[{"name":"wp","href":"https:\/\/api.w.org\/{rel}","templated":true}]}}