{"id":500455,"date":"2024-01-13T10:32:09","date_gmt":"2024-01-13T14:32:09","guid":{"rendered":"https:\/\/diariodominicano.com\/?p=500455"},"modified":"2024-01-13T10:35:26","modified_gmt":"2024-01-13T14:35:26","slug":"miguel-vargas-el-granero-del-sur-se-ha-convertido-en-el-cementerio-del-sur","status":"publish","type":"post","link":"https:\/\/diariodominicano.com\/?p=500455","title":{"rendered":"Miguel Vargas: \u201cEl granero del sur se ha convertido en el cementerio del sur\u00bb"},"content":{"rendered":"\n<p>Miguel Vargas en el acto de proclamaci\u00f3n de los candidatos provinciales y municipales de la Alianza Opositora Rescate RD.<\/p>\n\n\n\n<figure class=\"wp-block-image size-large\"><img loading=\"lazy\" decoding=\"async\" width=\"1024\" height=\"682\" src=\"https:\/\/diariodominicano.com\/wp-content\/uploads\/2024\/01\/PHOTO-2024-01-12-20-30-15_1-1024x682.jpg\" alt=\"\" class=\"wp-image-500459\" srcset=\"https:\/\/diariodominicano.com\/wp-content\/uploads\/2024\/01\/PHOTO-2024-01-12-20-30-15_1-1024x682.jpg 1024w, https:\/\/diariodominicano.com\/wp-content\/uploads\/2024\/01\/PHOTO-2024-01-12-20-30-15_1-300x200.jpg 300w, https:\/\/diariodominicano.com\/wp-content\/uploads\/2024\/01\/PHOTO-2024-01-12-20-30-15_1-768x511.jpg 768w, https:\/\/diariodominicano.com\/wp-content\/uploads\/2024\/01\/PHOTO-2024-01-12-20-30-15_1-816x543.jpg 816w, https:\/\/diariodominicano.com\/wp-content\/uploads\/2024\/01\/PHOTO-2024-01-12-20-30-15_1.jpg 1280w\" sizes=\"auto, (max-width: 1024px) 100vw, 1024px\" \/><\/figure>\n\n\n\n<p><strong><br><br>San Juan, RD.-<\/strong>\u00a0El candidato presidencial del Partido Revolucionario Dominicano (PRD), Miguel Vargas Maldonado, afirm\u00f3 este viernes que la provincia San Juan, conocida como el granero del sur, ha sido convertida en un cementerio de hombres vivos por el actual Gobierno.<br><br>El tambi\u00e9n presidente del PRD se expres\u00f3 en esos t\u00e9rminos durante el acto de proclamaci\u00f3n de los candidatos provinciales y municipales de la Alianza Opositora Rescate RD, que incluyen a F\u00e9lix Bautista (FP), quien busca repetir como senador; Len\u00edn de la Rosa (PLD), candidato a alcalde del municipio cabecera, y V\u00edctor Benz\u00e1n (PRD), candidato a alcalde de Hato del Padre.<br><br>\u201cEste Gobierno ha convertido a San Juan en el cementerio del sur, un cementerio de hombres vivos, que son sus productores\u201d, expres\u00f3 el candidato presidencial del PRD y vocero de la Alianza Opositora Rescate RD.<br><br>Vargas Maldonado indic\u00f3 que el sector agropecuario ha colapsado en esta gesti\u00f3n de Gobierno que ha privilegiado la importaci\u00f3n de productos, en detrimento de los productores nacionales, entre los que destacan los de la provincia San Juan.<br><br>Para afrontar esa crisis que experimenta el sector agropecuario, expres\u00f3 que se necesita de una pol\u00edtica distinta, con un presidente distinto, que sin lugar a dudas saldr\u00e1 de la Alianza Rescate RD.<br><br>En ese sentido, se comprometi\u00f3 a ejecutar un pacto con los productores para desarrollar un plan nacional de desarrollo agropecuario en beneficio del pa\u00eds, priorizando la producci\u00f3n nacional sobre la importaci\u00f3n, para beneficio de productores y consumidores.<br><br>Explic\u00f3 que el colapso actual se debe a que el gobierno es incumplidor, porque mantiene deudas con deuda con los productores de cebollas, de habichuelas y due\u00f1os de maquinarias agr\u00edcolas; que ha sido incapaz, porque las plagas afectan a los cultivos por falta de atenci\u00f3n y por la cancelaci\u00f3n de t\u00e9cnicos. Puso como ejemplo el trips en la cosecha de las habichuelas de San Juan, que afecta m\u00e1s del 60% de la producci\u00f3n.<br><br>Asimismo, Vargas Maldonado acus\u00f3 al Gobierno de Luis Abinader de ser indolente, porque las lluvias afectan los cultivos, pero las promesas de ayuda de la administraci\u00f3n no se cumplen y en vez de ayudar emprenden cobros compulsivos contra los productores afectados.<br><br>\u201cY lo que es peor es que mientras los productores pasan estas calamidades, se privilegian las importaciones con permisos de tasa cero y financiamiento en la banca oficial. Todo ello en detrimento del productor y el consumidor que cada d\u00eda paga los alimentos m\u00e1s caros\u201d, expres\u00f3.<\/p>\n\n\n\n<p>Alexis Roa<\/p>\n\n\n\n<p><a target=\"_blank\" href=\"mailto:alexisrpdncd1@gmail.com\" rel=\"noreferrer noopener\">alexisrpdncd1@gmail.com<\/a><\/p>\n\n\n\n<p><br><br><a href=\"https:\/\/we.tl\/t-gRosbihMh1?utm_campaign=TRN_TDL_05&amp;utm_source=sendgrid&amp;utm_medium=email&amp;trk=TRN_TDL_05\" target=\"_blank\" rel=\"noreferrer noopener\">https:\/\/we.tl\/t-gRosbihMh1?utm_campaign=TRN_TDL_05&amp;utm_source=sendgrid&amp;utm_medium=email&amp;trk=TRN_TDL_05<\/a><br><br><br><\/p>\n","protected":false},"excerpt":{"rendered":"<p>Miguel Vargas en el acto de proclamaci\u00f3n de los candidatos provinciales y municipales de la Alianza Opositora Rescate RD. San Juan, RD.-\u00a0El candidato presidencial del Partido Revolucionario Dominicano (PRD), Miguel Vargas Maldonado, afirm\u00f3 este viernes que la provincia San Juan, conocida como el granero del sur, ha sido convertida en un cementerio de hombres vivos [&hellip;]<\/p>\n","protected":false},"author":28,"featured_media":500456,"comment_status":"closed","ping_status":"","sticky":true,"template":"","format":"standard","meta":{"footnotes":""},"categories":[22,27],"tags":[],"class_list":["post-500455","post","type-post","status-publish","format-standard","has-post-thumbnail","hentry","category-politica","category-portada"],"_links":{"self":[{"href":"https:\/\/diariodominicano.com\/index.php?rest_route=\/wp\/v2\/posts\/500455","targetHints":{"allow":["GET"]}}],"collection":[{"href":"https:\/\/diariodominicano.com\/index.php?rest_route=\/wp\/v2\/posts"}],"about":[{"href":"https:\/\/diariodominicano.com\/index.php?rest_route=\/wp\/v2\/types\/post"}],"author":[{"embeddable":true,"href":"https:\/\/diariodominicano.com\/index.php?rest_route=\/wp\/v2\/users\/28"}],"replies":[{"embeddable":true,"href":"https:\/\/diariodominicano.com\/index.php?rest_route=%2Fwp%2Fv2%2Fcomments&post=500455"}],"version-history":[{"count":4,"href":"https:\/\/diariodominicano.com\/index.php?rest_route=\/wp\/v2\/posts\/500455\/revisions"}],"predecessor-version":[{"id":500461,"href":"https:\/\/diariodominicano.com\/index.php?rest_route=\/wp\/v2\/posts\/500455\/revisions\/500461"}],"wp:featuredmedia":[{"embeddable":true,"href":"https:\/\/diariodominicano.com\/index.php?rest_route=\/wp\/v2\/media\/500456"}],"wp:attachment":[{"href":"https:\/\/diariodominicano.com\/index.php?rest_route=%2Fwp%2Fv2%2Fmedia&parent=500455"}],"wp:term":[{"taxonomy":"category","embeddable":true,"href":"https:\/\/diariodominicano.com\/index.php?rest_route=%2Fwp%2Fv2%2Fcategories&post=500455"},{"taxonomy":"post_tag","embeddable":true,"href":"https:\/\/diariodominicano.com\/index.php?rest_route=%2Fwp%2Fv2%2Ftags&post=500455"}],"curies":[{"name":"wp","href":"https:\/\/api.w.org\/{rel}","templated":true}]}}