{"id":500410,"date":"2024-01-13T09:08:28","date_gmt":"2024-01-13T13:08:28","guid":{"rendered":"https:\/\/diariodominicano.com\/?p=500410"},"modified":"2024-01-13T09:08:28","modified_gmt":"2024-01-13T13:08:28","slug":"abel-este-sabado-en-santiago-y-el-domingo-en-provincia-maria-sanchez","status":"publish","type":"post","link":"https:\/\/diariodominicano.com\/?p=500410","title":{"rendered":"Abel este s\u00e1bado en Santiago y el domingo en provincia Mar\u00eda S\u00e1nchez"},"content":{"rendered":"\n<p><em>Abel Mart\u00ednez va este domingo a la provincia Mar\u00eda Trinidad S\u00e1nchez en respaldo a candidatos y candidatas de sus municipios y distritos municipales. \u00a0\u00a0<\/em><\/p>\n\n\n\n<p>El domingo el candidato a la Presidencia de la Rep\u00fablica del Partido de la Liberaci\u00f3n Dominicana (PLD), Abel Mart\u00ednez, \u00a0dar\u00e1 continuidad a su programa de respaldo a candidaturas locales con un amplio programa de visitas en municipios y distritos municipales de la provincia Mar\u00eda Trinidad S\u00e1nchez.<\/p>\n\n\n\n<p>Este fin de semana el equipo de campa\u00f1a del PLD program\u00f3 adem\u00e1s de la Gran Marcha- Caravana en las tres circunscripciones de Santiago, la continuaci\u00f3n del respaldo a candidatos y candidatas en las elecciones municipales del venidero febrero.<\/p>\n\n\n\n<p>Los encuentros en la provincia Mar\u00eda Trinidad S\u00e1nchez inician a media ma\u00f1ana del domingo 14 de enero en &nbsp;&nbsp;R\u00edo San Juan, visitando la candidata a Vicealcaldesa, &nbsp;Facunda V\u00e1squez, luego a&nbsp; la candidata a Vicealcaldesa Raquel de la Cruz por Cabrera para pasar a un encuentro con&nbsp; &nbsp;Henry Veras, &nbsp;&nbsp;candidato alcalde distrital de La Entrada.<\/p>\n\n\n\n<p>En el programa de visita y respaldo de Abel Mart\u00ednez a candidatos y candidatas en la provincia Mar\u00eda Trinidad S\u00e1nchez se incluye la visita a Jos\u00e9 An\u00edbal Balbuena, candidato distrital de Arroyo Salado y a Julio C\u00e9sar de la Cruz , alcalde distrital y candidato a alcalde distrital de Las Gordas.<\/p>\n\n\n\n<p>El programa de visita hace una pausa al inicio de la tarde para celebrar un encuentro-almuerzo con las direcciones municipales y provincial del PLD en Nagua, municipio cabecera de la provincia Nordestana.<\/p>\n\n\n\n<p>Terminado el almuerzo en Nagua, Abel Mart\u00ednez y el equipo de campa\u00f1a sostendr\u00e1 un encuentro de respaldo a Francis Jerez, candidato alcalde de Nagua luego una visita a Junior Espinosa (Leito ) alcalde distrital y candidato alcalde distrital de Matancitas , luego a &nbsp;Cheo Paredes alcalde y candidato alcalde del municipio del Factor y finalmente la visita a Jes\u00fas Lorenzo alcalde distrital y candidato alcalde distrital de el Pozo.<\/p>\n\n\n\n<p>En la actual campa\u00f1a para las elecciones municipales, Abel Mart\u00ednez, candidato presidencial del Partido de la Liberaci\u00f3n Dominicana viene ofreciendo su respaldo y el del PLD a los candidatos locales con la realizaci\u00f3n de visitas en sus residencias, las que terminan convirti\u00e9ndose en concentraciones por la cantidad de personas que se re\u00fanen al frente de las moradas visitadas<\/p>\n\n\n\n<p><strong>SECRETAR\u00cdA DE COMUNICACIONES<\/strong><\/p>\n\n\n\n<p><strong>13 ENERO 2024<\/strong><\/p>\n","protected":false},"excerpt":{"rendered":"<p>Abel Mart\u00ednez va este domingo a la provincia Mar\u00eda Trinidad S\u00e1nchez en respaldo a candidatos y candidatas de sus municipios y distritos municipales. \u00a0\u00a0 El domingo el candidato a la Presidencia de la Rep\u00fablica del Partido de la Liberaci\u00f3n Dominicana (PLD), Abel Mart\u00ednez, \u00a0dar\u00e1 continuidad a su programa de respaldo a candidaturas locales con un [&hellip;]<\/p>\n","protected":false},"author":28,"featured_media":500411,"comment_status":"closed","ping_status":"","sticky":true,"template":"","format":"standard","meta":{"footnotes":""},"categories":[22,27],"tags":[],"class_list":["post-500410","post","type-post","status-publish","format-standard","has-post-thumbnail","hentry","category-politica","category-portada"],"_links":{"self":[{"href":"https:\/\/diariodominicano.com\/index.php?rest_route=\/wp\/v2\/posts\/500410","targetHints":{"allow":["GET"]}}],"collection":[{"href":"https:\/\/diariodominicano.com\/index.php?rest_route=\/wp\/v2\/posts"}],"about":[{"href":"https:\/\/diariodominicano.com\/index.php?rest_route=\/wp\/v2\/types\/post"}],"author":[{"embeddable":true,"href":"https:\/\/diariodominicano.com\/index.php?rest_route=\/wp\/v2\/users\/28"}],"replies":[{"embeddable":true,"href":"https:\/\/diariodominicano.com\/index.php?rest_route=%2Fwp%2Fv2%2Fcomments&post=500410"}],"version-history":[{"count":1,"href":"https:\/\/diariodominicano.com\/index.php?rest_route=\/wp\/v2\/posts\/500410\/revisions"}],"predecessor-version":[{"id":500412,"href":"https:\/\/diariodominicano.com\/index.php?rest_route=\/wp\/v2\/posts\/500410\/revisions\/500412"}],"wp:featuredmedia":[{"embeddable":true,"href":"https:\/\/diariodominicano.com\/index.php?rest_route=\/wp\/v2\/media\/500411"}],"wp:attachment":[{"href":"https:\/\/diariodominicano.com\/index.php?rest_route=%2Fwp%2Fv2%2Fmedia&parent=500410"}],"wp:term":[{"taxonomy":"category","embeddable":true,"href":"https:\/\/diariodominicano.com\/index.php?rest_route=%2Fwp%2Fv2%2Fcategories&post=500410"},{"taxonomy":"post_tag","embeddable":true,"href":"https:\/\/diariodominicano.com\/index.php?rest_route=%2Fwp%2Fv2%2Ftags&post=500410"}],"curies":[{"name":"wp","href":"https:\/\/api.w.org\/{rel}","templated":true}]}}